{"id":439906,"date":"2022-08-18T18:40:06","date_gmt":"2022-08-18T23:40:06","guid":{"rendered":"https:\/\/www.zunoticia.com\/noticias-de-hidalgo\/?p=439906"},"modified":"2022-08-18T18:40:08","modified_gmt":"2022-08-18T23:40:08","slug":"analizan-obispos-de-la-provincia-de-hidalgo-la-pastoral-familiar","status":"publish","type":"post","link":"https:\/\/www.zunoticia.com\/noticias-de-hidalgo\/2022\/08\/18\/analizan-obispos-de-la-provincia-de-hidalgo-la-pastoral-familiar\/","title":{"rendered":"Analizan Obispos de la Provincia de Hidalgo \u201cLa Pastoral Familiar\u201d"},"content":{"rendered":"<aside class=\"mashsb-container mashsb-main mashsb-stretched\"><div class=\"mashsb-box\"><div class=\"mashsb-count mash-large\" style=\"float:left\"><div class=\"counts mashsbcount\">24<\/div><span class=\"mashsb-sharetext\">SHARES<\/span><\/div><div class=\"mashsb-buttons\"><a class=\"mashicon-facebook mash-large mash-center mashsb-noshadow\" href=\"https:\/\/www.facebook.com\/sharer.php?u=https%3A%2F%2Fwww.zunoticia.com%2Fnoticias-de-hidalgo%2F2022%2F08%2F18%2Fanalizan-obispos-de-la-provincia-de-hidalgo-la-pastoral-familiar%2F\" target=\"_top\" rel=\"nofollow\"><span class=\"icon\"><\/span><span class=\"text\">Share<\/span><\/a><a class=\"mashicon-twitter mash-large mash-center mashsb-noshadow\" href=\"https:\/\/twitter.com\/intent\/tweet?text=&amp;url=https:\/\/www.zunoticia.com\/noticias-de-hidalgo\/2022\/08\/18\/analizan-obispos-de-la-provincia-de-hidalgo-la-pastoral-familiar\/\" target=\"_top\" rel=\"nofollow\"><span class=\"icon\"><\/span><span class=\"text\">Tweet<\/span><\/a><div class=\"onoffswitch2 mash-large mashsb-noshadow\" style=\"display:none\"><\/div><\/div>\n            <\/div>\n                <div style=\"clear:both\"><\/div><div class=\"mashsb-toggle-container\"><\/div><\/aside>\n            <!-- Share buttons by mashshare.net - Version: 4.0.47-->\n<p><em>Por Enedino Hern\u00e1ndez\/Zunoticia<\/em><\/p>\n\n\n\n<p><strong>Huejutla, Hgo.-<\/strong> Con la finalidad de analizar el tema de la \u201cPastoral Familiar\u201d, los Obispos de la Provincia Eclesi\u00e1stica de Hidalgo, procedentes de Tula, Tulancingo y Huejutla de Reyes, se reunieron durante la presente semana en Tianguistengo, as\u00ed lo confirm\u00f3 el Obispo de la Di\u00f3cesis de Huejutla, Jos\u00e9 Hir\u00e1is Acosta Beltr\u00e1n.<\/p>\n\n\n\n<p>En esta reuni\u00f3n mensual que se realiza en diversas Di\u00f3cesis, en esta ocasi\u00f3n se reunieron en Tianguistengo de la Di\u00f3cesis de Huejutla; en el lugar se cont\u00f3 con la presencia del Obispo de Tula, Juan Pedro Ju\u00e1rez Mel\u00e9ndez; de Tulancingo, Domingo D\u00edaz; y Huejutla de Reyes, Jos\u00e9 Hir\u00e1is Acosta Beltr\u00e1n.<\/p>\n\n\n\n<p>Confirm\u00f3 que junto con los Obispos se reunieron los Vicarios Generales y los Vicarios de Pastoral \u201cen esta ocasi\u00f3n se realiz\u00f3 en la Di\u00f3cesis de Huejutla en Tianguistengo en donde se analiz\u00f3 lo relacionado con el trabajo que se aplica en la Pastoral Familiar\u201d.<\/p>\n\n\n\n<p>Reconoci\u00f3 que en todo el pa\u00eds se ha estado padeciendo muchas situaciones sociales muy fuertes \u201cviolencia, delincuencia de todas formas, alcoholismo, drogadicci\u00f3n, suicidios de adolescentes, de j\u00f3venes\u2026\u201d.<\/p>\n\n\n\n<figure class=\"wp-block-image size-large\"><img fetchpriority=\"high\" decoding=\"async\" width=\"1024\" height=\"770\" src=\"https:\/\/www.zunoticia.com\/noticias-de-hidalgo\/wp-content\/uploads\/2022\/08\/eZy-Watermark-18-08-2022-06-27-12p.m.-1024x770.jpg\" alt=\"\" class=\"wp-image-439907\" srcset=\"https:\/\/www.zunoticia.com\/noticias-de-hidalgo\/wp-content\/uploads\/2022\/08\/eZy-Watermark-18-08-2022-06-27-12p.m.-1024x770.jpg 1024w, https:\/\/www.zunoticia.com\/noticias-de-hidalgo\/wp-content\/uploads\/2022\/08\/eZy-Watermark-18-08-2022-06-27-12p.m.-300x226.jpg 300w, https:\/\/www.zunoticia.com\/noticias-de-hidalgo\/wp-content\/uploads\/2022\/08\/eZy-Watermark-18-08-2022-06-27-12p.m.-768x578.jpg 768w, https:\/\/www.zunoticia.com\/noticias-de-hidalgo\/wp-content\/uploads\/2022\/08\/eZy-Watermark-18-08-2022-06-27-12p.m..jpg 1280w\" sizes=\"(max-width: 1024px) 100vw, 1024px\" \/><\/figure>\n\n\n\n<p>Consider\u00f3 que es desde la familia en donde debe de fortalecerse y aplicarse un motivo de trabajo para apuntalar la vida de los adolescentes, de los j\u00f3venes y de toda la familia, en cuanto a su formaci\u00f3n, su crecimiento y en todas las dimensiones de su vida.<\/p>\n\n\n\n<p>\u201cEs cierto que van a la Primaria, Secundaria, Preparatoria, Universidad, pero eso es una formaci\u00f3n acad\u00e9mica, y se requiere tambi\u00e9n una formaci\u00f3n en los valores, y una formaci\u00f3n espiritual tambi\u00e9n en los adolescentes y en los j\u00f3venes\u201d.<\/p>\n\n\n\n<p>Jos\u00e9 Hir\u00e1is Acosta Beltr\u00e1n, se\u00f1al\u00f3 que la familia es un factor importante para que salgamos de esta situaci\u00f3n, de este fango de violencia, de crimen y de cuestiones sociales dif\u00edciles \u201cpor ello desde la Pastoral Familiar se debe de abonar en el trabajo pastoral familiar, en todas las Parroquias de las tres Di\u00f3cesis de la Provincia Eclesi\u00e1stica de Hidalgo debemos de fortalecer el trabajo en relaci\u00f3n a la pastoral familiar\u2026\u201d.<\/p>\n","protected":false},"excerpt":{"rendered":"<p>Por Enedino Hern\u00e1ndez\/Zunoticia Huejutla, Hgo.- Con la finalidad de analizar el tema de la \u201cPastoral Familiar\u201d, los Obispos de la Provincia Eclesi\u00e1stica de Hidalgo, procedentes de Tula, Tulancingo y Huejutla de Reyes, se reunieron durante la presente semana en Tianguistengo, as\u00ed lo confirm\u00f3 el Obispo de la Di\u00f3cesis de Huejutla, Jos\u00e9 Hir\u00e1is Acosta Beltr\u00e1n. En&hellip; <a class=\"more-link\" href=\"https:\/\/www.zunoticia.com\/noticias-de-hidalgo\/2022\/08\/18\/analizan-obispos-de-la-provincia-de-hidalgo-la-pastoral-familiar\/\">Seguir leyendo <span class=\"screen-reader-text\">Analizan Obispos de la Provincia de Hidalgo \u201cLa Pastoral Familiar\u201d<\/span><\/a><\/p>\n","protected":false},"author":12,"featured_media":439908,"comment_status":"open","ping_status":"open","sticky":false,"template":"","format":"standard","meta":{"rop_custom_images_group":[],"rop_custom_messages_group":[],"rop_publish_now":"initial","rop_publish_now_accounts":{"facebook_10159540855086992_322828327761733":""},"rop_publish_now_history":[],"rop_publish_now_status":"pending","footnotes":""},"categories":[181],"tags":[121],"class_list":["post-439906","post","type-post","status-publish","format-standard","has-post-thumbnail","hentry","category-huejutla","tag-huejutla","entry"],"_links":{"self":[{"href":"https:\/\/www.zunoticia.com\/noticias-de-hidalgo\/wp-json\/wp\/v2\/posts\/439906","targetHints":{"allow":["GET"]}}],"collection":[{"href":"https:\/\/www.zunoticia.com\/noticias-de-hidalgo\/wp-json\/wp\/v2\/posts"}],"about":[{"href":"https:\/\/www.zunoticia.com\/noticias-de-hidalgo\/wp-json\/wp\/v2\/types\/post"}],"author":[{"embeddable":true,"href":"https:\/\/www.zunoticia.com\/noticias-de-hidalgo\/wp-json\/wp\/v2\/users\/12"}],"replies":[{"embeddable":true,"href":"https:\/\/www.zunoticia.com\/noticias-de-hidalgo\/wp-json\/wp\/v2\/comments?post=439906"}],"version-history":[{"count":1,"href":"https:\/\/www.zunoticia.com\/noticias-de-hidalgo\/wp-json\/wp\/v2\/posts\/439906\/revisions"}],"predecessor-version":[{"id":439927,"href":"https:\/\/www.zunoticia.com\/noticias-de-hidalgo\/wp-json\/wp\/v2\/posts\/439906\/revisions\/439927"}],"wp:featuredmedia":[{"embeddable":true,"href":"https:\/\/www.zunoticia.com\/noticias-de-hidalgo\/wp-json\/wp\/v2\/media\/439908"}],"wp:attachment":[{"href":"https:\/\/www.zunoticia.com\/noticias-de-hidalgo\/wp-json\/wp\/v2\/media?parent=439906"}],"wp:term":[{"taxonomy":"category","embeddable":true,"href":"https:\/\/www.zunoticia.com\/noticias-de-hidalgo\/wp-json\/wp\/v2\/categories?post=439906"},{"taxonomy":"post_tag","embeddable":true,"href":"https:\/\/www.zunoticia.com\/noticias-de-hidalgo\/wp-json\/wp\/v2\/tags?post=439906"}],"curies":[{"name":"wp","href":"https:\/\/api.w.org\/{rel}","templated":true}]}}