{"id":439933,"date":"2022-08-18T19:27:03","date_gmt":"2022-08-19T00:27:03","guid":{"rendered":"https:\/\/www.zunoticia.com\/noticias-de-hidalgo\/?p=439933"},"modified":"2022-08-18T19:27:04","modified_gmt":"2022-08-19T00:27:04","slug":"realizan-inscripciones-en-primaria-del-centro","status":"publish","type":"post","link":"https:\/\/www.zunoticia.com\/noticias-de-hidalgo\/2022\/08\/18\/realizan-inscripciones-en-primaria-del-centro\/","title":{"rendered":"Realizan Inscripciones en Primaria del Centro"},"content":{"rendered":"<aside class=\"mashsb-container mashsb-main mashsb-stretched\"><div class=\"mashsb-box\"><div class=\"mashsb-count mash-large\" style=\"float:left\"><div class=\"counts mashsbcount\">60<\/div><span class=\"mashsb-sharetext\">SHARES<\/span><\/div><div class=\"mashsb-buttons\"><a class=\"mashicon-facebook mash-large mash-center mashsb-noshadow\" href=\"https:\/\/www.facebook.com\/sharer.php?u=https%3A%2F%2Fwww.zunoticia.com%2Fnoticias-de-hidalgo%2F2022%2F08%2F18%2Frealizan-inscripciones-en-primaria-del-centro%2F\" target=\"_top\" rel=\"nofollow\"><span class=\"icon\"><\/span><span class=\"text\">Share<\/span><\/a><a class=\"mashicon-twitter mash-large mash-center mashsb-noshadow\" href=\"https:\/\/twitter.com\/intent\/tweet?text=&amp;url=https:\/\/www.zunoticia.com\/noticias-de-hidalgo\/2022\/08\/18\/realizan-inscripciones-en-primaria-del-centro\/\" target=\"_top\" rel=\"nofollow\"><span class=\"icon\"><\/span><span class=\"text\">Tweet<\/span><\/a><div class=\"onoffswitch2 mash-large mashsb-noshadow\" style=\"display:none\"><\/div><\/div>\n            <\/div>\n                <div style=\"clear:both\"><\/div><div class=\"mashsb-toggle-container\"><\/div><\/aside>\n            <!-- Share buttons by mashshare.net - Version: 4.0.47-->\n<p><em>Por Enedino Hern\u00e1ndez\/Zunoticia<\/em><\/p>\n\n\n\n<p><strong>Huejutla, Hgo.-<\/strong> Con toda anticipaci\u00f3n en la Escuela Primaria Idelfonso Vel\u00e1zquez Ibarra, de la zona centro de Huejutla de Reyes, se realiza el proceso de inscripci\u00f3n de los alumnos y de esta manera estar preparado para que el d\u00eda 29 de agosto se proceda a iniciar con el Ciclo Escolar 2022-2023.<\/p>\n\n\n\n<p>El Director de la citada instituci\u00f3n educativa, Eduardo Hern\u00e1ndez Lara, se\u00f1ala que los d\u00edas 18 y 19 de agosto realizan el proceso de inscripci\u00f3n, para lo cual los padres de familia acuden a la Primaria a entregar los documentos requeridos.<\/p>\n\n\n\n<p>Abund\u00f3 que al momento se tiene la tendencia a iniciar el Ciclo Escolar 2022-2023 al 100% de manera presencial, desde luego cubri\u00e9ndose con cada uno de los protocolos y recomendaciones que emiten las autoridades de la SEP y de Salud.<\/p>\n\n\n\n<p>\u201cPodemos decir que ya estamos prepar\u00e1ndonos para iniciar el Ciclo Escolar 2022-2023, estamos analizando la recepci\u00f3n de una parte de los libros de texto y los \u00fatiles escolares que hasta el momento han llegado; se espera que todo el material est\u00e9 completo al iniciar con el ciclo escolar\u201d.<\/p>\n\n\n\n<p>Eduardo Hern\u00e1ndez Lara confirm\u00f3 que se mantienen con la confianza de empezar el ciclo escolar con la dotaci\u00f3n de los libros de texto gratuito y los \u00fatiles escolares a todos los alumnos \u201ccreemos y esperamos que para esa fecha ya tendremos en disponibilidad todos los libros de texto gratuito y los \u00fatiles escolares\u201d.<\/p>\n","protected":false},"excerpt":{"rendered":"<p>Por Enedino Hern\u00e1ndez\/Zunoticia Huejutla, Hgo.- Con toda anticipaci\u00f3n en la Escuela Primaria Idelfonso Vel\u00e1zquez Ibarra, de la zona centro de Huejutla de Reyes, se realiza el proceso de inscripci\u00f3n de los alumnos y de esta manera estar preparado para que el d\u00eda 29 de agosto se proceda a iniciar con el Ciclo Escolar 2022-2023. El&hellip; <a class=\"more-link\" href=\"https:\/\/www.zunoticia.com\/noticias-de-hidalgo\/2022\/08\/18\/realizan-inscripciones-en-primaria-del-centro\/\">Seguir leyendo <span class=\"screen-reader-text\">Realizan Inscripciones en Primaria del Centro<\/span><\/a><\/p>\n","protected":false},"author":12,"featured_media":439920,"comment_status":"open","ping_status":"open","sticky":false,"template":"","format":"standard","meta":{"rop_custom_images_group":[],"rop_custom_messages_group":[],"rop_publish_now":"initial","rop_publish_now_accounts":{"facebook_10159540855086992_322828327761733":""},"rop_publish_now_history":[],"rop_publish_now_status":"pending","footnotes":""},"categories":[181],"tags":[121],"class_list":["post-439933","post","type-post","status-publish","format-standard","has-post-thumbnail","hentry","category-huejutla","tag-huejutla","entry"],"_links":{"self":[{"href":"https:\/\/www.zunoticia.com\/noticias-de-hidalgo\/wp-json\/wp\/v2\/posts\/439933","targetHints":{"allow":["GET"]}}],"collection":[{"href":"https:\/\/www.zunoticia.com\/noticias-de-hidalgo\/wp-json\/wp\/v2\/posts"}],"about":[{"href":"https:\/\/www.zunoticia.com\/noticias-de-hidalgo\/wp-json\/wp\/v2\/types\/post"}],"author":[{"embeddable":true,"href":"https:\/\/www.zunoticia.com\/noticias-de-hidalgo\/wp-json\/wp\/v2\/users\/12"}],"replies":[{"embeddable":true,"href":"https:\/\/www.zunoticia.com\/noticias-de-hidalgo\/wp-json\/wp\/v2\/comments?post=439933"}],"version-history":[{"count":1,"href":"https:\/\/www.zunoticia.com\/noticias-de-hidalgo\/wp-json\/wp\/v2\/posts\/439933\/revisions"}],"predecessor-version":[{"id":439940,"href":"https:\/\/www.zunoticia.com\/noticias-de-hidalgo\/wp-json\/wp\/v2\/posts\/439933\/revisions\/439940"}],"wp:featuredmedia":[{"embeddable":true,"href":"https:\/\/www.zunoticia.com\/noticias-de-hidalgo\/wp-json\/wp\/v2\/media\/439920"}],"wp:attachment":[{"href":"https:\/\/www.zunoticia.com\/noticias-de-hidalgo\/wp-json\/wp\/v2\/media?parent=439933"}],"wp:term":[{"taxonomy":"category","embeddable":true,"href":"https:\/\/www.zunoticia.com\/noticias-de-hidalgo\/wp-json\/wp\/v2\/categories?post=439933"},{"taxonomy":"post_tag","embeddable":true,"href":"https:\/\/www.zunoticia.com\/noticias-de-hidalgo\/wp-json\/wp\/v2\/tags?post=439933"}],"curies":[{"name":"wp","href":"https:\/\/api.w.org\/{rel}","templated":true}]}}