{"id":439968,"date":"2022-08-18T21:47:31","date_gmt":"2022-08-19T02:47:31","guid":{"rendered":"https:\/\/www.zunoticia.com\/noticias-de-hidalgo\/?p=439968"},"modified":"2022-08-18T23:04:57","modified_gmt":"2022-08-19T04:04:57","slug":"camaras-empresariales-con-compromiso-en-calidad-de-servicios-al-arranque-de-nuevas-sedes","status":"publish","type":"post","link":"https:\/\/www.zunoticia.com\/noticias-de-hidalgo\/2022\/08\/18\/camaras-empresariales-con-compromiso-en-calidad-de-servicios-al-arranque-de-nuevas-sedes\/","title":{"rendered":"C\u00e1maras empresariales, con compromiso en calidad de servicios, al arranque de nuevas sedes"},"content":{"rendered":"<aside class=\"mashsb-container mashsb-main mashsb-stretched\"><div class=\"mashsb-box\"><div class=\"mashsb-count mash-large\" style=\"float:left\"><div class=\"counts mashsbcount\">10<\/div><span class=\"mashsb-sharetext\">SHARES<\/span><\/div><div class=\"mashsb-buttons\"><a class=\"mashicon-facebook mash-large mash-center mashsb-noshadow\" href=\"https:\/\/www.facebook.com\/sharer.php?u=https%3A%2F%2Fwww.zunoticia.com%2Fnoticias-de-hidalgo%2F2022%2F08%2F18%2Fcamaras-empresariales-con-compromiso-en-calidad-de-servicios-al-arranque-de-nuevas-sedes%2F\" target=\"_top\" rel=\"nofollow\"><span class=\"icon\"><\/span><span class=\"text\">Share<\/span><\/a><a class=\"mashicon-twitter mash-large mash-center mashsb-noshadow\" href=\"https:\/\/twitter.com\/intent\/tweet?text=&amp;url=https:\/\/www.zunoticia.com\/noticias-de-hidalgo\/2022\/08\/18\/camaras-empresariales-con-compromiso-en-calidad-de-servicios-al-arranque-de-nuevas-sedes\/\" target=\"_top\" rel=\"nofollow\"><span class=\"icon\"><\/span><span class=\"text\">Tweet<\/span><\/a><div class=\"onoffswitch2 mash-large mashsb-noshadow\" style=\"display:none\"><\/div><\/div>\n            <\/div>\n                <div style=\"clear:both\"><\/div><div class=\"mashsb-toggle-container\"><\/div><\/aside>\n            <!-- Share buttons by mashshare.net - Version: 4.0.47-->\n<ul class=\"wp-block-list\"><li>En el Distrito de Educaci\u00f3n, Salud, Ciencia, Tecnolog\u00eda e Innovaci\u00f3n.<\/li><li>Reconocen empresarios el apoyo del gobernador Fayad.<\/li><\/ul>\n\n\n\n<p><em>Por Redacci\u00f3n\/Zunoticia<\/em><\/p>\n\n\n\n<p><strong>San Agust\u00edn Tlaxiaca, Hgo.-<\/strong> El trabajo serio y eficiente de las c\u00e1maras empresariales y de sus agremiados, se ver\u00e1 reflejado ahora en nuevos espacios m\u00e1s dignos, en los que el trabajo conjunto permita superar cualquier reto y hacer la vida de la gente mucho m\u00e1s prometedora, afirm\u00f3 el gobernador al entregar de manera simb\u00f3lica el predio sede del Centro de Desarrollo Integral del Consejo Coordinador Empresarial de Hidalgo (CCEH), as\u00ed como del pabell\u00f3n de la Asociaci\u00f3n de Hospitales Privados de Hidalgo.<\/p>\n\n\n\n<figure class=\"wp-block-image size-large\"><img fetchpriority=\"high\" decoding=\"async\" width=\"1024\" height=\"682\" src=\"https:\/\/www.zunoticia.com\/noticias-de-hidalgo\/wp-content\/uploads\/2022\/08\/eZy-Watermark-18-08-2022-09-33-39p.m.-1024x682.jpg\" alt=\"\" class=\"wp-image-439965\" srcset=\"https:\/\/www.zunoticia.com\/noticias-de-hidalgo\/wp-content\/uploads\/2022\/08\/eZy-Watermark-18-08-2022-09-33-39p.m.-1024x682.jpg 1024w, https:\/\/www.zunoticia.com\/noticias-de-hidalgo\/wp-content\/uploads\/2022\/08\/eZy-Watermark-18-08-2022-09-33-39p.m.-300x200.jpg 300w, https:\/\/www.zunoticia.com\/noticias-de-hidalgo\/wp-content\/uploads\/2022\/08\/eZy-Watermark-18-08-2022-09-33-39p.m.-768x511.jpg 768w, https:\/\/www.zunoticia.com\/noticias-de-hidalgo\/wp-content\/uploads\/2022\/08\/eZy-Watermark-18-08-2022-09-33-39p.m..jpg 1280w\" sizes=\"(max-width: 1024px) 100vw, 1024px\" \/><\/figure>\n\n\n\n<p>\u201cCon esta donaci\u00f3n, podr\u00e1n disponer de un espacio y oficinas propias, definitivas, en beneficio de su membres\u00eda, pero tambi\u00e9n de los hidalguenses que colaboran y participan con ellos, yo estoy seguro que las instalaciones que aqu\u00ed se van a construir, les permitir\u00e1n ofrecer sus servicios de una forma m\u00e1s ejecutiva, m\u00e1s profesional, integralmente a la altura de los hidalguenses y mexicanos que conforman sus grupos empresariales&#8221;, manifest\u00f3 el mandatario.<\/p>\n\n\n\n<p>Asegur\u00f3 que con la colocaci\u00f3n de la primera piedra de lo que ser\u00e1 el nuevo pabell\u00f3n de la Asociaci\u00f3n de Hospitales Privados de Hidalgo, y que formar\u00e1 parte del Centro de Desarrollo Integral, se cumplir\u00e1 el objetivo de consolidar el Distrito de Educaci\u00f3n, Salud, Ciencia, Tecnolog\u00eda e Innovaci\u00f3n (DESCTI) como un motor para la entidad, que ya es referente nacional en materia de vinculaci\u00f3n y trabajo conjunto entre la academia, las empresas y el gobierno.<\/p>\n\n\n\n<figure class=\"wp-block-image size-large\"><img decoding=\"async\" width=\"1024\" height=\"682\" src=\"https:\/\/www.zunoticia.com\/noticias-de-hidalgo\/wp-content\/uploads\/2022\/08\/eZy-Watermark-18-08-2022-11-00-09p.m.-1024x682.jpg\" alt=\"\" class=\"wp-image-439991\" srcset=\"https:\/\/www.zunoticia.com\/noticias-de-hidalgo\/wp-content\/uploads\/2022\/08\/eZy-Watermark-18-08-2022-11-00-09p.m.-1024x682.jpg 1024w, https:\/\/www.zunoticia.com\/noticias-de-hidalgo\/wp-content\/uploads\/2022\/08\/eZy-Watermark-18-08-2022-11-00-09p.m.-300x200.jpg 300w, https:\/\/www.zunoticia.com\/noticias-de-hidalgo\/wp-content\/uploads\/2022\/08\/eZy-Watermark-18-08-2022-11-00-09p.m.-768x512.jpg 768w, https:\/\/www.zunoticia.com\/noticias-de-hidalgo\/wp-content\/uploads\/2022\/08\/eZy-Watermark-18-08-2022-11-00-09p.m..jpg 1280w\" sizes=\"(max-width: 1024px) 100vw, 1024px\" \/><\/figure>\n\n\n\n<p>Al respecto, el presidente del CCEH, Carlos Henkel Escorza, expres\u00f3 que con la construcci\u00f3n de \u00e9ste nuevo espacio, se brindar\u00e1n servicios de atenci\u00f3n, profesionalizaci\u00f3n, capacitaci\u00f3n, y educaci\u00f3n con un enfoque innovador y tecnol\u00f3gico para los prestadores de servicios de toda la entidad; por lo que en nombre de los 12 mil miembros que conforman dicho organismo, agradeci\u00f3 de igual forma las mejoras emprendidas por esta administraci\u00f3n, y que permitieron un desarrollo empresarial favorable para la entidad durante los a\u00f1os recientes.<\/p>\n\n\n\n<p>En su oportunidad, Rub\u00e9n Lozano Guevara, presidente de la Asociaci\u00f3n de Hospitales Privados del Estado de Hidalgo, dijo que, con la donaci\u00f3n del espacio, se cumple un anhelado sue\u00f1o, que adem\u00e1s les permitir\u00e1 brindar un mejor servicio a la poblaci\u00f3n.<\/p>\n\n\n\n<p>Detall\u00f3 que el Centro de Desarrollo Integral Empresarial estar\u00e1 en un predio de 1000m<sup>2<\/sup> y se dividir\u00e1 en dos etapas.<\/p>\n\n\n\n<p>Durante la primera etapa del pabell\u00f3n de la Asociaci\u00f3n de Hospitales Privados se construir\u00e1n 280m<sup>2, <\/sup>contar\u00e1 con: recepci\u00f3n, sala de espera, dos salas de usos m\u00faltiples, oficinas ejecutivas, sala de juntas, \u00e1rea de coworking, cafeter\u00eda, bodega, servicios sanitarios y 7 cajones de estacionamiento.<\/p>\n\n\n\n<p>En su segunda etapa el edificio del CCEH, en 200m<sup>2<\/sup>, se edificar\u00e1 un inmueble de 4 niveles, con espacios para recepci\u00f3n, sala de exposiciones, cafeter\u00eda, \u00e1rea de coworking, terraza, servicios sanitarios, escaleras, elevador, oficinas y aulas audiovisuales, respectivamente.<\/p>\n\n\n\n<p>Posteriormente, el mandatario realiz\u00f3 un recorrido por el nuevo Laboratorio Estatal de Salud P\u00fablica, as\u00ed como en el nuevo Hospital General; adelant\u00f3 que en breve comenzar\u00e1n los trabajos para trasladar los servicios que se ofrecen actualmente en las instalaciones la capital hidalguense.<\/p>\n\n\n\n<p>M\u00e1s tarde, tambi\u00e9n en el DESCTI, en las instalaciones del Centro de Investigaci\u00f3n e Innovaci\u00f3n Tecnol\u00f3gica CMIC e Instituto Tecnol\u00f3gico de la Construcci\u00f3n Campus Hidalgo, los representantes de las c\u00e1maras empresariales, entregaron un reconocimiento al gobernador Omar Fayad por su labor en materia de emprendimiento, la develaci\u00f3n de la placa conmemorativa del vig\u00e9simo s\u00e9ptimo aniversario del CCEH; as\u00ed como el abotonamiento de dos nuevos miembros, en el marco de la sesi\u00f3n mensual del organismo.<\/p>\n","protected":false},"excerpt":{"rendered":"<p>En el Distrito de Educaci\u00f3n, Salud, Ciencia, Tecnolog\u00eda e Innovaci\u00f3n. Reconocen empresarios el apoyo del gobernador Fayad. Por Redacci\u00f3n\/Zunoticia San Agust\u00edn Tlaxiaca, Hgo.- El trabajo serio y eficiente de las c\u00e1maras empresariales y de sus agremiados, se ver\u00e1 reflejado ahora en nuevos espacios m\u00e1s dignos, en los que el trabajo conjunto permita superar cualquier reto&hellip; <a class=\"more-link\" href=\"https:\/\/www.zunoticia.com\/noticias-de-hidalgo\/2022\/08\/18\/camaras-empresariales-con-compromiso-en-calidad-de-servicios-al-arranque-de-nuevas-sedes\/\">Seguir leyendo <span class=\"screen-reader-text\">C\u00e1maras empresariales, con compromiso en calidad de servicios, al arranque de nuevas sedes<\/span><\/a><\/p>\n","protected":false},"author":12,"featured_media":439992,"comment_status":"open","ping_status":"open","sticky":false,"template":"","format":"standard","meta":{"rop_custom_images_group":[],"rop_custom_messages_group":[],"rop_publish_now":"initial","rop_publish_now_accounts":{"facebook_10159540855086992_322828327761733":""},"rop_publish_now_history":[],"rop_publish_now_status":"pending","footnotes":""},"categories":[208],"tags":[214],"class_list":["post-439968","post","type-post","status-publish","format-standard","has-post-thumbnail","hentry","category-estado","tag-estado","entry"],"_links":{"self":[{"href":"https:\/\/www.zunoticia.com\/noticias-de-hidalgo\/wp-json\/wp\/v2\/posts\/439968","targetHints":{"allow":["GET"]}}],"collection":[{"href":"https:\/\/www.zunoticia.com\/noticias-de-hidalgo\/wp-json\/wp\/v2\/posts"}],"about":[{"href":"https:\/\/www.zunoticia.com\/noticias-de-hidalgo\/wp-json\/wp\/v2\/types\/post"}],"author":[{"embeddable":true,"href":"https:\/\/www.zunoticia.com\/noticias-de-hidalgo\/wp-json\/wp\/v2\/users\/12"}],"replies":[{"embeddable":true,"href":"https:\/\/www.zunoticia.com\/noticias-de-hidalgo\/wp-json\/wp\/v2\/comments?post=439968"}],"version-history":[{"count":3,"href":"https:\/\/www.zunoticia.com\/noticias-de-hidalgo\/wp-json\/wp\/v2\/posts\/439968\/revisions"}],"predecessor-version":[{"id":439995,"href":"https:\/\/www.zunoticia.com\/noticias-de-hidalgo\/wp-json\/wp\/v2\/posts\/439968\/revisions\/439995"}],"wp:featuredmedia":[{"embeddable":true,"href":"https:\/\/www.zunoticia.com\/noticias-de-hidalgo\/wp-json\/wp\/v2\/media\/439992"}],"wp:attachment":[{"href":"https:\/\/www.zunoticia.com\/noticias-de-hidalgo\/wp-json\/wp\/v2\/media?parent=439968"}],"wp:term":[{"taxonomy":"category","embeddable":true,"href":"https:\/\/www.zunoticia.com\/noticias-de-hidalgo\/wp-json\/wp\/v2\/categories?post=439968"},{"taxonomy":"post_tag","embeddable":true,"href":"https:\/\/www.zunoticia.com\/noticias-de-hidalgo\/wp-json\/wp\/v2\/tags?post=439968"}],"curies":[{"name":"wp","href":"https:\/\/api.w.org\/{rel}","templated":true}]}}