{"id":439981,"date":"2022-08-18T22:35:21","date_gmt":"2022-08-19T03:35:21","guid":{"rendered":"https:\/\/www.zunoticia.com\/noticias-de-hidalgo\/?p=439981"},"modified":"2022-08-18T22:35:23","modified_gmt":"2022-08-19T03:35:23","slug":"dan-identidad-juridica-a-una-mujer-indigena-de-yahualica","status":"publish","type":"post","link":"https:\/\/www.zunoticia.com\/noticias-de-hidalgo\/2022\/08\/18\/dan-identidad-juridica-a-una-mujer-indigena-de-yahualica\/","title":{"rendered":"Dan identidad jur\u00eddica a una mujer ind\u00edgena de Yahualica"},"content":{"rendered":"<aside class=\"mashsb-container mashsb-main mashsb-stretched\"><div class=\"mashsb-box\"><div class=\"mashsb-count mash-large\" style=\"float:left\"><div class=\"counts mashsbcount\">17<\/div><span class=\"mashsb-sharetext\">SHARES<\/span><\/div><div class=\"mashsb-buttons\"><a class=\"mashicon-facebook mash-large mash-center mashsb-noshadow\" href=\"https:\/\/www.facebook.com\/sharer.php?u=https%3A%2F%2Fwww.zunoticia.com%2Fnoticias-de-hidalgo%2F2022%2F08%2F18%2Fdan-identidad-juridica-a-una-mujer-indigena-de-yahualica%2F\" target=\"_top\" rel=\"nofollow\"><span class=\"icon\"><\/span><span class=\"text\">Share<\/span><\/a><a class=\"mashicon-twitter mash-large mash-center mashsb-noshadow\" href=\"https:\/\/twitter.com\/intent\/tweet?text=&amp;url=https:\/\/www.zunoticia.com\/noticias-de-hidalgo\/2022\/08\/18\/dan-identidad-juridica-a-una-mujer-indigena-de-yahualica\/\" target=\"_top\" rel=\"nofollow\"><span class=\"icon\"><\/span><span class=\"text\">Tweet<\/span><\/a><div class=\"onoffswitch2 mash-large mashsb-noshadow\" style=\"display:none\"><\/div><\/div>\n            <\/div>\n                <div style=\"clear:both\"><\/div><div class=\"mashsb-toggle-container\"><\/div><\/aside>\n            <!-- Share buttons by mashshare.net - Version: 4.0.47-->\n<p><em>Por Roberto Meza\/Zunoticia<\/em><\/p>\n\n\n\n<p><strong>Yahualica, Hgo.-<\/strong> Mujer ind\u00edgena que desde hace 19 a\u00f1os no contaba con su acta de nacimiento, finalmente el gobierno municipal que preside El\u00edas Sanju\u00e1n S\u00e1nchez, logr\u00f3 darle esa identidad jur\u00eddica y con ello podr\u00e1 acceder a los beneficios y dem\u00e1s apoyos.<\/p>\n\n\n\n<p>Fue personal de Registro del Estado Familiar, el que efectu\u00f3 los tr\u00e1mites y le entreg\u00f3 su documentaci\u00f3n.<\/p>\n\n\n\n<p>Se trata de Florencia Crescencio Guadalupe, originaria del municipio Zontecomatl\u00e1n, Veracruz, quien radica en la comunidad de Crisolco de este municipio, quien no contaba con su documento de identidad jur\u00eddica, hoy el gobierno ind\u00edgena logr\u00f3 darle certeza jur\u00eddica para bien de f\u00e9mina.<\/p>\n\n\n\n<p>A la mujer le detectaron que no contaba con sus papeles luego de que solicit\u00f3 el registro de sus hijos y al no contar con estos documentos oficiales no pudo llevar a cabo el registro de sus v\u00e1stagos.<\/p>\n\n\n\n<p>El Oficial del Registro del Estado Familiar, Eduardo Barrera Tello, se\u00f1al\u00f3 que, con este documento, ya podr\u00e1 realizar el registro de sus hijos y podr\u00e1n gozar de los beneficios que ofrecen los diferentes niveles de gobierno.<\/p>\n\n\n\n<p>El gobierno ind\u00edgena que encabeza El\u00edas Sanju\u00e1n S\u00e1nchez, de esta forma es como resuelve este tipo de situaciones para bien de la sociedad yahualiquense.<\/p>\n","protected":false},"excerpt":{"rendered":"<p>Por Roberto Meza\/Zunoticia Yahualica, Hgo.- Mujer ind\u00edgena que desde hace 19 a\u00f1os no contaba con su acta de nacimiento, finalmente el gobierno municipal que preside El\u00edas Sanju\u00e1n S\u00e1nchez, logr\u00f3 darle esa identidad jur\u00eddica y con ello podr\u00e1 acceder a los beneficios y dem\u00e1s apoyos. Fue personal de Registro del Estado Familiar, el que efectu\u00f3 los&hellip; <a class=\"more-link\" href=\"https:\/\/www.zunoticia.com\/noticias-de-hidalgo\/2022\/08\/18\/dan-identidad-juridica-a-una-mujer-indigena-de-yahualica\/\">Seguir leyendo <span class=\"screen-reader-text\">Dan identidad jur\u00eddica a una mujer ind\u00edgena de Yahualica<\/span><\/a><\/p>\n","protected":false},"author":12,"featured_media":439921,"comment_status":"open","ping_status":"open","sticky":false,"template":"","format":"standard","meta":{"rop_custom_images_group":[],"rop_custom_messages_group":[],"rop_publish_now":"initial","rop_publish_now_accounts":{"facebook_10159540855086992_322828327761733":""},"rop_publish_now_history":[],"rop_publish_now_status":"pending","footnotes":""},"categories":[179,203],"tags":[123],"class_list":["post-439981","post","type-post","status-publish","format-standard","has-post-thumbnail","hentry","category-huasteca","category-yahualica","tag-yahualica","entry"],"_links":{"self":[{"href":"https:\/\/www.zunoticia.com\/noticias-de-hidalgo\/wp-json\/wp\/v2\/posts\/439981","targetHints":{"allow":["GET"]}}],"collection":[{"href":"https:\/\/www.zunoticia.com\/noticias-de-hidalgo\/wp-json\/wp\/v2\/posts"}],"about":[{"href":"https:\/\/www.zunoticia.com\/noticias-de-hidalgo\/wp-json\/wp\/v2\/types\/post"}],"author":[{"embeddable":true,"href":"https:\/\/www.zunoticia.com\/noticias-de-hidalgo\/wp-json\/wp\/v2\/users\/12"}],"replies":[{"embeddable":true,"href":"https:\/\/www.zunoticia.com\/noticias-de-hidalgo\/wp-json\/wp\/v2\/comments?post=439981"}],"version-history":[{"count":1,"href":"https:\/\/www.zunoticia.com\/noticias-de-hidalgo\/wp-json\/wp\/v2\/posts\/439981\/revisions"}],"predecessor-version":[{"id":439983,"href":"https:\/\/www.zunoticia.com\/noticias-de-hidalgo\/wp-json\/wp\/v2\/posts\/439981\/revisions\/439983"}],"wp:featuredmedia":[{"embeddable":true,"href":"https:\/\/www.zunoticia.com\/noticias-de-hidalgo\/wp-json\/wp\/v2\/media\/439921"}],"wp:attachment":[{"href":"https:\/\/www.zunoticia.com\/noticias-de-hidalgo\/wp-json\/wp\/v2\/media?parent=439981"}],"wp:term":[{"taxonomy":"category","embeddable":true,"href":"https:\/\/www.zunoticia.com\/noticias-de-hidalgo\/wp-json\/wp\/v2\/categories?post=439981"},{"taxonomy":"post_tag","embeddable":true,"href":"https:\/\/www.zunoticia.com\/noticias-de-hidalgo\/wp-json\/wp\/v2\/tags?post=439981"}],"curies":[{"name":"wp","href":"https:\/\/api.w.org\/{rel}","templated":true}]}}