{"id":439984,"date":"2022-08-18T22:36:37","date_gmt":"2022-08-19T03:36:37","guid":{"rendered":"https:\/\/www.zunoticia.com\/noticias-de-hidalgo\/?p=439984"},"modified":"2022-08-18T22:36:41","modified_gmt":"2022-08-19T03:36:41","slug":"convocatoria-para-registro-de-trabajo-artesanal","status":"publish","type":"post","link":"https:\/\/www.zunoticia.com\/noticias-de-hidalgo\/2022\/08\/18\/convocatoria-para-registro-de-trabajo-artesanal\/","title":{"rendered":"Convocatoria para registro de trabajo artesanal"},"content":{"rendered":"<aside class=\"mashsb-container mashsb-main mashsb-stretched\"><div class=\"mashsb-box\"><div class=\"mashsb-count mash-large\" style=\"float:left\"><div class=\"counts mashsbcount\">34<\/div><span class=\"mashsb-sharetext\">SHARES<\/span><\/div><div class=\"mashsb-buttons\"><a class=\"mashicon-facebook mash-large mash-center mashsb-noshadow\" href=\"https:\/\/www.facebook.com\/sharer.php?u=https%3A%2F%2Fwww.zunoticia.com%2Fnoticias-de-hidalgo%2F2022%2F08%2F18%2Fconvocatoria-para-registro-de-trabajo-artesanal%2F\" target=\"_top\" rel=\"nofollow\"><span class=\"icon\"><\/span><span class=\"text\">Share<\/span><\/a><a class=\"mashicon-twitter mash-large mash-center mashsb-noshadow\" href=\"https:\/\/twitter.com\/intent\/tweet?text=&amp;url=https:\/\/www.zunoticia.com\/noticias-de-hidalgo\/2022\/08\/18\/convocatoria-para-registro-de-trabajo-artesanal\/\" target=\"_top\" rel=\"nofollow\"><span class=\"icon\"><\/span><span class=\"text\">Tweet<\/span><\/a><div class=\"onoffswitch2 mash-large mashsb-noshadow\" style=\"display:none\"><\/div><\/div>\n            <\/div>\n                <div style=\"clear:both\"><\/div><div class=\"mashsb-toggle-container\"><\/div><\/aside>\n            <!-- Share buttons by mashshare.net - Version: 4.0.47-->\n<p><em>Por Gabriela Hern\u00e1ndez\/Zunoticia<\/em><\/p>\n\n\n\n<p><strong>Huejutla, Hgo.-<\/strong> En entrevista, la licenciada Reyna Quintanar Olvera, encargada de la Direcci\u00f3n de Fomento Artesanal de Hidalgo, mencion\u00f3 que el concurso \u201cEst\u00e1 hecho en Hidalgo\u201d est\u00e1 registrando a los artesanos que quieran participar en todas las ramas artesanales.<\/p>\n\n\n\n<p>La convocatoria va dirigida para todos los artesanos hidalguenses mayores de 18 a\u00f1os, la convocatoria se cierra el d\u00eda 19 del mes en curso, por lo que hizo la invitaci\u00f3n para que registren sus piezas.<\/p>\n\n\n\n<p>De igual forma mencion\u00f3 que en el municipio de Huejutla se encuentra un centro de acopio, donde pueden llevar sus piezas y registrase, ubicado en presidencia municipal en el \u00e1rea de Desarrollo Social con la licenciada Nancy Barr\u00f3n.<\/p>\n\n\n\n<p>Todas las personas artesanas pueden participar con dise\u00f1os tradicionales y tambi\u00e9n con nuevas propuestas de dise\u00f1os en cualquier categor\u00eda, como alfarer\u00eda y cer\u00e1mica, textiles y fibras vegetales entre otros.<\/p>\n","protected":false},"excerpt":{"rendered":"<p>Por Gabriela Hern\u00e1ndez\/Zunoticia Huejutla, Hgo.- En entrevista, la licenciada Reyna Quintanar Olvera, encargada de la Direcci\u00f3n de Fomento Artesanal de Hidalgo, mencion\u00f3 que el concurso \u201cEst\u00e1 hecho en Hidalgo\u201d est\u00e1 registrando a los artesanos que quieran participar en todas las ramas artesanales. La convocatoria va dirigida para todos los artesanos hidalguenses mayores de 18 a\u00f1os,&hellip; <a class=\"more-link\" href=\"https:\/\/www.zunoticia.com\/noticias-de-hidalgo\/2022\/08\/18\/convocatoria-para-registro-de-trabajo-artesanal\/\">Seguir leyendo <span class=\"screen-reader-text\">Convocatoria para registro de trabajo artesanal<\/span><\/a><\/p>\n","protected":false},"author":12,"featured_media":439982,"comment_status":"open","ping_status":"open","sticky":false,"template":"","format":"standard","meta":{"rop_custom_images_group":[],"rop_custom_messages_group":[],"rop_publish_now":"initial","rop_publish_now_accounts":{"facebook_10159540855086992_322828327761733":""},"rop_publish_now_history":[],"rop_publish_now_status":"pending","footnotes":""},"categories":[181],"tags":[121],"class_list":["post-439984","post","type-post","status-publish","format-standard","has-post-thumbnail","hentry","category-huejutla","tag-huejutla","entry"],"_links":{"self":[{"href":"https:\/\/www.zunoticia.com\/noticias-de-hidalgo\/wp-json\/wp\/v2\/posts\/439984","targetHints":{"allow":["GET"]}}],"collection":[{"href":"https:\/\/www.zunoticia.com\/noticias-de-hidalgo\/wp-json\/wp\/v2\/posts"}],"about":[{"href":"https:\/\/www.zunoticia.com\/noticias-de-hidalgo\/wp-json\/wp\/v2\/types\/post"}],"author":[{"embeddable":true,"href":"https:\/\/www.zunoticia.com\/noticias-de-hidalgo\/wp-json\/wp\/v2\/users\/12"}],"replies":[{"embeddable":true,"href":"https:\/\/www.zunoticia.com\/noticias-de-hidalgo\/wp-json\/wp\/v2\/comments?post=439984"}],"version-history":[{"count":1,"href":"https:\/\/www.zunoticia.com\/noticias-de-hidalgo\/wp-json\/wp\/v2\/posts\/439984\/revisions"}],"predecessor-version":[{"id":439985,"href":"https:\/\/www.zunoticia.com\/noticias-de-hidalgo\/wp-json\/wp\/v2\/posts\/439984\/revisions\/439985"}],"wp:featuredmedia":[{"embeddable":true,"href":"https:\/\/www.zunoticia.com\/noticias-de-hidalgo\/wp-json\/wp\/v2\/media\/439982"}],"wp:attachment":[{"href":"https:\/\/www.zunoticia.com\/noticias-de-hidalgo\/wp-json\/wp\/v2\/media?parent=439984"}],"wp:term":[{"taxonomy":"category","embeddable":true,"href":"https:\/\/www.zunoticia.com\/noticias-de-hidalgo\/wp-json\/wp\/v2\/categories?post=439984"},{"taxonomy":"post_tag","embeddable":true,"href":"https:\/\/www.zunoticia.com\/noticias-de-hidalgo\/wp-json\/wp\/v2\/tags?post=439984"}],"curies":[{"name":"wp","href":"https:\/\/api.w.org\/{rel}","templated":true}]}}