{"id":440431,"date":"2022-08-22T14:28:13","date_gmt":"2022-08-22T19:28:13","guid":{"rendered":"https:\/\/www.zunoticia.com\/noticias-de-hidalgo\/?p=440431"},"modified":"2022-08-22T14:28:15","modified_gmt":"2022-08-22T19:28:15","slug":"sacerdotes-participaron-en-formacion-permanente","status":"publish","type":"post","link":"https:\/\/www.zunoticia.com\/noticias-de-hidalgo\/2022\/08\/22\/sacerdotes-participaron-en-formacion-permanente\/","title":{"rendered":"Sacerdotes participaron en Formaci\u00f3n Permanente"},"content":{"rendered":"<aside class=\"mashsb-container mashsb-main mashsb-stretched\"><div class=\"mashsb-box\"><div class=\"mashsb-count mash-large\" style=\"float:left\"><div class=\"counts mashsbcount\">6<\/div><span class=\"mashsb-sharetext\">SHARES<\/span><\/div><div class=\"mashsb-buttons\"><a class=\"mashicon-facebook mash-large mash-center mashsb-noshadow\" href=\"https:\/\/www.facebook.com\/sharer.php?u=https%3A%2F%2Fwww.zunoticia.com%2Fnoticias-de-hidalgo%2F2022%2F08%2F22%2Fsacerdotes-participaron-en-formacion-permanente%2F\" target=\"_top\" rel=\"nofollow\"><span class=\"icon\"><\/span><span class=\"text\">Share<\/span><\/a><a class=\"mashicon-twitter mash-large mash-center mashsb-noshadow\" href=\"https:\/\/twitter.com\/intent\/tweet?text=&amp;url=https:\/\/www.zunoticia.com\/noticias-de-hidalgo\/2022\/08\/22\/sacerdotes-participaron-en-formacion-permanente\/\" target=\"_top\" rel=\"nofollow\"><span class=\"icon\"><\/span><span class=\"text\">Tweet<\/span><\/a><div class=\"onoffswitch2 mash-large mashsb-noshadow\" style=\"display:none\"><\/div><\/div>\n            <\/div>\n                <div style=\"clear:both\"><\/div><div class=\"mashsb-toggle-container\"><\/div><\/aside>\n            <!-- Share buttons by mashshare.net - Version: 4.0.47-->\n<p><em>Por Enedino Hern\u00e1ndez\/Zunoticia<\/em><\/p>\n\n\n\n<p><strong>Huejutla, Hgo. &#8211;<\/strong> \u201cComo parte de las acciones enfocadas a concretar una Formaci\u00f3n Permanente, los Sacerdotes de la Di\u00f3cesis de Huejutla de Reyes participaron en una reuni\u00f3n por espacio de dos d\u00edas en el Seminario Menor, en esta ciudad de Huejutla\u201d, as\u00ed lo se\u00f1al\u00f3 el Obispo, Jos\u00e9 Hir\u00e1is Acosta Beltr\u00e1n.<\/p>\n\n\n\n<p>Dijo que, en la reuni\u00f3n se cont\u00f3 con la presencia de los Sacerdotes de 0 a 5 a\u00f1os de ordenaci\u00f3n, situaci\u00f3n similar que se aplica con las dem\u00e1s generaciones de 6 a 10 a\u00f1os; de 11 a 25 a\u00f1os y de 26 a\u00f1os en adelante.<\/p>\n\n\n\n<p>A\u00f1adi\u00f3 que, al Presbiterio de Huejutla se ha dividido en 4 generaciones, con las cuales se trabaja en la Formaci\u00f3n Permanente, programada y planeada con anticipaci\u00f3n por cada una de las mismas.<\/p>\n\n\n\n<p>Sumado a ello, expone que, tambi\u00e9n se tienen los Eventos Diocesanos consistente en la Reuni\u00f3n Anual de Formaci\u00f3n Permanente; destacando que en estos encuentros de formaci\u00f3n se toman en cuenta las cuatro dimensiones: Formaci\u00f3n Humana, Formaci\u00f3n Espiritual, Formaci\u00f3n Pastoral y Formaci\u00f3n Acad\u00e9mica.<\/p>\n\n\n\n<p>Jos\u00e9 Hir\u00e1is Acosta Beltr\u00e1n, subraya que, con todo ello se espera que los Sacerdotes sigan como lo hacen las personas o profesionistas en otras formaciones, actualiz\u00e1ndose \u201cpero tambi\u00e9n form\u00e1ndose espiritualmente, teniendo ese ideal de Jesucristo buen pastor, y que vayamos form\u00e1ndonos en relaci\u00f3n a ello\u201d.<\/p>\n\n\n\n<p>Concluy\u00f3 \u201cen ese sentido van las actividades de Formaci\u00f3n Permanente, en algunas van enfocadas en una dimensi\u00f3n y en otras a las restantes, en donde adem\u00e1s se incluyen convivencias y deportes, a fin de que todos nos integremos como hermanos en el ministerio sacerdotal\u201d.<\/p>\n","protected":false},"excerpt":{"rendered":"<p>Por Enedino Hern\u00e1ndez\/Zunoticia Huejutla, Hgo. &#8211; \u201cComo parte de las acciones enfocadas a concretar una Formaci\u00f3n Permanente, los Sacerdotes de la Di\u00f3cesis de Huejutla de Reyes participaron en una reuni\u00f3n por espacio de dos d\u00edas en el Seminario Menor, en esta ciudad de Huejutla\u201d, as\u00ed lo se\u00f1al\u00f3 el Obispo, Jos\u00e9 Hir\u00e1is Acosta Beltr\u00e1n. Dijo que,&hellip; <a class=\"more-link\" href=\"https:\/\/www.zunoticia.com\/noticias-de-hidalgo\/2022\/08\/22\/sacerdotes-participaron-en-formacion-permanente\/\">Seguir leyendo <span class=\"screen-reader-text\">Sacerdotes participaron en Formaci\u00f3n Permanente<\/span><\/a><\/p>\n","protected":false},"author":13,"featured_media":440432,"comment_status":"open","ping_status":"open","sticky":false,"template":"","format":"standard","meta":{"rop_custom_images_group":[],"rop_custom_messages_group":[],"rop_publish_now":"initial","rop_publish_now_accounts":{"facebook_10159540855086992_322828327761733":""},"rop_publish_now_history":[],"rop_publish_now_status":"pending","footnotes":""},"categories":[181],"tags":[121],"class_list":["post-440431","post","type-post","status-publish","format-standard","has-post-thumbnail","hentry","category-huejutla","tag-huejutla","entry"],"_links":{"self":[{"href":"https:\/\/www.zunoticia.com\/noticias-de-hidalgo\/wp-json\/wp\/v2\/posts\/440431","targetHints":{"allow":["GET"]}}],"collection":[{"href":"https:\/\/www.zunoticia.com\/noticias-de-hidalgo\/wp-json\/wp\/v2\/posts"}],"about":[{"href":"https:\/\/www.zunoticia.com\/noticias-de-hidalgo\/wp-json\/wp\/v2\/types\/post"}],"author":[{"embeddable":true,"href":"https:\/\/www.zunoticia.com\/noticias-de-hidalgo\/wp-json\/wp\/v2\/users\/13"}],"replies":[{"embeddable":true,"href":"https:\/\/www.zunoticia.com\/noticias-de-hidalgo\/wp-json\/wp\/v2\/comments?post=440431"}],"version-history":[{"count":1,"href":"https:\/\/www.zunoticia.com\/noticias-de-hidalgo\/wp-json\/wp\/v2\/posts\/440431\/revisions"}],"predecessor-version":[{"id":440433,"href":"https:\/\/www.zunoticia.com\/noticias-de-hidalgo\/wp-json\/wp\/v2\/posts\/440431\/revisions\/440433"}],"wp:featuredmedia":[{"embeddable":true,"href":"https:\/\/www.zunoticia.com\/noticias-de-hidalgo\/wp-json\/wp\/v2\/media\/440432"}],"wp:attachment":[{"href":"https:\/\/www.zunoticia.com\/noticias-de-hidalgo\/wp-json\/wp\/v2\/media?parent=440431"}],"wp:term":[{"taxonomy":"category","embeddable":true,"href":"https:\/\/www.zunoticia.com\/noticias-de-hidalgo\/wp-json\/wp\/v2\/categories?post=440431"},{"taxonomy":"post_tag","embeddable":true,"href":"https:\/\/www.zunoticia.com\/noticias-de-hidalgo\/wp-json\/wp\/v2\/tags?post=440431"}],"curies":[{"name":"wp","href":"https:\/\/api.w.org\/{rel}","templated":true}]}}