{"id":440468,"date":"2022-08-22T16:26:41","date_gmt":"2022-08-22T21:26:41","guid":{"rendered":"https:\/\/www.zunoticia.com\/noticias-de-hidalgo\/?p=440468"},"modified":"2022-08-22T16:26:43","modified_gmt":"2022-08-22T21:26:43","slug":"aplaude-sector-empresarial-que-modulo-del-sat-reinicie-actividades","status":"publish","type":"post","link":"https:\/\/www.zunoticia.com\/noticias-de-hidalgo\/2022\/08\/22\/aplaude-sector-empresarial-que-modulo-del-sat-reinicie-actividades\/","title":{"rendered":"Aplaude Sector Empresarial que m\u00f3dulo del SAT reinicie actividades"},"content":{"rendered":"<aside class=\"mashsb-container mashsb-main mashsb-stretched\"><div class=\"mashsb-box\"><div class=\"mashsb-count mash-large\" style=\"float:left\"><div class=\"counts mashsbcount\">3<\/div><span class=\"mashsb-sharetext\">SHARES<\/span><\/div><div class=\"mashsb-buttons\"><a class=\"mashicon-facebook mash-large mash-center mashsb-noshadow\" href=\"https:\/\/www.facebook.com\/sharer.php?u=https%3A%2F%2Fwww.zunoticia.com%2Fnoticias-de-hidalgo%2F2022%2F08%2F22%2Faplaude-sector-empresarial-que-modulo-del-sat-reinicie-actividades%2F\" target=\"_top\" rel=\"nofollow\"><span class=\"icon\"><\/span><span class=\"text\">Share<\/span><\/a><a class=\"mashicon-twitter mash-large mash-center mashsb-noshadow\" href=\"https:\/\/twitter.com\/intent\/tweet?text=&amp;url=https:\/\/www.zunoticia.com\/noticias-de-hidalgo\/2022\/08\/22\/aplaude-sector-empresarial-que-modulo-del-sat-reinicie-actividades\/\" target=\"_top\" rel=\"nofollow\"><span class=\"icon\"><\/span><span class=\"text\">Tweet<\/span><\/a><div class=\"onoffswitch2 mash-large mashsb-noshadow\" style=\"display:none\"><\/div><\/div>\n            <\/div>\n                <div style=\"clear:both\"><\/div><div class=\"mashsb-toggle-container\"><\/div><\/aside>\n            <!-- Share buttons by mashshare.net - Version: 4.0.47-->\n<p><em>Por Enedino Hern\u00e1ndez\/Zunoticia<\/em><\/p>\n\n\n\n<p><strong>Huejutla, Hgo. &#8211;<\/strong> El representante del Sector Empresarial en Huejutla, Luis Enrique Camargo, calific\u00f3 de positivo y aplaudi\u00f3 el hecho de que el M\u00f3dulo de Atenci\u00f3n del Sistema de Administraci\u00f3n Tributaria (SAT) en Huejutla, ya est\u00e9 nuevamente en servicio y sobre todo que en este lugar se pueda realizar lo relacionado con la firma electr\u00f3nica FIEL, ya que anteriormente este tr\u00e1mite solo se hac\u00eda en la ciudad de Pachuca.<\/p>\n\n\n\n<p>Record\u00f3 que, anteriormente los contribuyentes ten\u00edan la necesidad de acudir hasta Pachuca o a otra ciudad que tuviera un m\u00f3dulo del SAT con todos los servicios, como es la renovaci\u00f3n o actualizaci\u00f3n de la Firma FIEL que es muy necesaria para poder hacer diversos tr\u00e1mites como facturar.<\/p>\n\n\n\n<p>\u201cEra una petici\u00f3n constante por parte de los compa\u00f1eros, y creo que del p\u00fablico en general, sobre todo que tuvi\u00e9ramos un m\u00f3dulo abierto que hab\u00eda estado cerrado durante la pandemia, que tambi\u00e9n tuvi\u00e9ramos la oportunidad de poder generar todo este tipo de tr\u00e1mites que no era posible.<\/p>\n\n\n\n<p>La buena noticia es que ya se puede realizar este tipo de tr\u00e1mite en las oficinas del SAT en Huejutla, como es la renovaci\u00f3n y creaci\u00f3n de los certificados de la firma FIEL, esto es algo bueno, porque nos ayuda a tener que evitar los traslados a otras ciudades como Pachuca, Tampico y Tuxpan\u201d se\u00f1al\u00f3.<\/p>\n\n\n\n<p>Finalmente, el representante del Sector Empresarial en Huejutla, Luis Enrique Camargo, se\u00f1al\u00f3 que obviamente se tiene que sacar una cita con anterioridad y cumplir con todos los requisitos que se solicitan, \u201cpero el solo hecho que ya no tengamos que trasladarnos a otras ciudades y hacer todo en Huejutla realmente s\u00ed que es algo muy positivo\u201d concluy\u00f3.<\/p>\n","protected":false},"excerpt":{"rendered":"<p>Por Enedino Hern\u00e1ndez\/Zunoticia Huejutla, Hgo. &#8211; El representante del Sector Empresarial en Huejutla, Luis Enrique Camargo, calific\u00f3 de positivo y aplaudi\u00f3 el hecho de que el M\u00f3dulo de Atenci\u00f3n del Sistema de Administraci\u00f3n Tributaria (SAT) en Huejutla, ya est\u00e9 nuevamente en servicio y sobre todo que en este lugar se pueda realizar lo relacionado con&hellip; <a class=\"more-link\" href=\"https:\/\/www.zunoticia.com\/noticias-de-hidalgo\/2022\/08\/22\/aplaude-sector-empresarial-que-modulo-del-sat-reinicie-actividades\/\">Seguir leyendo <span class=\"screen-reader-text\">Aplaude Sector Empresarial que m\u00f3dulo del SAT reinicie actividades<\/span><\/a><\/p>\n","protected":false},"author":13,"featured_media":440469,"comment_status":"open","ping_status":"open","sticky":false,"template":"","format":"standard","meta":{"rop_custom_images_group":[],"rop_custom_messages_group":[],"rop_publish_now":"initial","rop_publish_now_accounts":{"facebook_10159540855086992_322828327761733":""},"rop_publish_now_history":[],"rop_publish_now_status":"pending","footnotes":""},"categories":[181],"tags":[121],"class_list":["post-440468","post","type-post","status-publish","format-standard","has-post-thumbnail","hentry","category-huejutla","tag-huejutla","entry"],"_links":{"self":[{"href":"https:\/\/www.zunoticia.com\/noticias-de-hidalgo\/wp-json\/wp\/v2\/posts\/440468","targetHints":{"allow":["GET"]}}],"collection":[{"href":"https:\/\/www.zunoticia.com\/noticias-de-hidalgo\/wp-json\/wp\/v2\/posts"}],"about":[{"href":"https:\/\/www.zunoticia.com\/noticias-de-hidalgo\/wp-json\/wp\/v2\/types\/post"}],"author":[{"embeddable":true,"href":"https:\/\/www.zunoticia.com\/noticias-de-hidalgo\/wp-json\/wp\/v2\/users\/13"}],"replies":[{"embeddable":true,"href":"https:\/\/www.zunoticia.com\/noticias-de-hidalgo\/wp-json\/wp\/v2\/comments?post=440468"}],"version-history":[{"count":1,"href":"https:\/\/www.zunoticia.com\/noticias-de-hidalgo\/wp-json\/wp\/v2\/posts\/440468\/revisions"}],"predecessor-version":[{"id":440470,"href":"https:\/\/www.zunoticia.com\/noticias-de-hidalgo\/wp-json\/wp\/v2\/posts\/440468\/revisions\/440470"}],"wp:featuredmedia":[{"embeddable":true,"href":"https:\/\/www.zunoticia.com\/noticias-de-hidalgo\/wp-json\/wp\/v2\/media\/440469"}],"wp:attachment":[{"href":"https:\/\/www.zunoticia.com\/noticias-de-hidalgo\/wp-json\/wp\/v2\/media?parent=440468"}],"wp:term":[{"taxonomy":"category","embeddable":true,"href":"https:\/\/www.zunoticia.com\/noticias-de-hidalgo\/wp-json\/wp\/v2\/categories?post=440468"},{"taxonomy":"post_tag","embeddable":true,"href":"https:\/\/www.zunoticia.com\/noticias-de-hidalgo\/wp-json\/wp\/v2\/tags?post=440468"}],"curies":[{"name":"wp","href":"https:\/\/api.w.org\/{rel}","templated":true}]}}