{"id":440471,"date":"2022-08-22T16:29:03","date_gmt":"2022-08-22T21:29:03","guid":{"rendered":"https:\/\/www.zunoticia.com\/noticias-de-hidalgo\/?p=440471"},"modified":"2022-08-22T16:29:05","modified_gmt":"2022-08-22T21:29:05","slug":"bomberos-celebran-su-dia-este-lunes","status":"publish","type":"post","link":"https:\/\/www.zunoticia.com\/noticias-de-hidalgo\/2022\/08\/22\/bomberos-celebran-su-dia-este-lunes\/","title":{"rendered":"Bomberos celebran su d\u00eda este lunes"},"content":{"rendered":"<aside class=\"mashsb-container mashsb-main mashsb-stretched\"><div class=\"mashsb-box\"><div class=\"mashsb-count mash-large\" style=\"float:left\"><div class=\"counts mashsbcount\">0<\/div><span class=\"mashsb-sharetext\">SHARES<\/span><\/div><div class=\"mashsb-buttons\"><a class=\"mashicon-facebook mash-large mash-center mashsb-noshadow\" href=\"https:\/\/www.facebook.com\/sharer.php?u=https%3A%2F%2Fwww.zunoticia.com%2Fnoticias-de-hidalgo%2F2022%2F08%2F22%2Fbomberos-celebran-su-dia-este-lunes%2F\" target=\"_top\" rel=\"nofollow\"><span class=\"icon\"><\/span><span class=\"text\">Share<\/span><\/a><a class=\"mashicon-twitter mash-large mash-center mashsb-noshadow\" href=\"https:\/\/twitter.com\/intent\/tweet?text=&amp;url=https:\/\/www.zunoticia.com\/noticias-de-hidalgo\/2022\/08\/22\/bomberos-celebran-su-dia-este-lunes\/\" target=\"_top\" rel=\"nofollow\"><span class=\"icon\"><\/span><span class=\"text\">Tweet<\/span><\/a><div class=\"onoffswitch2 mash-large mashsb-noshadow\" style=\"display:none\"><\/div><\/div>\n            <\/div>\n                <div style=\"clear:both\"><\/div><div class=\"mashsb-toggle-container\"><\/div><\/aside>\n            <!-- Share buttons by mashshare.net - Version: 4.0.47-->\n<p><em>Por Francisco Rosas\/Zunoticia<\/em><\/p>\n\n\n\n<p><strong>Huejutla, Hgo. &#8211;<\/strong> Con una misa de acci\u00f3n de gracias en la Catedral, integrantes del Heroico Cuerpo de Bomberos de esta ciudad, celebraron su d\u00eda, la ma\u00f1ana de este lunes 22 de agosto.<\/p>\n\n\n\n<p>Debido a la contingencia sanitaria por Covid-19, no habr\u00e1 festejo con familiares y amistades, como se acostumbra hacer en el cuartel de la corporaci\u00f3n, afirm\u00f3 el instructor Carlos Francisco Hidalgo Contreras.<\/p>\n\n\n\n<p>Dijo que, el a\u00f1o pasado tambi\u00e9n solo se realiz\u00f3 una misa de acci\u00f3n de gracias por un aniversario m\u00e1s y este d\u00eda solo se ofreci\u00f3 un desayuno para puros elementos y mandos.<\/p>\n\n\n\n<p>Asimismo, en esta ocasi\u00f3n, por la pandemia los tambi\u00e9n llamados \u201capaga fuegos\u201d, no realizaron ning\u00fan boteo para recabar fondos a pesar de las m\u00faltiples carencias que hay en el cuerpo de rescate y salvamento; no obstante, las personas altruistas que gusten otorgar alg\u00fan apoyo o regalos, pueden pasar a la estaci\u00f3n de bomberos, ubicada en el bulevar Adolfo L\u00f3pez Mateos, colonia Aviaci\u00f3n Civil.<\/p>\n","protected":false},"excerpt":{"rendered":"<p>Por Francisco Rosas\/Zunoticia Huejutla, Hgo. &#8211; Con una misa de acci\u00f3n de gracias en la Catedral, integrantes del Heroico Cuerpo de Bomberos de esta ciudad, celebraron su d\u00eda, la ma\u00f1ana de este lunes 22 de agosto. Debido a la contingencia sanitaria por Covid-19, no habr\u00e1 festejo con familiares y amistades, como se acostumbra hacer en&hellip; <a class=\"more-link\" href=\"https:\/\/www.zunoticia.com\/noticias-de-hidalgo\/2022\/08\/22\/bomberos-celebran-su-dia-este-lunes\/\">Seguir leyendo <span class=\"screen-reader-text\">Bomberos celebran su d\u00eda este lunes<\/span><\/a><\/p>\n","protected":false},"author":13,"featured_media":440472,"comment_status":"open","ping_status":"open","sticky":false,"template":"","format":"standard","meta":{"rop_custom_images_group":[],"rop_custom_messages_group":[],"rop_publish_now":"initial","rop_publish_now_accounts":{"facebook_10159540855086992_322828327761733":""},"rop_publish_now_history":[],"rop_publish_now_status":"pending","footnotes":""},"categories":[181],"tags":[121],"class_list":["post-440471","post","type-post","status-publish","format-standard","has-post-thumbnail","hentry","category-huejutla","tag-huejutla","entry"],"_links":{"self":[{"href":"https:\/\/www.zunoticia.com\/noticias-de-hidalgo\/wp-json\/wp\/v2\/posts\/440471","targetHints":{"allow":["GET"]}}],"collection":[{"href":"https:\/\/www.zunoticia.com\/noticias-de-hidalgo\/wp-json\/wp\/v2\/posts"}],"about":[{"href":"https:\/\/www.zunoticia.com\/noticias-de-hidalgo\/wp-json\/wp\/v2\/types\/post"}],"author":[{"embeddable":true,"href":"https:\/\/www.zunoticia.com\/noticias-de-hidalgo\/wp-json\/wp\/v2\/users\/13"}],"replies":[{"embeddable":true,"href":"https:\/\/www.zunoticia.com\/noticias-de-hidalgo\/wp-json\/wp\/v2\/comments?post=440471"}],"version-history":[{"count":1,"href":"https:\/\/www.zunoticia.com\/noticias-de-hidalgo\/wp-json\/wp\/v2\/posts\/440471\/revisions"}],"predecessor-version":[{"id":440473,"href":"https:\/\/www.zunoticia.com\/noticias-de-hidalgo\/wp-json\/wp\/v2\/posts\/440471\/revisions\/440473"}],"wp:featuredmedia":[{"embeddable":true,"href":"https:\/\/www.zunoticia.com\/noticias-de-hidalgo\/wp-json\/wp\/v2\/media\/440472"}],"wp:attachment":[{"href":"https:\/\/www.zunoticia.com\/noticias-de-hidalgo\/wp-json\/wp\/v2\/media?parent=440471"}],"wp:term":[{"taxonomy":"category","embeddable":true,"href":"https:\/\/www.zunoticia.com\/noticias-de-hidalgo\/wp-json\/wp\/v2\/categories?post=440471"},{"taxonomy":"post_tag","embeddable":true,"href":"https:\/\/www.zunoticia.com\/noticias-de-hidalgo\/wp-json\/wp\/v2\/tags?post=440471"}],"curies":[{"name":"wp","href":"https:\/\/api.w.org\/{rel}","templated":true}]}}