{"id":440486,"date":"2022-08-22T16:43:38","date_gmt":"2022-08-22T21:43:38","guid":{"rendered":"https:\/\/www.zunoticia.com\/noticias-de-hidalgo\/?p=440486"},"modified":"2022-08-22T17:00:25","modified_gmt":"2022-08-22T22:00:25","slug":"casa-de-la-mujer-indigena-yankuiksitlalkali","status":"publish","type":"post","link":"https:\/\/www.zunoticia.com\/noticias-de-hidalgo\/2022\/08\/22\/casa-de-la-mujer-indigena-yankuiksitlalkali\/","title":{"rendered":"11 a\u00f1os de servicio cumple casa de la mujer ind\u00edgena &#8220;Yankuiksitlalkali&#8221;"},"content":{"rendered":"<aside class=\"mashsb-container mashsb-main mashsb-stretched\"><div class=\"mashsb-box\"><div class=\"mashsb-count mash-large\" style=\"float:left\"><div class=\"counts mashsbcount\">7<\/div><span class=\"mashsb-sharetext\">SHARES<\/span><\/div><div class=\"mashsb-buttons\"><a class=\"mashicon-facebook mash-large mash-center mashsb-noshadow\" href=\"https:\/\/www.facebook.com\/sharer.php?u=https%3A%2F%2Fwww.zunoticia.com%2Fnoticias-de-hidalgo%2F2022%2F08%2F22%2Fcasa-de-la-mujer-indigena-yankuiksitlalkali%2F\" target=\"_top\" rel=\"nofollow\"><span class=\"icon\"><\/span><span class=\"text\">Share<\/span><\/a><a class=\"mashicon-twitter mash-large mash-center mashsb-noshadow\" href=\"https:\/\/twitter.com\/intent\/tweet?text=&amp;url=https:\/\/www.zunoticia.com\/noticias-de-hidalgo\/2022\/08\/22\/casa-de-la-mujer-indigena-yankuiksitlalkali\/\" target=\"_top\" rel=\"nofollow\"><span class=\"icon\"><\/span><span class=\"text\">Tweet<\/span><\/a><div class=\"onoffswitch2 mash-large mashsb-noshadow\" style=\"display:none\"><\/div><\/div>\n            <\/div>\n                <div style=\"clear:both\"><\/div><div class=\"mashsb-toggle-container\"><\/div><\/aside>\n            <!-- Share buttons by mashshare.net - Version: 4.0.47-->\n<p><em>Por Gabriela Hern\u00e1ndez\/Zunoticia<\/em><\/p>\n\n\n\n<p><strong>Huejutla, Hgo. &#8211; <\/strong>En entrevista para Zunoticia Global, la se\u00f1ora Elvia Hern\u00e1ndez Dom\u00ednguez coordinadora de \u00e1reas de la Casa de la mujer ind\u00edgena, coment\u00f3 los inicios de esta organizaci\u00f3n en el a\u00f1o 2010 cuando se empez\u00f3 a gestionar dicha casa; fundada en base a un proyecto que se realiz\u00f3 por parte del Instituto Nacional de los&nbsp; Pueblos Ind\u00edgenas (INPI).<\/p>\n\n\n\n<p>En ese mismo a\u00f1o se aprob\u00f3 el proyecto para las mujeres ind\u00edgenas, y fue el 8 de marzo del 2011 cuando se inaugur\u00f3. Abre sus puertas la casa el 4 de mayo en un espacio para todas las mujeres que sufren alg\u00fan tipo de violencia de g\u00e9nero, sexual y reproductiva.<\/p>\n\n\n\n<p>Coment\u00f3 que, los servicios que brindan son asesor\u00edas, escucha, masajes antiestr\u00e9s, atenci\u00f3n psicol\u00f3gica y jur\u00eddica que se les da a las usuarias que as\u00ed lo requieran; de igual manera los casos se canalizan a las dependencias con las cuales est\u00e1n vinculados, donde se firman acuerdos de colaboraci\u00f3n para orientar los casos que se presentan ante justicia alternativa, derechos humanos, ministerio p\u00fablico, CAVI, juzgado civil y familiar, todo dependiendo si la usuaria as\u00ed lo decide, acompa\u00f1\u00e1ndolas, d\u00e1ndole seguimiento hasta finalizar el asunto.<\/p>\n\n\n\n<figure class=\"wp-block-image size-large\"><img fetchpriority=\"high\" decoding=\"async\" width=\"1024\" height=\"558\" src=\"https:\/\/www.zunoticia.com\/noticias-de-hidalgo\/wp-content\/uploads\/2022\/08\/WhatsApp-Image-2022-08-22-at-4.21.15-PM-1-1-1024x558.jpeg\" alt=\"\" class=\"wp-image-440487\" srcset=\"https:\/\/www.zunoticia.com\/noticias-de-hidalgo\/wp-content\/uploads\/2022\/08\/WhatsApp-Image-2022-08-22-at-4.21.15-PM-1-1-1024x558.jpeg 1024w, https:\/\/www.zunoticia.com\/noticias-de-hidalgo\/wp-content\/uploads\/2022\/08\/WhatsApp-Image-2022-08-22-at-4.21.15-PM-1-1-300x164.jpeg 300w, https:\/\/www.zunoticia.com\/noticias-de-hidalgo\/wp-content\/uploads\/2022\/08\/WhatsApp-Image-2022-08-22-at-4.21.15-PM-1-1-768x419.jpeg 768w, https:\/\/www.zunoticia.com\/noticias-de-hidalgo\/wp-content\/uploads\/2022\/08\/WhatsApp-Image-2022-08-22-at-4.21.15-PM-1-1.jpeg 1080w\" sizes=\"(max-width: 1024px) 100vw, 1024px\" \/><\/figure>\n\n\n\n<p>De igual manera, mencion\u00f3 que, se atienden a mujeres embarazadas, se cuenta con una partera, dos m\u00e9dicas tradicionales, tambi\u00e9n se elaboran pomadas de \u00e1rnica, vaporub, tabaco y jarabe para la tos.<\/p>\n\n\n\n<p>Otro de los servicios que brindan son atenci\u00f3n a las comunidades con talleres y conferencias de sensibilizaci\u00f3n a hombres y mujeres sobre sus derechos, la equidad de g\u00e9nero; tambi\u00e9n obras de teatro a ni\u00f1os y j\u00f3venes de primaria hasta educaci\u00f3n media superior con temas de la prevenci\u00f3n de los embarazos a temprana edad y la cultura del buen trato.<\/p>\n\n\n\n<p>Todos estos servicios son realizados por diferentes municipios en Huejutla, Jaltoc\u00e1n, Yahualica, Huazalingo y Xochiatipan.<\/p>\n\n\n\n<p>Por \u00faltimo hizo la invitaci\u00f3n a toda la poblaci\u00f3n en general para que acudan a las instalaciones de la CAMI, en carretera Huejutla-Chalahuiyapa, kil\u00f3metro 3.5 a un lado de la UTHH o frente a los corrales blancos; tambi\u00e9n pueden comunicarse al n\u00famero de tel\u00e9fono 788955 0066 o al 7713211563, de lunes a viernes, de 9:00 A.M. a 3:00 P.M. para cualquier asesor\u00eda o atenci\u00f3n.<\/p>\n","protected":false},"excerpt":{"rendered":"<p>Por Gabriela Hern\u00e1ndez\/Zunoticia Huejutla, Hgo. &#8211; En entrevista para Zunoticia Global, la se\u00f1ora Elvia Hern\u00e1ndez Dom\u00ednguez coordinadora de \u00e1reas de la Casa de la mujer ind\u00edgena, coment\u00f3 los inicios de esta organizaci\u00f3n en el a\u00f1o 2010 cuando se empez\u00f3 a gestionar dicha casa; fundada en base a un proyecto que se realiz\u00f3 por parte del&hellip; <a class=\"more-link\" href=\"https:\/\/www.zunoticia.com\/noticias-de-hidalgo\/2022\/08\/22\/casa-de-la-mujer-indigena-yankuiksitlalkali\/\">Seguir leyendo <span class=\"screen-reader-text\">11 a\u00f1os de servicio cumple casa de la mujer ind\u00edgena &#8220;Yankuiksitlalkali&#8221;<\/span><\/a><\/p>\n","protected":false},"author":13,"featured_media":440488,"comment_status":"open","ping_status":"open","sticky":false,"template":"","format":"standard","meta":{"rop_custom_images_group":[],"rop_custom_messages_group":[],"rop_publish_now":"initial","rop_publish_now_accounts":{"facebook_10159540855086992_322828327761733":""},"rop_publish_now_history":[],"rop_publish_now_status":"pending","footnotes":""},"categories":[181],"tags":[121],"class_list":["post-440486","post","type-post","status-publish","format-standard","has-post-thumbnail","hentry","category-huejutla","tag-huejutla","entry"],"_links":{"self":[{"href":"https:\/\/www.zunoticia.com\/noticias-de-hidalgo\/wp-json\/wp\/v2\/posts\/440486","targetHints":{"allow":["GET"]}}],"collection":[{"href":"https:\/\/www.zunoticia.com\/noticias-de-hidalgo\/wp-json\/wp\/v2\/posts"}],"about":[{"href":"https:\/\/www.zunoticia.com\/noticias-de-hidalgo\/wp-json\/wp\/v2\/types\/post"}],"author":[{"embeddable":true,"href":"https:\/\/www.zunoticia.com\/noticias-de-hidalgo\/wp-json\/wp\/v2\/users\/13"}],"replies":[{"embeddable":true,"href":"https:\/\/www.zunoticia.com\/noticias-de-hidalgo\/wp-json\/wp\/v2\/comments?post=440486"}],"version-history":[{"count":2,"href":"https:\/\/www.zunoticia.com\/noticias-de-hidalgo\/wp-json\/wp\/v2\/posts\/440486\/revisions"}],"predecessor-version":[{"id":440506,"href":"https:\/\/www.zunoticia.com\/noticias-de-hidalgo\/wp-json\/wp\/v2\/posts\/440486\/revisions\/440506"}],"wp:featuredmedia":[{"embeddable":true,"href":"https:\/\/www.zunoticia.com\/noticias-de-hidalgo\/wp-json\/wp\/v2\/media\/440488"}],"wp:attachment":[{"href":"https:\/\/www.zunoticia.com\/noticias-de-hidalgo\/wp-json\/wp\/v2\/media?parent=440486"}],"wp:term":[{"taxonomy":"category","embeddable":true,"href":"https:\/\/www.zunoticia.com\/noticias-de-hidalgo\/wp-json\/wp\/v2\/categories?post=440486"},{"taxonomy":"post_tag","embeddable":true,"href":"https:\/\/www.zunoticia.com\/noticias-de-hidalgo\/wp-json\/wp\/v2\/tags?post=440486"}],"curies":[{"name":"wp","href":"https:\/\/api.w.org\/{rel}","templated":true}]}}