{"id":440510,"date":"2022-08-22T17:15:54","date_gmt":"2022-08-22T22:15:54","guid":{"rendered":"https:\/\/www.zunoticia.com\/noticias-de-hidalgo\/?p=440510"},"modified":"2022-08-22T18:02:37","modified_gmt":"2022-08-22T23:02:37","slug":"issste-fomentan-autocuidado-y-apego-exitoso-de-pacientes-a-su-tratamiento","status":"publish","type":"post","link":"https:\/\/www.zunoticia.com\/noticias-de-hidalgo\/2022\/08\/22\/issste-fomentan-autocuidado-y-apego-exitoso-de-pacientes-a-su-tratamiento\/","title":{"rendered":"Fomentan autocuidado y apego exitoso de pacientes a su tratamiento"},"content":{"rendered":"<aside class=\"mashsb-container mashsb-main mashsb-stretched\"><div class=\"mashsb-box\"><div class=\"mashsb-count mash-large\" style=\"float:left\"><div class=\"counts mashsbcount\">16<\/div><span class=\"mashsb-sharetext\">SHARES<\/span><\/div><div class=\"mashsb-buttons\"><a class=\"mashicon-facebook mash-large mash-center mashsb-noshadow\" href=\"https:\/\/www.facebook.com\/sharer.php?u=https%3A%2F%2Fwww.zunoticia.com%2Fnoticias-de-hidalgo%2F2022%2F08%2F22%2Fissste-fomentan-autocuidado-y-apego-exitoso-de-pacientes-a-su-tratamiento%2F\" target=\"_top\" rel=\"nofollow\"><span class=\"icon\"><\/span><span class=\"text\">Share<\/span><\/a><a class=\"mashicon-twitter mash-large mash-center mashsb-noshadow\" href=\"https:\/\/twitter.com\/intent\/tweet?text=&amp;url=https:\/\/www.zunoticia.com\/noticias-de-hidalgo\/2022\/08\/22\/issste-fomentan-autocuidado-y-apego-exitoso-de-pacientes-a-su-tratamiento\/\" target=\"_top\" rel=\"nofollow\"><span class=\"icon\"><\/span><span class=\"text\">Tweet<\/span><\/a><div class=\"onoffswitch2 mash-large mashsb-noshadow\" style=\"display:none\"><\/div><\/div>\n            <\/div>\n                <div style=\"clear:both\"><\/div><div class=\"mashsb-toggle-container\"><\/div><\/aside>\n            <!-- Share buttons by mashshare.net - Version: 4.0.47-->\n<ul class=\"wp-block-list\"><li>Pedro Zenteno reconoce su destacada labor como promotores de educaci\u00f3n para la salud en familias derechohabientes.<\/li><li>Complementan atenci\u00f3n integral y multidisciplinaria de pacientes.<\/li><\/ul>\n\n\n\n<p><em>Por Redacci\u00f3n\/Zunoticia<\/em><\/p>\n\n\n\n<p><strong>Ciudad de M\u00e9xico. &#8211;<\/strong> Al conmemorar el D\u00eda Nacional de los y las Trabajadoras Sociales, el director general del Instituto de Seguridad y Servicios Sociales de los Trabajadores del Estado (Issste), Pedro Zenteno Santaella, felicit\u00f3 y reconoci\u00f3 la destacada labor que desempe\u00f1an como promotoras y promotores de la educaci\u00f3n para la salud en las familias derechohabientes, labor determinante en la estrategia de salud preventiva.<\/p>\n\n\n\n<p>La encargada de la jefatura de Trabajo Social del Hospital Regional \u201cGral. Ignacio Zaragoza\u201d, Yennifer \u00c1lvarez Lim\u00f3n, precis\u00f3: \u201cEn el instituto contribuimos a complementar la atenci\u00f3n integral y multidisciplinaria de los pacientes, proporcionando atenci\u00f3n individualizada con la finalidad de que se responsabilicen de su padecimiento y logren un apego exitoso a su tratamiento.\u201d<\/p>\n\n\n\n<p>Destac\u00f3 que el quehacer de quienes ejercen esta profesi\u00f3n en el Issste es totalmente asistencial: \u201cLa escucha, el buen trato y la comunicaci\u00f3n asertiva con el paciente son esenciales para ofrecer buena orientaci\u00f3n y que el derechohabiente pueda ver que el trabajador social tiene esa empat\u00eda para tratarlo dignamente y con respeto\u201d.<\/p>\n\n\n\n<p>Inform\u00f3 que, de enero a la fecha, 21 trabajadoras sociales y un trabajador social que laboran en este hospital han implementado diversas estrategias de salud preventiva para los derechohabientes, como los programas Ecos para el Bienestar en los que se brinda informaci\u00f3n, orientaci\u00f3n, promoci\u00f3n y difusi\u00f3n de diferentes temas de impacto social, como sensibilizaci\u00f3n sobre violencia familiar, prevenci\u00f3n de adicciones, cuidado de la salud mental, prevenci\u00f3n del suicidio, redes de apoyo para el adulto mayor, ente otros, en los que se ha impactado a m\u00e1s de 12 mil personas.<\/p>\n\n\n\n<p>En el mismo periodo, en atenci\u00f3n directa en cada piso hospitalario, el equipo de trabajo social ha atendido m\u00e1s de ocho mil personas con diferentes padecimientos y problem\u00e1ticas, a algunas de ellas se les ha vinculado con instituciones de asistencia social para apoyar en un mejor control de su salud.<\/p>\n\n\n\n<p>\u201cEsencialmente, la profesi\u00f3n tiene como objetivo contribuir a que cada paciente, con base en sus experiencias y su realidad, desarrolle herramientas y alternativas de soluci\u00f3n para afrontar de mejor manera la problem\u00e1tica con la que viven,\u201d puntualiz\u00f3.<\/p>\n\n\n\n<p>Yennifer \u00c1lvarez Lim\u00f3n dio a conocer que actualmente el equipo de trabajo social del Hospital Regional \u201cGral. Ignacio Zaragoza\u201d cuenta con un grupo de apoyo profesional para capacitar a madres, padres y cuidadores de ni\u00f1as, ni\u00f1os y adolescentes de&nbsp; ocho a 16 a\u00f1os, con hiperactividad con o sin d\u00e9ficit de atenci\u00f3n, en estrategias para mejorar su respuesta conductual.<\/p>\n\n\n\n<p>Son infantes y adolescentes que ya cuentan con tratamiento farmacol\u00f3gico, pero presentan problemas de conducta, bajo rendimiento escolar y dificultades de integraci\u00f3n social. \u201cEn estos cursos nos enfocamos en apoyar a madres y padres para que reconozcan el impacto de este padecimiento, aprendan a poner l\u00edmites con el objetivo de que sus hijos mejoren la interacci\u00f3n con familiares y compa\u00f1eros de escuela\u201d, indic\u00f3.<\/p>\n\n\n\n<p>Tambi\u00e9n coordinan grupos de autoayuda de pacientes con enfermedades cardiovasculares, virus de inmunodeficiencia humana (VIH) y diferentes tipos de c\u00e1ncer, donde se pone especial \u00e9nfasis en el manejo de las emociones.&nbsp;&nbsp;<\/p>\n\n\n\n<figure class=\"wp-block-gallery has-nested-images columns-default is-cropped wp-block-gallery-1 is-layout-flex wp-block-gallery-is-layout-flex\">\n<figure class=\"wp-block-image size-large\"><img fetchpriority=\"high\" decoding=\"async\" width=\"673\" height=\"1000\" data-id=\"440512\" src=\"https:\/\/www.zunoticia.com\/noticias-de-hidalgo\/wp-content\/uploads\/2022\/08\/WhatsApp-Image-2022-08-22-at-5.08.34-PM-1.jpeg\" alt=\"\" class=\"wp-image-440512\" srcset=\"https:\/\/www.zunoticia.com\/noticias-de-hidalgo\/wp-content\/uploads\/2022\/08\/WhatsApp-Image-2022-08-22-at-5.08.34-PM-1.jpeg 673w, https:\/\/www.zunoticia.com\/noticias-de-hidalgo\/wp-content\/uploads\/2022\/08\/WhatsApp-Image-2022-08-22-at-5.08.34-PM-1-202x300.jpeg 202w\" sizes=\"(max-width: 673px) 100vw, 673px\" \/><\/figure>\n\n\n\n<figure class=\"wp-block-image size-large\"><img decoding=\"async\" width=\"548\" height=\"1024\" data-id=\"440513\" src=\"https:\/\/www.zunoticia.com\/noticias-de-hidalgo\/wp-content\/uploads\/2022\/08\/WhatsApp-Image-2022-08-22-at-5.08.34-PM-1-1.jpeg\" alt=\"\" class=\"wp-image-440513\" srcset=\"https:\/\/www.zunoticia.com\/noticias-de-hidalgo\/wp-content\/uploads\/2022\/08\/WhatsApp-Image-2022-08-22-at-5.08.34-PM-1-1.jpeg 548w, https:\/\/www.zunoticia.com\/noticias-de-hidalgo\/wp-content\/uploads\/2022\/08\/WhatsApp-Image-2022-08-22-at-5.08.34-PM-1-1-161x300.jpeg 161w\" sizes=\"(max-width: 548px) 100vw, 548px\" \/><\/figure>\n<\/figure>\n\n\n\n<p>Anunci\u00f3 que en un mes iniciar\u00e1 la implementaci\u00f3n de un grupo de apoyo para difundir la importancia de la salud mental en las mujeres. \u201cVamos a dar cursos dirigidos a la poblaci\u00f3n derechohabiente para sensibilizaci\u00f3n sobre la importancia de su salud mental, manejo saludable de emociones, fortalecimiento de la autoestima y c\u00f3mo favorecer su desarrollo en el \u00e1mbito familiar, laboral y social\u201d, puntualiz\u00f3.<\/p>\n\n\n\n<p>\u201cLas personas profesionales de trabajo social del Issste estamos comprometidas con brindar una atenci\u00f3n de calidad y calidez a nuestros derechohabientes y otorgar esa escucha que necesitan para dar cauce a su problem\u00e1tica y ayudarles a encontrar soluciones de manera efectiva y eficaz para cada persona\u201d, concluy\u00f3.<\/p>\n","protected":false},"excerpt":{"rendered":"<p>Pedro Zenteno reconoce su destacada labor como promotores de educaci\u00f3n para la salud en familias derechohabientes. Complementan atenci\u00f3n integral y multidisciplinaria de pacientes. Por Redacci\u00f3n\/Zunoticia Ciudad de M\u00e9xico. &#8211; Al conmemorar el D\u00eda Nacional de los y las Trabajadoras Sociales, el director general del Instituto de Seguridad y Servicios Sociales de los Trabajadores del Estado&hellip; <a class=\"more-link\" href=\"https:\/\/www.zunoticia.com\/noticias-de-hidalgo\/2022\/08\/22\/issste-fomentan-autocuidado-y-apego-exitoso-de-pacientes-a-su-tratamiento\/\">Seguir leyendo <span class=\"screen-reader-text\">Fomentan autocuidado y apego exitoso de pacientes a su tratamiento<\/span><\/a><\/p>\n","protected":false},"author":13,"featured_media":440511,"comment_status":"open","ping_status":"open","sticky":false,"template":"","format":"standard","meta":{"rop_custom_images_group":[],"rop_custom_messages_group":[],"rop_publish_now":"initial","rop_publish_now_accounts":{"facebook_10159540855086992_322828327761733":""},"rop_publish_now_history":[],"rop_publish_now_status":"pending","footnotes":""},"categories":[218],"tags":[217],"class_list":["post-440510","post","type-post","status-publish","format-standard","has-post-thumbnail","hentry","category-nacional","tag-nacional","entry"],"_links":{"self":[{"href":"https:\/\/www.zunoticia.com\/noticias-de-hidalgo\/wp-json\/wp\/v2\/posts\/440510","targetHints":{"allow":["GET"]}}],"collection":[{"href":"https:\/\/www.zunoticia.com\/noticias-de-hidalgo\/wp-json\/wp\/v2\/posts"}],"about":[{"href":"https:\/\/www.zunoticia.com\/noticias-de-hidalgo\/wp-json\/wp\/v2\/types\/post"}],"author":[{"embeddable":true,"href":"https:\/\/www.zunoticia.com\/noticias-de-hidalgo\/wp-json\/wp\/v2\/users\/13"}],"replies":[{"embeddable":true,"href":"https:\/\/www.zunoticia.com\/noticias-de-hidalgo\/wp-json\/wp\/v2\/comments?post=440510"}],"version-history":[{"count":2,"href":"https:\/\/www.zunoticia.com\/noticias-de-hidalgo\/wp-json\/wp\/v2\/posts\/440510\/revisions"}],"predecessor-version":[{"id":440550,"href":"https:\/\/www.zunoticia.com\/noticias-de-hidalgo\/wp-json\/wp\/v2\/posts\/440510\/revisions\/440550"}],"wp:featuredmedia":[{"embeddable":true,"href":"https:\/\/www.zunoticia.com\/noticias-de-hidalgo\/wp-json\/wp\/v2\/media\/440511"}],"wp:attachment":[{"href":"https:\/\/www.zunoticia.com\/noticias-de-hidalgo\/wp-json\/wp\/v2\/media?parent=440510"}],"wp:term":[{"taxonomy":"category","embeddable":true,"href":"https:\/\/www.zunoticia.com\/noticias-de-hidalgo\/wp-json\/wp\/v2\/categories?post=440510"},{"taxonomy":"post_tag","embeddable":true,"href":"https:\/\/www.zunoticia.com\/noticias-de-hidalgo\/wp-json\/wp\/v2\/tags?post=440510"}],"curies":[{"name":"wp","href":"https:\/\/api.w.org\/{rel}","templated":true}]}}