{"id":440532,"date":"2022-08-22T17:50:22","date_gmt":"2022-08-22T22:50:22","guid":{"rendered":"https:\/\/www.zunoticia.com\/noticias-de-hidalgo\/?p=440532"},"modified":"2022-08-22T17:50:24","modified_gmt":"2022-08-22T22:50:24","slug":"escuela-normal-de-las-huastecas-participo-en-encuentro-cultural","status":"publish","type":"post","link":"https:\/\/www.zunoticia.com\/noticias-de-hidalgo\/2022\/08\/22\/escuela-normal-de-las-huastecas-participo-en-encuentro-cultural\/","title":{"rendered":"Escuela Normal de las Huastecas particip\u00f3 en encuentro cultural"},"content":{"rendered":"<aside class=\"mashsb-container mashsb-main mashsb-stretched\"><div class=\"mashsb-box\"><div class=\"mashsb-count mash-large\" style=\"float:left\"><div class=\"counts mashsbcount\">12<\/div><span class=\"mashsb-sharetext\">SHARES<\/span><\/div><div class=\"mashsb-buttons\"><a class=\"mashicon-facebook mash-large mash-center mashsb-noshadow\" href=\"https:\/\/www.facebook.com\/sharer.php?u=https%3A%2F%2Fwww.zunoticia.com%2Fnoticias-de-hidalgo%2F2022%2F08%2F22%2Fescuela-normal-de-las-huastecas-participo-en-encuentro-cultural%2F\" target=\"_top\" rel=\"nofollow\"><span class=\"icon\"><\/span><span class=\"text\">Share<\/span><\/a><a class=\"mashicon-twitter mash-large mash-center mashsb-noshadow\" href=\"https:\/\/twitter.com\/intent\/tweet?text=&amp;url=https:\/\/www.zunoticia.com\/noticias-de-hidalgo\/2022\/08\/22\/escuela-normal-de-las-huastecas-participo-en-encuentro-cultural\/\" target=\"_top\" rel=\"nofollow\"><span class=\"icon\"><\/span><span class=\"text\">Tweet<\/span><\/a><div class=\"onoffswitch2 mash-large mashsb-noshadow\" style=\"display:none\"><\/div><\/div>\n            <\/div>\n                <div style=\"clear:both\"><\/div><div class=\"mashsb-toggle-container\"><\/div><\/aside>\n            <!-- Share buttons by mashshare.net - Version: 4.0.47-->\n<p><em>Por Francisco Rosas\/Zunoticia<\/em><\/p>\n\n\n\n<p><strong>Huejutla, Hgo. &#8211;<\/strong> Alumnos de la Normal de las Huastecas, participaron en el primer encuentro cultural de las Escuelas Normales de la Huasteca, que se llev\u00f3 acabo en Tuxpan, Veracruz.<\/p>\n\n\n\n<p>En las actividades participaron los integrantes de la comunidad normalista con la conferencia &#8220;Expresiones y tradiciones de la huasteca&#8221;, dictada por el maestro Efr\u00e9n Fayad Islas; as\u00ed como huapangos y baile con los alumnos de la Licenciatura en Educaci\u00f3n Primaria Ind\u00edgena con Enfoque Intercultural Biling\u00fce, de la Licenciatura en Educaci\u00f3n Primaria General y Licenciatura en Educaci\u00f3n Preescolar con Enfoque Intercultural Biling\u00fce.<\/p>\n\n\n\n<figure class=\"wp-block-gallery has-nested-images columns-default is-cropped wp-block-gallery-1 is-layout-flex wp-block-gallery-is-layout-flex\">\n<figure class=\"wp-block-image size-full\"><img fetchpriority=\"high\" decoding=\"async\" width=\"720\" height=\"540\" data-id=\"440534\" src=\"https:\/\/www.zunoticia.com\/noticias-de-hidalgo\/wp-content\/uploads\/2022\/08\/WhatsApp-Image-2022-08-22-at-5.35.57-PM-1.jpeg\" alt=\"\" class=\"wp-image-440534\" srcset=\"https:\/\/www.zunoticia.com\/noticias-de-hidalgo\/wp-content\/uploads\/2022\/08\/WhatsApp-Image-2022-08-22-at-5.35.57-PM-1.jpeg 720w, https:\/\/www.zunoticia.com\/noticias-de-hidalgo\/wp-content\/uploads\/2022\/08\/WhatsApp-Image-2022-08-22-at-5.35.57-PM-1-300x225.jpeg 300w\" sizes=\"(max-width: 720px) 100vw, 720px\" \/><figcaption><em>Alumnos de la Escuela Normal de las Huastecas, participaron en encuentro cultural que se llev\u00f3 acabo en Tuxpan, Veracruz.<\/em><\/figcaption><\/figure>\n\n\n\n<figure class=\"wp-block-image size-full\"><img decoding=\"async\" width=\"720\" height=\"540\" data-id=\"440535\" src=\"https:\/\/www.zunoticia.com\/noticias-de-hidalgo\/wp-content\/uploads\/2022\/08\/WhatsApp-Image-2022-08-22-at-5.35.58-PM.jpeg\" alt=\"\" class=\"wp-image-440535\" srcset=\"https:\/\/www.zunoticia.com\/noticias-de-hidalgo\/wp-content\/uploads\/2022\/08\/WhatsApp-Image-2022-08-22-at-5.35.58-PM.jpeg 720w, https:\/\/www.zunoticia.com\/noticias-de-hidalgo\/wp-content\/uploads\/2022\/08\/WhatsApp-Image-2022-08-22-at-5.35.58-PM-300x225.jpeg 300w\" sizes=\"(max-width: 720px) 100vw, 720px\" \/><\/figure>\n<\/figure>\n\n\n\n<p>Personal docente y directivos, informaron que en el marco del primer encuentro de Escuelas Normales Huastecas, representando al normalismo del estado de Hidalgo en la ciudad de Tuxpan, Veracruz; tambi\u00e9n se cont\u00f3 con la participaci\u00f3n de la Direcci\u00f3n de Formaci\u00f3n y Superaci\u00f3n Docente, el Departamento de Educaci\u00f3n Normal en el estado de Hidalgo, la Escuela Normal del Valle del Mezquital, La Escuela Normal de la Sierra Hidalguense, Centro Regional de Educaci\u00f3n Normal Benito Ju\u00e1rez y la Escuela Normal Superior P\u00fablica del Estado de Hidalgo.<\/p>\n\n\n\n<p>En dicho encuentro se cont\u00f3 con la presencia de autoridades educativas estatales, directivos y docentes de las Escuelas Normales, adem\u00e1s la participaci\u00f3n del tr\u00edo y bailarines, conformado por&nbsp; estudiantes de la Escuela Normal de las Huastecas.<\/p>\n","protected":false},"excerpt":{"rendered":"<p>Por Francisco Rosas\/Zunoticia Huejutla, Hgo. &#8211; Alumnos de la Normal de las Huastecas, participaron en el primer encuentro cultural de las Escuelas Normales de la Huasteca, que se llev\u00f3 acabo en Tuxpan, Veracruz. En las actividades participaron los integrantes de la comunidad normalista con la conferencia &#8220;Expresiones y tradiciones de la huasteca&#8221;, dictada por el&hellip; <a class=\"more-link\" href=\"https:\/\/www.zunoticia.com\/noticias-de-hidalgo\/2022\/08\/22\/escuela-normal-de-las-huastecas-participo-en-encuentro-cultural\/\">Seguir leyendo <span class=\"screen-reader-text\">Escuela Normal de las Huastecas particip\u00f3 en encuentro cultural<\/span><\/a><\/p>\n","protected":false},"author":13,"featured_media":440533,"comment_status":"open","ping_status":"open","sticky":false,"template":"","format":"standard","meta":{"rop_custom_images_group":[],"rop_custom_messages_group":[],"rop_publish_now":"initial","rop_publish_now_accounts":{"facebook_10159540855086992_322828327761733":""},"rop_publish_now_history":[],"rop_publish_now_status":"pending","footnotes":""},"categories":[181],"tags":[121],"class_list":["post-440532","post","type-post","status-publish","format-standard","has-post-thumbnail","hentry","category-huejutla","tag-huejutla","entry"],"_links":{"self":[{"href":"https:\/\/www.zunoticia.com\/noticias-de-hidalgo\/wp-json\/wp\/v2\/posts\/440532","targetHints":{"allow":["GET"]}}],"collection":[{"href":"https:\/\/www.zunoticia.com\/noticias-de-hidalgo\/wp-json\/wp\/v2\/posts"}],"about":[{"href":"https:\/\/www.zunoticia.com\/noticias-de-hidalgo\/wp-json\/wp\/v2\/types\/post"}],"author":[{"embeddable":true,"href":"https:\/\/www.zunoticia.com\/noticias-de-hidalgo\/wp-json\/wp\/v2\/users\/13"}],"replies":[{"embeddable":true,"href":"https:\/\/www.zunoticia.com\/noticias-de-hidalgo\/wp-json\/wp\/v2\/comments?post=440532"}],"version-history":[{"count":1,"href":"https:\/\/www.zunoticia.com\/noticias-de-hidalgo\/wp-json\/wp\/v2\/posts\/440532\/revisions"}],"predecessor-version":[{"id":440536,"href":"https:\/\/www.zunoticia.com\/noticias-de-hidalgo\/wp-json\/wp\/v2\/posts\/440532\/revisions\/440536"}],"wp:featuredmedia":[{"embeddable":true,"href":"https:\/\/www.zunoticia.com\/noticias-de-hidalgo\/wp-json\/wp\/v2\/media\/440533"}],"wp:attachment":[{"href":"https:\/\/www.zunoticia.com\/noticias-de-hidalgo\/wp-json\/wp\/v2\/media?parent=440532"}],"wp:term":[{"taxonomy":"category","embeddable":true,"href":"https:\/\/www.zunoticia.com\/noticias-de-hidalgo\/wp-json\/wp\/v2\/categories?post=440532"},{"taxonomy":"post_tag","embeddable":true,"href":"https:\/\/www.zunoticia.com\/noticias-de-hidalgo\/wp-json\/wp\/v2\/tags?post=440532"}],"curies":[{"name":"wp","href":"https:\/\/api.w.org\/{rel}","templated":true}]}}