{"id":440541,"date":"2022-08-22T17:57:20","date_gmt":"2022-08-22T22:57:20","guid":{"rendered":"https:\/\/www.zunoticia.com\/noticias-de-hidalgo\/?p=440541"},"modified":"2022-08-22T17:57:21","modified_gmt":"2022-08-22T22:57:21","slug":"regreso-a-clases-sera-de-manera-presencial","status":"publish","type":"post","link":"https:\/\/www.zunoticia.com\/noticias-de-hidalgo\/2022\/08\/22\/regreso-a-clases-sera-de-manera-presencial\/","title":{"rendered":"Regreso a clases ser\u00e1 de manera presencial"},"content":{"rendered":"<aside class=\"mashsb-container mashsb-main mashsb-stretched\"><div class=\"mashsb-box\"><div class=\"mashsb-count mash-large\" style=\"float:left\"><div class=\"counts mashsbcount\">19<\/div><span class=\"mashsb-sharetext\">SHARES<\/span><\/div><div class=\"mashsb-buttons\"><a class=\"mashicon-facebook mash-large mash-center mashsb-noshadow\" href=\"https:\/\/www.facebook.com\/sharer.php?u=https%3A%2F%2Fwww.zunoticia.com%2Fnoticias-de-hidalgo%2F2022%2F08%2F22%2Fregreso-a-clases-sera-de-manera-presencial%2F\" target=\"_top\" rel=\"nofollow\"><span class=\"icon\"><\/span><span class=\"text\">Share<\/span><\/a><a class=\"mashicon-twitter mash-large mash-center mashsb-noshadow\" href=\"https:\/\/twitter.com\/intent\/tweet?text=&amp;url=https:\/\/www.zunoticia.com\/noticias-de-hidalgo\/2022\/08\/22\/regreso-a-clases-sera-de-manera-presencial\/\" target=\"_top\" rel=\"nofollow\"><span class=\"icon\"><\/span><span class=\"text\">Tweet<\/span><\/a><div class=\"onoffswitch2 mash-large mashsb-noshadow\" style=\"display:none\"><\/div><\/div>\n            <\/div>\n                <div style=\"clear:both\"><\/div><div class=\"mashsb-toggle-container\"><\/div><\/aside>\n            <!-- Share buttons by mashshare.net - Version: 4.0.47-->\n<ul class=\"wp-block-list\"><li>Docente exhorta a padres de familia, seguir aplicando los protocolos de salud.<\/li><\/ul>\n\n\n\n<p><em>Por Francisco Rosas\/Zunoticia<\/em><\/p>\n\n\n\n<p><strong>Huejutla, Hgo. &#8211;<\/strong> \u201cDe acuerdo con lo establecido por la Secretar\u00eda de Educaci\u00f3n P\u00fablica (SEP) y la Secretar\u00eda de Salud, el regreso a clases del ciclo escolar 2022-2023, ser\u00e1 de manera presencial\u201d, dijo el profesor en educaci\u00f3n ind\u00edgena Celino Aguilar Salas.<\/p>\n\n\n\n<p>En entrevista con Zunoticia, el docente manifest\u00f3 que el regreso a clases en las aulas, se dar\u00e1n de manera h\u00edbrida, desde luego con los protocolos de salud en alumnos y padres de familia.<\/p>\n\n\n\n<p>Asimismo, hizo hincapi\u00e9 que se fortalecer\u00e1n las medidas de bioseguridad para brindar escenarios seguros en las actividades escolares, con base en los protocolos establecidos entre las citadas Secretar\u00edas y los Comit\u00e9s Participativos de Salud Escolar; se fortalecer\u00e1 la comunicaci\u00f3n permanente entre las escuelas con las Jurisdicciones Sanitarias, para la toma oportuna de decisiones en caso de la presencia de casos o brotes.<\/p>\n\n\n\n<p>Finalmente coment\u00f3 que, se sugiere seguir manteniendo la sana distancia y sin aglomeraciones; de igual forma se agradece a los padres de familia por su entusiasmo de seguir apoyando a sus hijos y maestros.<\/p>\n","protected":false},"excerpt":{"rendered":"<p>Docente exhorta a padres de familia, seguir aplicando los protocolos de salud. Por Francisco Rosas\/Zunoticia Huejutla, Hgo. &#8211; \u201cDe acuerdo con lo establecido por la Secretar\u00eda de Educaci\u00f3n P\u00fablica (SEP) y la Secretar\u00eda de Salud, el regreso a clases del ciclo escolar 2022-2023, ser\u00e1 de manera presencial\u201d, dijo el profesor en educaci\u00f3n ind\u00edgena Celino Aguilar&hellip; <a class=\"more-link\" href=\"https:\/\/www.zunoticia.com\/noticias-de-hidalgo\/2022\/08\/22\/regreso-a-clases-sera-de-manera-presencial\/\">Seguir leyendo <span class=\"screen-reader-text\">Regreso a clases ser\u00e1 de manera presencial<\/span><\/a><\/p>\n","protected":false},"author":13,"featured_media":440542,"comment_status":"open","ping_status":"open","sticky":false,"template":"","format":"standard","meta":{"rop_custom_images_group":[],"rop_custom_messages_group":[],"rop_publish_now":"initial","rop_publish_now_accounts":{"facebook_10159540855086992_322828327761733":""},"rop_publish_now_history":[],"rop_publish_now_status":"pending","footnotes":""},"categories":[181],"tags":[121],"class_list":["post-440541","post","type-post","status-publish","format-standard","has-post-thumbnail","hentry","category-huejutla","tag-huejutla","entry"],"_links":{"self":[{"href":"https:\/\/www.zunoticia.com\/noticias-de-hidalgo\/wp-json\/wp\/v2\/posts\/440541","targetHints":{"allow":["GET"]}}],"collection":[{"href":"https:\/\/www.zunoticia.com\/noticias-de-hidalgo\/wp-json\/wp\/v2\/posts"}],"about":[{"href":"https:\/\/www.zunoticia.com\/noticias-de-hidalgo\/wp-json\/wp\/v2\/types\/post"}],"author":[{"embeddable":true,"href":"https:\/\/www.zunoticia.com\/noticias-de-hidalgo\/wp-json\/wp\/v2\/users\/13"}],"replies":[{"embeddable":true,"href":"https:\/\/www.zunoticia.com\/noticias-de-hidalgo\/wp-json\/wp\/v2\/comments?post=440541"}],"version-history":[{"count":1,"href":"https:\/\/www.zunoticia.com\/noticias-de-hidalgo\/wp-json\/wp\/v2\/posts\/440541\/revisions"}],"predecessor-version":[{"id":440543,"href":"https:\/\/www.zunoticia.com\/noticias-de-hidalgo\/wp-json\/wp\/v2\/posts\/440541\/revisions\/440543"}],"wp:featuredmedia":[{"embeddable":true,"href":"https:\/\/www.zunoticia.com\/noticias-de-hidalgo\/wp-json\/wp\/v2\/media\/440542"}],"wp:attachment":[{"href":"https:\/\/www.zunoticia.com\/noticias-de-hidalgo\/wp-json\/wp\/v2\/media?parent=440541"}],"wp:term":[{"taxonomy":"category","embeddable":true,"href":"https:\/\/www.zunoticia.com\/noticias-de-hidalgo\/wp-json\/wp\/v2\/categories?post=440541"},{"taxonomy":"post_tag","embeddable":true,"href":"https:\/\/www.zunoticia.com\/noticias-de-hidalgo\/wp-json\/wp\/v2\/tags?post=440541"}],"curies":[{"name":"wp","href":"https:\/\/api.w.org\/{rel}","templated":true}]}}