{"id":440547,"date":"2022-08-22T17:59:51","date_gmt":"2022-08-22T22:59:51","guid":{"rendered":"https:\/\/www.zunoticia.com\/noticias-de-hidalgo\/?p=440547"},"modified":"2022-08-22T17:59:53","modified_gmt":"2022-08-22T22:59:53","slug":"intensifican-proceso-de-la-siembra-del-cafe-en-la-region","status":"publish","type":"post","link":"https:\/\/www.zunoticia.com\/noticias-de-hidalgo\/2022\/08\/22\/intensifican-proceso-de-la-siembra-del-cafe-en-la-region\/","title":{"rendered":"Intensifican proceso de la siembra del caf\u00e9 en la regi\u00f3n"},"content":{"rendered":"<aside class=\"mashsb-container mashsb-main mashsb-stretched\"><div class=\"mashsb-box\"><div class=\"mashsb-count mash-large\" style=\"float:left\"><div class=\"counts mashsbcount\">30<\/div><span class=\"mashsb-sharetext\">SHARES<\/span><\/div><div class=\"mashsb-buttons\"><a class=\"mashicon-facebook mash-large mash-center mashsb-noshadow\" href=\"https:\/\/www.facebook.com\/sharer.php?u=https%3A%2F%2Fwww.zunoticia.com%2Fnoticias-de-hidalgo%2F2022%2F08%2F22%2Fintensifican-proceso-de-la-siembra-del-cafe-en-la-region%2F\" target=\"_top\" rel=\"nofollow\"><span class=\"icon\"><\/span><span class=\"text\">Share<\/span><\/a><a class=\"mashicon-twitter mash-large mash-center mashsb-noshadow\" href=\"https:\/\/twitter.com\/intent\/tweet?text=&amp;url=https:\/\/www.zunoticia.com\/noticias-de-hidalgo\/2022\/08\/22\/intensifican-proceso-de-la-siembra-del-cafe-en-la-region\/\" target=\"_top\" rel=\"nofollow\"><span class=\"icon\"><\/span><span class=\"text\">Tweet<\/span><\/a><div class=\"onoffswitch2 mash-large mashsb-noshadow\" style=\"display:none\"><\/div><\/div>\n            <\/div>\n                <div style=\"clear:both\"><\/div><div class=\"mashsb-toggle-container\"><\/div><\/aside>\n            <!-- Share buttons by mashshare.net - Version: 4.0.47-->\n<p><em>Por Enedino Hern\u00e1ndez\/Zunoticia<\/em><\/p>\n\n\n\n<p><strong>Huejutla, Hgo. &#8211;<\/strong> Como parte de las acciones enfocadas a fortalecer las parcelas con las plantaciones del caf\u00e9, productores de esta zona de Hidalgo intensifican el proceso de la siembra en la sierra y la huasteca, confirm\u00f3 el presidente de la Alianza de Productores Cafetaleros en Hidalgo, Refugio Bautista Hern\u00e1ndez.<\/p>\n\n\n\n<p>Dijo que, con las recientes lluvias, los productores de caf\u00e9 principalmente de municipios de la sierra aprovechan los tiempos para proceder a realizar la siembra de las plantas de caf\u00e9, \u201cson plantas que se ten\u00edan en reserva, se esperaban los tiempos y formas para poder sembrarlas\u201d.<\/p>\n\n\n\n<p>Abund\u00f3 que, adem\u00e1s de la plantaci\u00f3n del caf\u00e9, en intermedio se han sembrado mangos, mandarinas, naranja, lim\u00f3n, vainilla, pl\u00e1tano, ya que con ello se espera que adem\u00e1s del caf\u00e9 se pueda ampliar la producci\u00f3n con otros productos del campo.<\/p>\n\n\n\n<p>Asimismo, dijo que, por parte del gobierno federal se trabaja en diversos productos en beneficio del campo, tal y como se hace con el programa Sembrando Vida, en donde los productores que presentan su labor en el campo se les entregan los apoyos del programa.<\/p>\n\n\n\n<p>Refugio Bautista Hern\u00e1ndez, subray\u00f3 que con el programa Sembrando Vida poco a poco se va fortaleciendo la producci\u00f3n en el campo, pues con ello; tienen una solvencia suficiente para continuar con su trabajo y dem\u00e1s acciones, como parte de la estrategia de vida en el campo de la sierra y huasteca.<\/p>\n","protected":false},"excerpt":{"rendered":"<p>Por Enedino Hern\u00e1ndez\/Zunoticia Huejutla, Hgo. &#8211; Como parte de las acciones enfocadas a fortalecer las parcelas con las plantaciones del caf\u00e9, productores de esta zona de Hidalgo intensifican el proceso de la siembra en la sierra y la huasteca, confirm\u00f3 el presidente de la Alianza de Productores Cafetaleros en Hidalgo, Refugio Bautista Hern\u00e1ndez. Dijo que,&hellip; <a class=\"more-link\" href=\"https:\/\/www.zunoticia.com\/noticias-de-hidalgo\/2022\/08\/22\/intensifican-proceso-de-la-siembra-del-cafe-en-la-region\/\">Seguir leyendo <span class=\"screen-reader-text\">Intensifican proceso de la siembra del caf\u00e9 en la regi\u00f3n<\/span><\/a><\/p>\n","protected":false},"author":13,"featured_media":440548,"comment_status":"open","ping_status":"open","sticky":false,"template":"","format":"standard","meta":{"rop_custom_images_group":[],"rop_custom_messages_group":[],"rop_publish_now":"initial","rop_publish_now_accounts":{"facebook_10159540855086992_322828327761733":""},"rop_publish_now_history":[],"rop_publish_now_status":"pending","footnotes":""},"categories":[181],"tags":[121],"class_list":["post-440547","post","type-post","status-publish","format-standard","has-post-thumbnail","hentry","category-huejutla","tag-huejutla","entry"],"_links":{"self":[{"href":"https:\/\/www.zunoticia.com\/noticias-de-hidalgo\/wp-json\/wp\/v2\/posts\/440547","targetHints":{"allow":["GET"]}}],"collection":[{"href":"https:\/\/www.zunoticia.com\/noticias-de-hidalgo\/wp-json\/wp\/v2\/posts"}],"about":[{"href":"https:\/\/www.zunoticia.com\/noticias-de-hidalgo\/wp-json\/wp\/v2\/types\/post"}],"author":[{"embeddable":true,"href":"https:\/\/www.zunoticia.com\/noticias-de-hidalgo\/wp-json\/wp\/v2\/users\/13"}],"replies":[{"embeddable":true,"href":"https:\/\/www.zunoticia.com\/noticias-de-hidalgo\/wp-json\/wp\/v2\/comments?post=440547"}],"version-history":[{"count":1,"href":"https:\/\/www.zunoticia.com\/noticias-de-hidalgo\/wp-json\/wp\/v2\/posts\/440547\/revisions"}],"predecessor-version":[{"id":440549,"href":"https:\/\/www.zunoticia.com\/noticias-de-hidalgo\/wp-json\/wp\/v2\/posts\/440547\/revisions\/440549"}],"wp:featuredmedia":[{"embeddable":true,"href":"https:\/\/www.zunoticia.com\/noticias-de-hidalgo\/wp-json\/wp\/v2\/media\/440548"}],"wp:attachment":[{"href":"https:\/\/www.zunoticia.com\/noticias-de-hidalgo\/wp-json\/wp\/v2\/media?parent=440547"}],"wp:term":[{"taxonomy":"category","embeddable":true,"href":"https:\/\/www.zunoticia.com\/noticias-de-hidalgo\/wp-json\/wp\/v2\/categories?post=440547"},{"taxonomy":"post_tag","embeddable":true,"href":"https:\/\/www.zunoticia.com\/noticias-de-hidalgo\/wp-json\/wp\/v2\/tags?post=440547"}],"curies":[{"name":"wp","href":"https:\/\/api.w.org\/{rel}","templated":true}]}}