{"id":440593,"date":"2022-08-22T20:42:38","date_gmt":"2022-08-23T01:42:38","guid":{"rendered":"https:\/\/www.zunoticia.com\/noticias-de-hidalgo\/?p=440593"},"modified":"2022-08-22T20:42:40","modified_gmt":"2022-08-23T01:42:40","slug":"celebra-gobierno-del-estado-dia-del-bombero-con-ambulancias-y-equipamiento-de-rescate","status":"publish","type":"post","link":"https:\/\/www.zunoticia.com\/noticias-de-hidalgo\/2022\/08\/22\/celebra-gobierno-del-estado-dia-del-bombero-con-ambulancias-y-equipamiento-de-rescate\/","title":{"rendered":"Celebra Gobierno del estado D\u00eda del Bombero con ambulancias y equipamiento de rescate"},"content":{"rendered":"<aside class=\"mashsb-container mashsb-main mashsb-stretched\"><div class=\"mashsb-box\"><div class=\"mashsb-count mash-large\" style=\"float:left\"><div class=\"counts mashsbcount\">19<\/div><span class=\"mashsb-sharetext\">SHARES<\/span><\/div><div class=\"mashsb-buttons\"><a class=\"mashicon-facebook mash-large mash-center mashsb-noshadow\" href=\"https:\/\/www.facebook.com\/sharer.php?u=https%3A%2F%2Fwww.zunoticia.com%2Fnoticias-de-hidalgo%2F2022%2F08%2F22%2Fcelebra-gobierno-del-estado-dia-del-bombero-con-ambulancias-y-equipamiento-de-rescate%2F\" target=\"_top\" rel=\"nofollow\"><span class=\"icon\"><\/span><span class=\"text\">Share<\/span><\/a><a class=\"mashicon-twitter mash-large mash-center mashsb-noshadow\" href=\"https:\/\/twitter.com\/intent\/tweet?text=&amp;url=https:\/\/www.zunoticia.com\/noticias-de-hidalgo\/2022\/08\/22\/celebra-gobierno-del-estado-dia-del-bombero-con-ambulancias-y-equipamiento-de-rescate\/\" target=\"_top\" rel=\"nofollow\"><span class=\"icon\"><\/span><span class=\"text\">Tweet<\/span><\/a><div class=\"onoffswitch2 mash-large mashsb-noshadow\" style=\"display:none\"><\/div><\/div>\n            <\/div>\n                <div style=\"clear:both\"><\/div><div class=\"mashsb-toggle-container\"><\/div><\/aside>\n            <!-- Share buttons by mashshare.net - Version: 4.0.47-->\n<p><em>Por Redacci\u00f3n\/Zunoticia<\/em><em><\/em><\/p>\n\n\n\n<p><strong>Pachuca, Hgo<\/strong><strong>.-<\/strong> En el marco del D\u00eda Nacional del Bombero, el Gobierno de Hidalgo realiz\u00f3 la entrega de dos ambulancias, equipamiento de rescate en estructuras colapsadas y distinciones a la perseverancia y extensa labor a personal del H. Cuerpo de Bomberos de la Secretar\u00eda de Seguridad P\u00fablica.<\/p>\n\n\n\n<figure class=\"wp-block-image size-large\"><img fetchpriority=\"high\" decoding=\"async\" width=\"1024\" height=\"682\" src=\"https:\/\/www.zunoticia.com\/noticias-de-hidalgo\/wp-content\/uploads\/2022\/08\/eZy-Watermark-22-08-2022-08-04-09p.m.-1024x682.jpg\" alt=\"\" class=\"wp-image-440572\" srcset=\"https:\/\/www.zunoticia.com\/noticias-de-hidalgo\/wp-content\/uploads\/2022\/08\/eZy-Watermark-22-08-2022-08-04-09p.m.-1024x682.jpg 1024w, https:\/\/www.zunoticia.com\/noticias-de-hidalgo\/wp-content\/uploads\/2022\/08\/eZy-Watermark-22-08-2022-08-04-09p.m.-300x200.jpg 300w, https:\/\/www.zunoticia.com\/noticias-de-hidalgo\/wp-content\/uploads\/2022\/08\/eZy-Watermark-22-08-2022-08-04-09p.m.-768x512.jpg 768w, https:\/\/www.zunoticia.com\/noticias-de-hidalgo\/wp-content\/uploads\/2022\/08\/eZy-Watermark-22-08-2022-08-04-09p.m..jpg 1280w\" sizes=\"(max-width: 1024px) 100vw, 1024px\" \/><\/figure>\n\n\n\n<p>En representaci\u00f3n del gobernador Omar Fayad Meneses, el secretario de Gobierno, Sim\u00f3n Vargas Aguilar, asegur\u00f3 que gracias a la coordinaci\u00f3n y acompa\u00f1amiento de las instituciones federales y presidentes municipales se logran cuerpos de emergencia eficaces, al tiempo que felicit\u00f3 y reconoci\u00f3 a los bomberos por su labor comprometida con la ciudadan\u00eda.<\/p>\n\n\n\n<figure class=\"wp-block-image size-large\"><img decoding=\"async\" width=\"1024\" height=\"682\" src=\"https:\/\/www.zunoticia.com\/noticias-de-hidalgo\/wp-content\/uploads\/2022\/08\/eZy-Watermark-22-08-2022-08-04-45p.m.-1024x682.jpg\" alt=\"\" class=\"wp-image-440570\" srcset=\"https:\/\/www.zunoticia.com\/noticias-de-hidalgo\/wp-content\/uploads\/2022\/08\/eZy-Watermark-22-08-2022-08-04-45p.m.-1024x682.jpg 1024w, https:\/\/www.zunoticia.com\/noticias-de-hidalgo\/wp-content\/uploads\/2022\/08\/eZy-Watermark-22-08-2022-08-04-45p.m.-300x200.jpg 300w, https:\/\/www.zunoticia.com\/noticias-de-hidalgo\/wp-content\/uploads\/2022\/08\/eZy-Watermark-22-08-2022-08-04-45p.m.-768x512.jpg 768w, https:\/\/www.zunoticia.com\/noticias-de-hidalgo\/wp-content\/uploads\/2022\/08\/eZy-Watermark-22-08-2022-08-04-45p.m..jpg 1280w\" sizes=\"(max-width: 1024px) 100vw, 1024px\" \/><\/figure>\n\n\n\n<p>&#8220;La coordinaci\u00f3n tiene que hacerse total, integral, nadie abajo, todos coordinados, y cuando pasan sucesos que ponen en riesgo a la poblaci\u00f3n todos somos un solo equipo de trabajo\u201d, se\u00f1al\u00f3 en el desarrollo de la conmemoraci\u00f3n.<\/p>\n\n\n\n<figure class=\"wp-block-image size-large\"><img decoding=\"async\" width=\"1024\" height=\"683\" src=\"https:\/\/www.zunoticia.com\/noticias-de-hidalgo\/wp-content\/uploads\/2022\/08\/eZy-Watermark-22-08-2022-08-07-32p.m.-1024x683.jpg\" alt=\"\" class=\"wp-image-440568\" srcset=\"https:\/\/www.zunoticia.com\/noticias-de-hidalgo\/wp-content\/uploads\/2022\/08\/eZy-Watermark-22-08-2022-08-07-32p.m.-1024x683.jpg 1024w, https:\/\/www.zunoticia.com\/noticias-de-hidalgo\/wp-content\/uploads\/2022\/08\/eZy-Watermark-22-08-2022-08-07-32p.m.-300x200.jpg 300w, https:\/\/www.zunoticia.com\/noticias-de-hidalgo\/wp-content\/uploads\/2022\/08\/eZy-Watermark-22-08-2022-08-07-32p.m.-768x512.jpg 768w, https:\/\/www.zunoticia.com\/noticias-de-hidalgo\/wp-content\/uploads\/2022\/08\/eZy-Watermark-22-08-2022-08-07-32p.m..jpg 1280w\" sizes=\"(max-width: 1024px) 100vw, 1024px\" \/><\/figure>\n\n\n\n<p>Por su parte, Mauricio Delmar Saavedra, secretario de Seguridad P\u00fablica de Hidalgo, destac\u00f3 la necesidad de honrar a las personas que trabajan en la atenci\u00f3n de emergencias, as\u00ed como a esos servidores p\u00fablicos que dedican su labor a incidentes, que incluso pueden poner en riesgo sus vidas.<\/p>\n\n\n\n<p>\u201cCuando pensamos en voluntariado, en valor, en esp\u00edritu de servicio, la figura del bombero surge inmediatamente en nuestras mentes: es una de las representaciones m\u00e1s claras de la entrega an\u00f3nima y del hero\u00edsmo en nuestra sociedad.<\/p>\n\n\n\n<figure class=\"wp-block-image size-large\"><img loading=\"lazy\" decoding=\"async\" width=\"1024\" height=\"682\" src=\"https:\/\/www.zunoticia.com\/noticias-de-hidalgo\/wp-content\/uploads\/2022\/08\/eZy-Watermark-22-08-2022-08-07-14p.m.-1024x682.jpg\" alt=\"\" class=\"wp-image-440569\" srcset=\"https:\/\/www.zunoticia.com\/noticias-de-hidalgo\/wp-content\/uploads\/2022\/08\/eZy-Watermark-22-08-2022-08-07-14p.m.-1024x682.jpg 1024w, https:\/\/www.zunoticia.com\/noticias-de-hidalgo\/wp-content\/uploads\/2022\/08\/eZy-Watermark-22-08-2022-08-07-14p.m.-300x200.jpg 300w, https:\/\/www.zunoticia.com\/noticias-de-hidalgo\/wp-content\/uploads\/2022\/08\/eZy-Watermark-22-08-2022-08-07-14p.m.-768x511.jpg 768w, https:\/\/www.zunoticia.com\/noticias-de-hidalgo\/wp-content\/uploads\/2022\/08\/eZy-Watermark-22-08-2022-08-07-14p.m..jpg 1280w\" sizes=\"(max-width: 1024px) 100vw, 1024px\" \/><\/figure>\n\n\n\n<p>Tenemos con todos ellos una enorme deuda de gratitud. Una gratitud que en cada comunidad, en cada ciudad y en cada municipio se expresa a trav\u00e9s de muestras de cari\u00f1o y de respeto\u201d, expres\u00f3.<\/p>\n\n\n\n<figure class=\"wp-block-image size-large\"><img loading=\"lazy\" decoding=\"async\" width=\"1024\" height=\"682\" src=\"https:\/\/www.zunoticia.com\/noticias-de-hidalgo\/wp-content\/uploads\/2022\/08\/eZy-Watermark-22-08-2022-08-04-27p.m.-1024x682.jpg\" alt=\"\" class=\"wp-image-440571\" srcset=\"https:\/\/www.zunoticia.com\/noticias-de-hidalgo\/wp-content\/uploads\/2022\/08\/eZy-Watermark-22-08-2022-08-04-27p.m.-1024x682.jpg 1024w, https:\/\/www.zunoticia.com\/noticias-de-hidalgo\/wp-content\/uploads\/2022\/08\/eZy-Watermark-22-08-2022-08-04-27p.m.-300x200.jpg 300w, https:\/\/www.zunoticia.com\/noticias-de-hidalgo\/wp-content\/uploads\/2022\/08\/eZy-Watermark-22-08-2022-08-04-27p.m.-768x511.jpg 768w, https:\/\/www.zunoticia.com\/noticias-de-hidalgo\/wp-content\/uploads\/2022\/08\/eZy-Watermark-22-08-2022-08-04-27p.m..jpg 1280w\" sizes=\"(max-width: 1024px) 100vw, 1024px\" \/><\/figure>\n\n\n\n<p>En el encuentro se recibi\u00f3 la participaci\u00f3n del General de Brigada DEM, Juan Jos\u00e9 G\u00f3mez Ruiz, comandante de la 18va Zona Militar, los alcaldes de Ajacuba, Epazoyucan, Pachuca, Tlanalapa y Tula, y de bomberos y especialistas en protecci\u00f3n civil de los diferentes municipios de la entidad.<\/p>\n\n\n\n<p>Por la ma\u00f1ana se llev\u00f3 a cabo una guardia de honor y ofrenda floral en el Monumento al Bombero, en el municipio de Pachuca, actividad encabezada por el secretario Mauricio Delmar, con el acompa\u00f1amiento de las y los titulares de las unidades administrativas y operativas de la Secretar\u00eda de Seguridad P\u00fablica de Hidalgo.<\/p>\n","protected":false},"excerpt":{"rendered":"<p>Por Redacci\u00f3n\/Zunoticia Pachuca, Hgo.- En el marco del D\u00eda Nacional del Bombero, el Gobierno de Hidalgo realiz\u00f3 la entrega de dos ambulancias, equipamiento de rescate en estructuras colapsadas y distinciones a la perseverancia y extensa labor a personal del H. Cuerpo de Bomberos de la Secretar\u00eda de Seguridad P\u00fablica. En representaci\u00f3n del gobernador Omar Fayad&hellip; <a class=\"more-link\" href=\"https:\/\/www.zunoticia.com\/noticias-de-hidalgo\/2022\/08\/22\/celebra-gobierno-del-estado-dia-del-bombero-con-ambulancias-y-equipamiento-de-rescate\/\">Seguir leyendo <span class=\"screen-reader-text\">Celebra Gobierno del estado D\u00eda del Bombero con ambulancias y equipamiento de rescate<\/span><\/a><\/p>\n","protected":false},"author":12,"featured_media":440573,"comment_status":"open","ping_status":"open","sticky":false,"template":"","format":"standard","meta":{"rop_custom_images_group":[],"rop_custom_messages_group":[],"rop_publish_now":"initial","rop_publish_now_accounts":{"facebook_10159540855086992_322828327761733":""},"rop_publish_now_history":[],"rop_publish_now_status":"pending","footnotes":""},"categories":[208],"tags":[214],"class_list":["post-440593","post","type-post","status-publish","format-standard","has-post-thumbnail","hentry","category-estado","tag-estado","entry"],"_links":{"self":[{"href":"https:\/\/www.zunoticia.com\/noticias-de-hidalgo\/wp-json\/wp\/v2\/posts\/440593","targetHints":{"allow":["GET"]}}],"collection":[{"href":"https:\/\/www.zunoticia.com\/noticias-de-hidalgo\/wp-json\/wp\/v2\/posts"}],"about":[{"href":"https:\/\/www.zunoticia.com\/noticias-de-hidalgo\/wp-json\/wp\/v2\/types\/post"}],"author":[{"embeddable":true,"href":"https:\/\/www.zunoticia.com\/noticias-de-hidalgo\/wp-json\/wp\/v2\/users\/12"}],"replies":[{"embeddable":true,"href":"https:\/\/www.zunoticia.com\/noticias-de-hidalgo\/wp-json\/wp\/v2\/comments?post=440593"}],"version-history":[{"count":1,"href":"https:\/\/www.zunoticia.com\/noticias-de-hidalgo\/wp-json\/wp\/v2\/posts\/440593\/revisions"}],"predecessor-version":[{"id":440594,"href":"https:\/\/www.zunoticia.com\/noticias-de-hidalgo\/wp-json\/wp\/v2\/posts\/440593\/revisions\/440594"}],"wp:featuredmedia":[{"embeddable":true,"href":"https:\/\/www.zunoticia.com\/noticias-de-hidalgo\/wp-json\/wp\/v2\/media\/440573"}],"wp:attachment":[{"href":"https:\/\/www.zunoticia.com\/noticias-de-hidalgo\/wp-json\/wp\/v2\/media?parent=440593"}],"wp:term":[{"taxonomy":"category","embeddable":true,"href":"https:\/\/www.zunoticia.com\/noticias-de-hidalgo\/wp-json\/wp\/v2\/categories?post=440593"},{"taxonomy":"post_tag","embeddable":true,"href":"https:\/\/www.zunoticia.com\/noticias-de-hidalgo\/wp-json\/wp\/v2\/tags?post=440593"}],"curies":[{"name":"wp","href":"https:\/\/api.w.org\/{rel}","templated":true}]}}