{"id":440617,"date":"2022-08-22T22:53:18","date_gmt":"2022-08-23T03:53:18","guid":{"rendered":"https:\/\/www.zunoticia.com\/noticias-de-hidalgo\/?p=440617"},"modified":"2022-08-22T22:53:20","modified_gmt":"2022-08-23T03:53:20","slug":"espejeando-por-perseo-387","status":"publish","type":"post","link":"https:\/\/www.zunoticia.com\/noticias-de-hidalgo\/2022\/08\/22\/espejeando-por-perseo-387\/","title":{"rendered":"ESPEJEANDO por Perseo"},"content":{"rendered":"<aside class=\"mashsb-container mashsb-main mashsb-stretched\"><div class=\"mashsb-box\"><div class=\"mashsb-count mash-large\" style=\"float:left\"><div class=\"counts mashsbcount\">24<\/div><span class=\"mashsb-sharetext\">SHARES<\/span><\/div><div class=\"mashsb-buttons\"><a class=\"mashicon-facebook mash-large mash-center mashsb-noshadow\" href=\"https:\/\/www.facebook.com\/sharer.php?u=https%3A%2F%2Fwww.zunoticia.com%2Fnoticias-de-hidalgo%2F2022%2F08%2F22%2Fespejeando-por-perseo-387%2F\" target=\"_top\" rel=\"nofollow\"><span class=\"icon\"><\/span><span class=\"text\">Share<\/span><\/a><a class=\"mashicon-twitter mash-large mash-center mashsb-noshadow\" href=\"https:\/\/twitter.com\/intent\/tweet?text=&amp;url=https:\/\/www.zunoticia.com\/noticias-de-hidalgo\/2022\/08\/22\/espejeando-por-perseo-387\/\" target=\"_top\" rel=\"nofollow\"><span class=\"icon\"><\/span><span class=\"text\">Tweet<\/span><\/a><div class=\"onoffswitch2 mash-large mashsb-noshadow\" style=\"display:none\"><\/div><\/div>\n            <\/div>\n                <div style=\"clear:both\"><\/div><div class=\"mashsb-toggle-container\"><\/div><\/aside>\n            <!-- Share buttons by mashshare.net - Version: 4.0.47-->\n<p>\u2022 Ayer fue asesinado en Chilpancingo, Guerrero el periodista Fredy Rom\u00e1n, el n\u00famero 15 en lo que va del a\u00f1o en nuestro pa\u00eds, sin contar a los 4 trabajadores de la estaci\u00f3n de radio en Ciudad Ju\u00e1rez.<\/p>\n\n\n\n<p>\u2022 Estos acontecimientos graves enlutan la comunicaci\u00f3n nacional, la suma de medios de comunicaci\u00f3n al luto es inevitable, sin protocolo ni consignas, pero con la dignidad muy en alto.<\/p>\n\n\n\n<p>\u2022 Por eso muchos coincidimos que mientras los pol\u00edticos tradicionales pretenden establecer que todo est\u00e1 bien, que no pasa nada, la realidad es que no.<\/p>\n\n\n\n<p>\u2022 Dec\u00eda hoy en conferencia de prensa en San Luis Potos\u00ed el mismo l\u00edder nacional del Partido del Trabajo, Gerardo Fern\u00e1ndez Noro\u00f1a, que hay errores como esa extra\u00f1a coincidencia que tras salir Rosario Robles entre el ex Procurador de Justicia a la c\u00e1rcel, esto ha puesto en tela de duda la seriedad de los que gobiernan y un error a estas alturas pudiera ser destrozo para ellos.<\/p>\n\n\n\n<p>\u2022\u2022 El Diputado Federal Mart\u00edn Soto estar\u00e1 hoy martes en la ganadera local para hablar de Reforma Electoral en una mera asamblea informativa. Viene lo bueno y se habr\u00e1 de poner mejor, pues ahora los ciudadanos inundados de pol\u00edtica electoral, y \u00bfSer\u00e1 esto lo que quieren los ciudadanos? O los ciudadanos estamos esperando transformaci\u00f3n?<\/p>\n\n\n\n<p>\u2022\u2022 Lo anterior porque parece que no se ha advertido que la intenci\u00f3n de contagiarnos de su inter\u00e9s, no es lo que busca la sociedad en general, cuando menos en este momento de crisis. Es decir, ellos hablan de lo que les interesa pero eso implica ver una sociedad ap\u00e1tica que no consume el deseo de abarrotar espacios, que no est\u00e1n de acuerdo con el inter\u00e9s del pol\u00edtico y que sus decisiones pol\u00edticas no las comparte el pueblo; y bajo ese contexto podr\u00e1n aplastar a una oposici\u00f3n pol\u00edtica con una participaci\u00f3n inferior, porque ese es el inter\u00e9s que tiene la sociedad por los pol\u00edticos.<\/p>\n\n\n\n<p>\u2022\u2022 Veamos si la pr\u00f3xima candidate o el pr\u00f3ximo candidato de la rep\u00fablica de Morena saca a votar a los m\u00e1s de 30 millones de mexicanos que participaron en la pasada elecci\u00f3n, recordemos que eso lo hizo Andr\u00e9s Manuel L\u00f3pez Obrador.<\/p>\n\n\n\n<p>\u2022\u2022\u2022 Ayer fue un d\u00eda importante, conmemoramos el D\u00eda Nacional del Bombero, el Gobierno de Hidalgo realiz\u00f3 la entrega de dos ambulancias, equipamiento de rescate en estructuras colapsadas y distinciones a la perseverancia y extensa labor a personal del H. Cuerpo de Bomberos de la Secretar\u00eda de Seguridad P\u00fablica.<\/p>\n\n\n\n<p>\u2022\u2022\u2022 El secretario de gobierno Sim\u00f3n Vargas Aguilar reconoci\u00f3&nbsp; la coordinaci\u00f3n y acompa\u00f1amiento de las instituciones federales y presidentes municipales que logran cuerpos de emergencia eficaces, al tiempo que felicit\u00f3 y reconoci\u00f3 a los bomberos por su labor comprometida con la ciudadan\u00eda.<\/p>\n\n\n\n<p>\u2022\u2022\u2022 En Huejutla, pese a los esfuerzos, hace falta una sub estaci\u00f3n de bomberos en un punto contrario de su ubicaci\u00f3n, que permita un traslado inmediato a las conflagraciones.<\/p>\n\n\n\n<p>\u2022\u2022\u2022 Tenemos en los municipios huastecos un olvidado factor de acercar el cuerpo de bomberos y esa debe ser visi\u00f3n de los alcaldes; imagine la salida de una motobomba a Yahualica o Calnali,&nbsp; a Xochiatipan o Huautla, no tiene caso ni que salgan para cuando lleguen ya se consumi\u00f3 cualquier casa o cosa que arda.<\/p>\n\n\n\n<p>\u2022\u2022\u2022 Por eso la estrategia de que Bomberos crezca debe contemplar municipios estrat\u00e9gicos y uno de estos es Atlapexco por su ubicaci\u00f3n y comunicaci\u00f3n en modalidad de se\u00f1al de internet o cobertura.<\/p>\n\n\n\n<figure class=\"wp-block-image size-large\"><img fetchpriority=\"high\" decoding=\"async\" width=\"1024\" height=\"768\" src=\"https:\/\/www.zunoticia.com\/noticias-de-hidalgo\/wp-content\/uploads\/2022\/08\/WhatsApp-Image-2022-08-22-at-10.51.34-PM-1024x768.jpeg\" alt=\"\" class=\"wp-image-440620\" srcset=\"https:\/\/www.zunoticia.com\/noticias-de-hidalgo\/wp-content\/uploads\/2022\/08\/WhatsApp-Image-2022-08-22-at-10.51.34-PM-1024x768.jpeg 1024w, https:\/\/www.zunoticia.com\/noticias-de-hidalgo\/wp-content\/uploads\/2022\/08\/WhatsApp-Image-2022-08-22-at-10.51.34-PM-300x225.jpeg 300w, https:\/\/www.zunoticia.com\/noticias-de-hidalgo\/wp-content\/uploads\/2022\/08\/WhatsApp-Image-2022-08-22-at-10.51.34-PM-768x576.jpeg 768w, https:\/\/www.zunoticia.com\/noticias-de-hidalgo\/wp-content\/uploads\/2022\/08\/WhatsApp-Image-2022-08-22-at-10.51.34-PM.jpeg 1280w\" sizes=\"(max-width: 1024px) 100vw, 1024px\" \/><\/figure>\n","protected":false},"excerpt":{"rendered":"<p>\u2022 Ayer fue asesinado en Chilpancingo, Guerrero el periodista Fredy Rom\u00e1n, el n\u00famero 15 en lo que va del a\u00f1o en nuestro pa\u00eds, sin contar a los 4 trabajadores de la estaci\u00f3n de radio en Ciudad Ju\u00e1rez. \u2022 Estos acontecimientos graves enlutan la comunicaci\u00f3n nacional, la suma de medios de comunicaci\u00f3n al luto es inevitable,&hellip; <a class=\"more-link\" href=\"https:\/\/www.zunoticia.com\/noticias-de-hidalgo\/2022\/08\/22\/espejeando-por-perseo-387\/\">Seguir leyendo <span class=\"screen-reader-text\">ESPEJEANDO por Perseo<\/span><\/a><\/p>\n","protected":false},"author":12,"featured_media":440587,"comment_status":"open","ping_status":"open","sticky":false,"template":"","format":"standard","meta":{"rop_custom_images_group":[],"rop_custom_messages_group":[],"rop_publish_now":"initial","rop_publish_now_accounts":{"facebook_10159540855086992_322828327761733":""},"rop_publish_now_history":[],"rop_publish_now_status":"pending","footnotes":""},"categories":[176],"tags":[205],"class_list":["post-440617","post","type-post","status-publish","format-standard","has-post-thumbnail","hentry","category-espejeando","tag-espejeando","entry"],"_links":{"self":[{"href":"https:\/\/www.zunoticia.com\/noticias-de-hidalgo\/wp-json\/wp\/v2\/posts\/440617","targetHints":{"allow":["GET"]}}],"collection":[{"href":"https:\/\/www.zunoticia.com\/noticias-de-hidalgo\/wp-json\/wp\/v2\/posts"}],"about":[{"href":"https:\/\/www.zunoticia.com\/noticias-de-hidalgo\/wp-json\/wp\/v2\/types\/post"}],"author":[{"embeddable":true,"href":"https:\/\/www.zunoticia.com\/noticias-de-hidalgo\/wp-json\/wp\/v2\/users\/12"}],"replies":[{"embeddable":true,"href":"https:\/\/www.zunoticia.com\/noticias-de-hidalgo\/wp-json\/wp\/v2\/comments?post=440617"}],"version-history":[{"count":1,"href":"https:\/\/www.zunoticia.com\/noticias-de-hidalgo\/wp-json\/wp\/v2\/posts\/440617\/revisions"}],"predecessor-version":[{"id":440621,"href":"https:\/\/www.zunoticia.com\/noticias-de-hidalgo\/wp-json\/wp\/v2\/posts\/440617\/revisions\/440621"}],"wp:featuredmedia":[{"embeddable":true,"href":"https:\/\/www.zunoticia.com\/noticias-de-hidalgo\/wp-json\/wp\/v2\/media\/440587"}],"wp:attachment":[{"href":"https:\/\/www.zunoticia.com\/noticias-de-hidalgo\/wp-json\/wp\/v2\/media?parent=440617"}],"wp:term":[{"taxonomy":"category","embeddable":true,"href":"https:\/\/www.zunoticia.com\/noticias-de-hidalgo\/wp-json\/wp\/v2\/categories?post=440617"},{"taxonomy":"post_tag","embeddable":true,"href":"https:\/\/www.zunoticia.com\/noticias-de-hidalgo\/wp-json\/wp\/v2\/tags?post=440617"}],"curies":[{"name":"wp","href":"https:\/\/api.w.org\/{rel}","templated":true}]}}