{"id":440816,"date":"2022-08-24T16:00:30","date_gmt":"2022-08-24T21:00:30","guid":{"rendered":"https:\/\/www.zunoticia.com\/noticias-de-hidalgo\/?p=440816"},"modified":"2022-08-24T16:00:32","modified_gmt":"2022-08-24T21:00:32","slug":"avanza-issste-en-acciones-de-autocuidado-para-la-poblacion-pedro-zenteno","status":"publish","type":"post","link":"https:\/\/www.zunoticia.com\/noticias-de-hidalgo\/2022\/08\/24\/avanza-issste-en-acciones-de-autocuidado-para-la-poblacion-pedro-zenteno\/","title":{"rendered":"Avanza ISSSTE en acciones de autocuidado para la poblaci\u00f3n: Pedro Zenteno"},"content":{"rendered":"<aside class=\"mashsb-container mashsb-main mashsb-stretched\"><div class=\"mashsb-box\"><div class=\"mashsb-count mash-large\" style=\"float:left\"><div class=\"counts mashsbcount\">17<\/div><span class=\"mashsb-sharetext\">SHARES<\/span><\/div><div class=\"mashsb-buttons\"><a class=\"mashicon-facebook mash-large mash-center mashsb-noshadow\" href=\"https:\/\/www.facebook.com\/sharer.php?u=https%3A%2F%2Fwww.zunoticia.com%2Fnoticias-de-hidalgo%2F2022%2F08%2F24%2Favanza-issste-en-acciones-de-autocuidado-para-la-poblacion-pedro-zenteno%2F\" target=\"_top\" rel=\"nofollow\"><span class=\"icon\"><\/span><span class=\"text\">Share<\/span><\/a><a class=\"mashicon-twitter mash-large mash-center mashsb-noshadow\" href=\"https:\/\/twitter.com\/intent\/tweet?text=&amp;url=https:\/\/www.zunoticia.com\/noticias-de-hidalgo\/2022\/08\/24\/avanza-issste-en-acciones-de-autocuidado-para-la-poblacion-pedro-zenteno\/\" target=\"_top\" rel=\"nofollow\"><span class=\"icon\"><\/span><span class=\"text\">Tweet<\/span><\/a><div class=\"onoffswitch2 mash-large mashsb-noshadow\" style=\"display:none\"><\/div><\/div>\n            <\/div>\n                <div style=\"clear:both\"><\/div><div class=\"mashsb-toggle-container\"><\/div><\/aside>\n            <!-- Share buttons by mashshare.net - Version: 4.0.47-->\n<ul class=\"wp-block-list\"><li>Tercera edici\u00f3n de la Feria de la Salud se llev\u00f3 a cabo en las oficinas centrales de Buenavista, con estudios cl\u00ednicos, activaciones f\u00edsicas y conferencias.<\/li><li>En lugar de atender la enfermedad, promovemos acciones diarias a favor de su salud: Judith Garc\u00eda de Alba.<\/li><li>Durante 2021, equipos de Ecos atendieron 5.5 millones de personas, tanto derechohabientes como poblaci\u00f3n en general.<\/li><\/ul>\n\n\n\n<p><em>Por Redacci\u00f3n\/Zunoticia<\/em><\/p>\n\n\n\n<p><strong>Ciudad de M\u00e9xico. &#8211;<\/strong> En el marco de la campa\u00f1a \u201c\u00bfYa PrevIssste? \u00a1Ya la hiciste!\u201d se desarroll\u00f3 la tercera edici\u00f3n de la Feria de la Salud en las oficinas centrales de Buenavista, con la finalidad de realizar acciones de autocuidado y prevenci\u00f3n en beneficio del personal del Instituto de Seguridad y Servicios Sociales de los Trabajadores del Estado (Issste), inform\u00f3 el director general, Pedro Zenteno Santaella.<\/p>\n\n\n\n<p>En esta edici\u00f3n de la feria se realizaron estudios cl\u00ednicos como biometr\u00eda hem\u00e1tica, somatometr\u00eda, ant\u00edgeno prost\u00e1tico, tonometr\u00eda y reflectometr\u00eda, electrocardiograma, papanicolau, pruebas r\u00e1pidas de s\u00edfilis, VIH y hepatitis, y en la explanada se llevaron a cabo actividades f\u00edsicas como: zumba, gimnasia, yoga, pausas activas y actividades espec\u00edficas para personas adultas mayores.<\/p>\n\n\n\n<p>Tambi\u00e9n se incluy\u00f3 un ciclo de conferencias para sensibilizar a derechohabientes respecto a las acciones que pueden emprender para cuidar su salud y reducir riesgos de enfermedades.<\/p>\n\n\n\n<p>La primera de ellas fue \u201cEcos para el Bienestar\u201d, donde particip\u00f3 la subcoordinadora de la Direcci\u00f3n Normativa de Salud, Judith Garc\u00eda de Alba, quien resalt\u00f3: \u201cEl gran cambio que introduce esta estrategia en el modelo de salud preventivo del Issste es que, en lugar de atender la enfermedad, tratamiento y curaci\u00f3n, nos centramos en la persona y trabajamos con la comunidad en acciones que pueden hacerse d\u00eda con d\u00eda para tener salud, mejorar su estilo de vida, crear ambientes saludables y libres de violencia\u201d.<\/p>\n\n\n\n<figure class=\"wp-block-image size-full\"><img fetchpriority=\"high\" decoding=\"async\" width=\"1024\" height=\"682\" src=\"https:\/\/www.zunoticia.com\/noticias-de-hidalgo\/wp-content\/uploads\/2022\/08\/WhatsApp-Image-2022-08-24-at-2.37.10-PM-1.jpeg\" alt=\"\" class=\"wp-image-440818\" srcset=\"https:\/\/www.zunoticia.com\/noticias-de-hidalgo\/wp-content\/uploads\/2022\/08\/WhatsApp-Image-2022-08-24-at-2.37.10-PM-1.jpeg 1024w, https:\/\/www.zunoticia.com\/noticias-de-hidalgo\/wp-content\/uploads\/2022\/08\/WhatsApp-Image-2022-08-24-at-2.37.10-PM-1-300x200.jpeg 300w, https:\/\/www.zunoticia.com\/noticias-de-hidalgo\/wp-content\/uploads\/2022\/08\/WhatsApp-Image-2022-08-24-at-2.37.10-PM-1-768x512.jpeg 768w\" sizes=\"(max-width: 1024px) 100vw, 1024px\" \/><\/figure>\n\n\n\n<p>Detall\u00f3 que Ecos es un modelo integral de atenci\u00f3n primaria que considera salud nutricional, activaci\u00f3n f\u00edsica y autocuidado, e invita a reflexionar sobre c\u00f3mo cuidar nuestro cuerpo, emociones y salud bucal. Indic\u00f3 que estas acciones evitar\u00e1n comorbilidades como obesidad, enfermedades cardiovasculares y diabetes mellitus, cuyas complicaciones representan altos costos en calidad de vida y financieros para las familias e instituciones.<\/p>\n\n\n\n<p>Por esta raz\u00f3n, se\u00f1al\u00f3 que el programa trabaja con equipos comunitarios e interdisciplinarios donde participan personas, familias y comunidades.<\/p>\n\n\n\n<p>Ante trabajadores, inform\u00f3 que, hasta junio de 2022, el Issste registr\u00f3 258 grupos comunitarios Ecos activos a lo largo del pa\u00eds que desarrollan diversas actividades para mejorar su salud y estilo de vida. Durante 2021, en estos equipos se atendi\u00f3 a cinco millones 573 mil 848 personas, tanto derechohabientes como de la poblaci\u00f3n en general, precis\u00f3.<\/p>\n\n\n\n<p>Durante la conferencia, Judith Garc\u00eda de Alba hizo un llamado a personas trabajadoras a sensibilizarse acerca de las determinantes sociales que influyen en su estado de salud.<\/p>\n\n\n\n<p>\u201cEn M\u00e9xico, 80 por ciento de las posibilidades de productos alimenticios que encontramos en los supermercados o tiendas de autoservicio son opciones no saludables, es decir, comida chatarra y bebidas azucaradas, las cuales generan un grave problema de salud que es el sobrepeso y la obesidad.\u201d<\/p>\n\n\n\n<figure class=\"wp-block-image size-full\"><img decoding=\"async\" width=\"1024\" height=\"1024\" src=\"https:\/\/www.zunoticia.com\/noticias-de-hidalgo\/wp-content\/uploads\/2022\/08\/WhatsApp-Image-2022-08-24-at-2.37.09-PM-3.jpeg\" alt=\"\" class=\"wp-image-440820\" srcset=\"https:\/\/www.zunoticia.com\/noticias-de-hidalgo\/wp-content\/uploads\/2022\/08\/WhatsApp-Image-2022-08-24-at-2.37.09-PM-3.jpeg 1024w, https:\/\/www.zunoticia.com\/noticias-de-hidalgo\/wp-content\/uploads\/2022\/08\/WhatsApp-Image-2022-08-24-at-2.37.09-PM-3-300x300.jpeg 300w, https:\/\/www.zunoticia.com\/noticias-de-hidalgo\/wp-content\/uploads\/2022\/08\/WhatsApp-Image-2022-08-24-at-2.37.09-PM-3-150x150.jpeg 150w, https:\/\/www.zunoticia.com\/noticias-de-hidalgo\/wp-content\/uploads\/2022\/08\/WhatsApp-Image-2022-08-24-at-2.37.09-PM-3-768x768.jpeg 768w\" sizes=\"(max-width: 1024px) 100vw, 1024px\" \/><\/figure>\n\n\n\n<p>Refiri\u00f3 que la \u00faltima edici\u00f3n de la Encuesta Nacional de Salud y Nutrici\u00f3n (Ensanut) report\u00f3 que las personas en M\u00e9xico pasan varias horas frente a una televisi\u00f3n o una pantalla, factor ligado al sedentarismo, es decir, cada vez nos movemos menos.<\/p>\n\n\n\n<p>\u201cEs com\u00fan ir a cl\u00ednicas del Issste hasta que ya presentamos un dolor, luego de que ya empleamos remedios o nos automedicamos y no nos funcionaron; entonces, vamos a la unidad m\u00e9dica. No tenemos una cultura de prevenci\u00f3n o de hacernos an\u00e1lisis por nuestra edad o por nuestro g\u00e9nero.\u201d<\/p>\n\n\n\n<p>Identificar estas determinantes sociales nos ayuda a tomar consciencia e implementar acciones para nuestro autocuidado, enfatiz\u00f3.<\/p>\n\n\n\n<p>A trav\u00e9s la estrategia Ecos para el Bienestar, el instituto lleva jornadas de salud a comunidades laborales, educativas, plazas p\u00fablicas y espacios abiertos, promoviendo acciones preventivas a partir de aspectos culturales, el arte y las costumbres de cada comunidad, resalt\u00f3.<\/p>\n\n\n\n<figure class=\"wp-block-image size-full\"><img decoding=\"async\" width=\"1024\" height=\"730\" src=\"https:\/\/www.zunoticia.com\/noticias-de-hidalgo\/wp-content\/uploads\/2022\/08\/WhatsApp-Image-2022-08-24-at-2.37.10-PM-2.jpeg\" alt=\"\" class=\"wp-image-440819\" srcset=\"https:\/\/www.zunoticia.com\/noticias-de-hidalgo\/wp-content\/uploads\/2022\/08\/WhatsApp-Image-2022-08-24-at-2.37.10-PM-2.jpeg 1024w, https:\/\/www.zunoticia.com\/noticias-de-hidalgo\/wp-content\/uploads\/2022\/08\/WhatsApp-Image-2022-08-24-at-2.37.10-PM-2-300x214.jpeg 300w, https:\/\/www.zunoticia.com\/noticias-de-hidalgo\/wp-content\/uploads\/2022\/08\/WhatsApp-Image-2022-08-24-at-2.37.10-PM-2-768x548.jpeg 768w\" sizes=\"(max-width: 1024px) 100vw, 1024px\" \/><\/figure>\n\n\n\n<p>La subcoordinadora felicit\u00f3 a las y los trabajadores de oficinas centrales por aprovechar la oportunidad de realizarse un chequeo m\u00e9dico integral, de evaluar su estado nutricional y realizar activaci\u00f3n f\u00edsica, pues estos peque\u00f1os cambios pueden permitirles gozar de salud y bienestar pleno, adem\u00e1s de reducir el riesgo de padecer enfermedades.<\/p>\n\n\n\n<p>En la tercera edici\u00f3n de la Feria de la Salud, que se llev\u00f3 a cabo del 15 al 19 de agosto, participaron la Cl\u00ednica de Detecci\u00f3n y Diagn\u00f3stico Automatizados (Clidda), la Escuela de Diet\u00e9tica y Nutrici\u00f3n (EDN), la Unidad de Profesionalizaci\u00f3n y Escuela Nacional de Enfermer\u00eda (UP y EDN), adem\u00e1s de la Direcci\u00f3n de Prestaciones Econ\u00f3micas, Sociales y Culturales, Pensionissste y Fovissste.<\/p>\n","protected":false},"excerpt":{"rendered":"<p>Tercera edici\u00f3n de la Feria de la Salud se llev\u00f3 a cabo en las oficinas centrales de Buenavista, con estudios cl\u00ednicos, activaciones f\u00edsicas y conferencias. En lugar de atender la enfermedad, promovemos acciones diarias a favor de su salud: Judith Garc\u00eda de Alba. Durante 2021, equipos de Ecos atendieron 5.5 millones de personas, tanto derechohabientes&hellip; <a class=\"more-link\" href=\"https:\/\/www.zunoticia.com\/noticias-de-hidalgo\/2022\/08\/24\/avanza-issste-en-acciones-de-autocuidado-para-la-poblacion-pedro-zenteno\/\">Seguir leyendo <span class=\"screen-reader-text\">Avanza ISSSTE en acciones de autocuidado para la poblaci\u00f3n: Pedro Zenteno<\/span><\/a><\/p>\n","protected":false},"author":12,"featured_media":440817,"comment_status":"open","ping_status":"open","sticky":false,"template":"","format":"standard","meta":{"rop_custom_images_group":[],"rop_custom_messages_group":[],"rop_publish_now":"initial","rop_publish_now_accounts":{"facebook_10159540855086992_322828327761733":""},"rop_publish_now_history":[],"rop_publish_now_status":"pending","footnotes":""},"categories":[218],"tags":[217],"class_list":["post-440816","post","type-post","status-publish","format-standard","has-post-thumbnail","hentry","category-nacional","tag-nacional","entry"],"_links":{"self":[{"href":"https:\/\/www.zunoticia.com\/noticias-de-hidalgo\/wp-json\/wp\/v2\/posts\/440816","targetHints":{"allow":["GET"]}}],"collection":[{"href":"https:\/\/www.zunoticia.com\/noticias-de-hidalgo\/wp-json\/wp\/v2\/posts"}],"about":[{"href":"https:\/\/www.zunoticia.com\/noticias-de-hidalgo\/wp-json\/wp\/v2\/types\/post"}],"author":[{"embeddable":true,"href":"https:\/\/www.zunoticia.com\/noticias-de-hidalgo\/wp-json\/wp\/v2\/users\/12"}],"replies":[{"embeddable":true,"href":"https:\/\/www.zunoticia.com\/noticias-de-hidalgo\/wp-json\/wp\/v2\/comments?post=440816"}],"version-history":[{"count":1,"href":"https:\/\/www.zunoticia.com\/noticias-de-hidalgo\/wp-json\/wp\/v2\/posts\/440816\/revisions"}],"predecessor-version":[{"id":440821,"href":"https:\/\/www.zunoticia.com\/noticias-de-hidalgo\/wp-json\/wp\/v2\/posts\/440816\/revisions\/440821"}],"wp:featuredmedia":[{"embeddable":true,"href":"https:\/\/www.zunoticia.com\/noticias-de-hidalgo\/wp-json\/wp\/v2\/media\/440817"}],"wp:attachment":[{"href":"https:\/\/www.zunoticia.com\/noticias-de-hidalgo\/wp-json\/wp\/v2\/media?parent=440816"}],"wp:term":[{"taxonomy":"category","embeddable":true,"href":"https:\/\/www.zunoticia.com\/noticias-de-hidalgo\/wp-json\/wp\/v2\/categories?post=440816"},{"taxonomy":"post_tag","embeddable":true,"href":"https:\/\/www.zunoticia.com\/noticias-de-hidalgo\/wp-json\/wp\/v2\/tags?post=440816"}],"curies":[{"name":"wp","href":"https:\/\/api.w.org\/{rel}","templated":true}]}}