{"id":440829,"date":"2022-08-24T16:06:47","date_gmt":"2022-08-24T21:06:47","guid":{"rendered":"https:\/\/www.zunoticia.com\/noticias-de-hidalgo\/?p=440829"},"modified":"2022-08-24T16:06:49","modified_gmt":"2022-08-24T21:06:49","slug":"instalan-arreglos-para-festejar-el-15-de-septiembre","status":"publish","type":"post","link":"https:\/\/www.zunoticia.com\/noticias-de-hidalgo\/2022\/08\/24\/instalan-arreglos-para-festejar-el-15-de-septiembre\/","title":{"rendered":"Instalan arreglos para festejar el 15 de septiembre"},"content":{"rendered":"<aside class=\"mashsb-container mashsb-main mashsb-stretched\"><div class=\"mashsb-box\"><div class=\"mashsb-count mash-large\" style=\"float:left\"><div class=\"counts mashsbcount\">28<\/div><span class=\"mashsb-sharetext\">SHARES<\/span><\/div><div class=\"mashsb-buttons\"><a class=\"mashicon-facebook mash-large mash-center mashsb-noshadow\" href=\"https:\/\/www.facebook.com\/sharer.php?u=https%3A%2F%2Fwww.zunoticia.com%2Fnoticias-de-hidalgo%2F2022%2F08%2F24%2Finstalan-arreglos-para-festejar-el-15-de-septiembre%2F\" target=\"_top\" rel=\"nofollow\"><span class=\"icon\"><\/span><span class=\"text\">Share<\/span><\/a><a class=\"mashicon-twitter mash-large mash-center mashsb-noshadow\" href=\"https:\/\/twitter.com\/intent\/tweet?text=&amp;url=https:\/\/www.zunoticia.com\/noticias-de-hidalgo\/2022\/08\/24\/instalan-arreglos-para-festejar-el-15-de-septiembre\/\" target=\"_top\" rel=\"nofollow\"><span class=\"icon\"><\/span><span class=\"text\">Tweet<\/span><\/a><div class=\"onoffswitch2 mash-large mashsb-noshadow\" style=\"display:none\"><\/div><\/div>\n            <\/div>\n                <div style=\"clear:both\"><\/div><div class=\"mashsb-toggle-container\"><\/div><\/aside>\n            <!-- Share buttons by mashshare.net - Version: 4.0.47-->\n<p><em>Por Pedro Luciano\/Zunoticia<\/em><\/p>\n\n\n\n<p><strong>Atlapexco, Hgo. &#8211;<\/strong> Derivado de las fechas que se presentar\u00e1n en pr\u00f3ximos d\u00edas, la administraci\u00f3n p\u00fablica de Atlapexco ha dado inicio con la colocaci\u00f3n de adornos y decoraciones en el centro de la cabecera municipal, con la finalidad de preparar todo para festejar al mes patrio.<\/p>\n\n\n\n<p>Refiri\u00f3 personal encargado de la colocaci\u00f3n de dichos adornos que es indispensable preparar de forma positiva a la cabecera municipal, para festejar \u201cel mes patrio\u201d y se observe el sentido de pertenencia que existe ante las festividades importantes para los mexicanos.<\/p>\n\n\n\n<p>De igual forma agreg\u00f3, que se continuar\u00e1n instalado dichas decoraciones tanto en \u00e1reas p\u00fablicas espec\u00edficas, as\u00ed como dentro de los diferentes edificios y oficinas pertenecientes a la administraci\u00f3n p\u00fablica municipal, lo anterior con la finalidad de sentirse identificado y orgullosos con los actos representativos del pa\u00eds.<\/p>\n\n\n\n<p>Concluy\u00f3 refiriendo que, se espera en estas fechas el municipio recobre su belleza tan caracter\u00edstica que transmite en cada una de sus celebraciones.<\/p>\n","protected":false},"excerpt":{"rendered":"<p>Por Pedro Luciano\/Zunoticia Atlapexco, Hgo. &#8211; Derivado de las fechas que se presentar\u00e1n en pr\u00f3ximos d\u00edas, la administraci\u00f3n p\u00fablica de Atlapexco ha dado inicio con la colocaci\u00f3n de adornos y decoraciones en el centro de la cabecera municipal, con la finalidad de preparar todo para festejar al mes patrio. Refiri\u00f3 personal encargado de la colocaci\u00f3n&hellip; <a class=\"more-link\" href=\"https:\/\/www.zunoticia.com\/noticias-de-hidalgo\/2022\/08\/24\/instalan-arreglos-para-festejar-el-15-de-septiembre\/\">Seguir leyendo <span class=\"screen-reader-text\">Instalan arreglos para festejar el 15 de septiembre<\/span><\/a><\/p>\n","protected":false},"author":12,"featured_media":440830,"comment_status":"open","ping_status":"open","sticky":false,"template":"","format":"standard","meta":{"rop_custom_images_group":[],"rop_custom_messages_group":[],"rop_publish_now":"initial","rop_publish_now_accounts":{"facebook_10159540855086992_322828327761733":""},"rop_publish_now_history":[],"rop_publish_now_status":"pending","footnotes":""},"categories":[182],"tags":[133],"class_list":["post-440829","post","type-post","status-publish","format-standard","has-post-thumbnail","hentry","category-atlapexco","tag-atlapexco","entry"],"_links":{"self":[{"href":"https:\/\/www.zunoticia.com\/noticias-de-hidalgo\/wp-json\/wp\/v2\/posts\/440829","targetHints":{"allow":["GET"]}}],"collection":[{"href":"https:\/\/www.zunoticia.com\/noticias-de-hidalgo\/wp-json\/wp\/v2\/posts"}],"about":[{"href":"https:\/\/www.zunoticia.com\/noticias-de-hidalgo\/wp-json\/wp\/v2\/types\/post"}],"author":[{"embeddable":true,"href":"https:\/\/www.zunoticia.com\/noticias-de-hidalgo\/wp-json\/wp\/v2\/users\/12"}],"replies":[{"embeddable":true,"href":"https:\/\/www.zunoticia.com\/noticias-de-hidalgo\/wp-json\/wp\/v2\/comments?post=440829"}],"version-history":[{"count":1,"href":"https:\/\/www.zunoticia.com\/noticias-de-hidalgo\/wp-json\/wp\/v2\/posts\/440829\/revisions"}],"predecessor-version":[{"id":440831,"href":"https:\/\/www.zunoticia.com\/noticias-de-hidalgo\/wp-json\/wp\/v2\/posts\/440829\/revisions\/440831"}],"wp:featuredmedia":[{"embeddable":true,"href":"https:\/\/www.zunoticia.com\/noticias-de-hidalgo\/wp-json\/wp\/v2\/media\/440830"}],"wp:attachment":[{"href":"https:\/\/www.zunoticia.com\/noticias-de-hidalgo\/wp-json\/wp\/v2\/media?parent=440829"}],"wp:term":[{"taxonomy":"category","embeddable":true,"href":"https:\/\/www.zunoticia.com\/noticias-de-hidalgo\/wp-json\/wp\/v2\/categories?post=440829"},{"taxonomy":"post_tag","embeddable":true,"href":"https:\/\/www.zunoticia.com\/noticias-de-hidalgo\/wp-json\/wp\/v2\/tags?post=440829"}],"curies":[{"name":"wp","href":"https:\/\/api.w.org\/{rel}","templated":true}]}}