{"id":440832,"date":"2022-08-24T16:10:11","date_gmt":"2022-08-24T21:10:11","guid":{"rendered":"https:\/\/www.zunoticia.com\/noticias-de-hidalgo\/?p=440832"},"modified":"2022-08-24T16:10:13","modified_gmt":"2022-08-24T21:10:13","slug":"diputado-de-morena-realiza-asamblea-sobre-la-reforma-politica-electoral","status":"publish","type":"post","link":"https:\/\/www.zunoticia.com\/noticias-de-hidalgo\/2022\/08\/24\/diputado-de-morena-realiza-asamblea-sobre-la-reforma-politica-electoral\/","title":{"rendered":"Diputado de MORENA realiza asamblea sobre la reforma pol\u00edtica- electoral"},"content":{"rendered":"<aside class=\"mashsb-container mashsb-main mashsb-stretched\"><div class=\"mashsb-box\"><div class=\"mashsb-count mash-large\" style=\"float:left\"><div class=\"counts mashsbcount\">53<\/div><span class=\"mashsb-sharetext\">SHARES<\/span><\/div><div class=\"mashsb-buttons\"><a class=\"mashicon-facebook mash-large mash-center mashsb-noshadow\" href=\"https:\/\/www.facebook.com\/sharer.php?u=https%3A%2F%2Fwww.zunoticia.com%2Fnoticias-de-hidalgo%2F2022%2F08%2F24%2Fdiputado-de-morena-realiza-asamblea-sobre-la-reforma-politica-electoral%2F\" target=\"_top\" rel=\"nofollow\"><span class=\"icon\"><\/span><span class=\"text\">Share<\/span><\/a><a class=\"mashicon-twitter mash-large mash-center mashsb-noshadow\" href=\"https:\/\/twitter.com\/intent\/tweet?text=&amp;url=https:\/\/www.zunoticia.com\/noticias-de-hidalgo\/2022\/08\/24\/diputado-de-morena-realiza-asamblea-sobre-la-reforma-politica-electoral\/\" target=\"_top\" rel=\"nofollow\"><span class=\"icon\"><\/span><span class=\"text\">Tweet<\/span><\/a><div class=\"onoffswitch2 mash-large mashsb-noshadow\" style=\"display:none\"><\/div><\/div>\n            <\/div>\n                <div style=\"clear:both\"><\/div><div class=\"mashsb-toggle-container\"><\/div><\/aside>\n            <!-- Share buttons by mashshare.net - Version: 4.0.47-->\n<p><em>Por Salvador Altamirano\/Zunoticia<\/em><\/p>\n\n\n\n<p><strong>Huejutla, Hgo. &#8211;<\/strong> Entrevistado la ma\u00f1ana de este mi\u00e9rcoles, previo a la asamblea informativa que llev\u00f3 a cabo en conocido sal\u00f3n de eventos de la poblaci\u00f3n, el diputado federal del Movimiento de Regeneraci\u00f3n Nacional (MORENA), Mart\u00edn Sandoval Soto, especific\u00f3 que hace un par de meses el ejecutivo federal les hizo llegar al Congreso de la Uni\u00f3n una propuesta de reforma electoral, por lo que est\u00e1n realizando recorridos territoriales para informar a la ciudadan\u00eda el concepto de la misma.<\/p>\n\n\n\n<figure class=\"wp-block-image size-large\"><img fetchpriority=\"high\" decoding=\"async\" width=\"1024\" height=\"576\" src=\"https:\/\/www.zunoticia.com\/noticias-de-hidalgo\/wp-content\/uploads\/2022\/08\/WhatsApp-Image-2022-08-24-at-3.55.43-PM-4-1024x576.jpeg\" alt=\"\" class=\"wp-image-440833\" srcset=\"https:\/\/www.zunoticia.com\/noticias-de-hidalgo\/wp-content\/uploads\/2022\/08\/WhatsApp-Image-2022-08-24-at-3.55.43-PM-4-1024x576.jpeg 1024w, https:\/\/www.zunoticia.com\/noticias-de-hidalgo\/wp-content\/uploads\/2022\/08\/WhatsApp-Image-2022-08-24-at-3.55.43-PM-4-300x169.jpeg 300w, https:\/\/www.zunoticia.com\/noticias-de-hidalgo\/wp-content\/uploads\/2022\/08\/WhatsApp-Image-2022-08-24-at-3.55.43-PM-4-768x432.jpeg 768w, https:\/\/www.zunoticia.com\/noticias-de-hidalgo\/wp-content\/uploads\/2022\/08\/WhatsApp-Image-2022-08-24-at-3.55.43-PM-4.jpeg 1280w\" sizes=\"(max-width: 1024px) 100vw, 1024px\" \/><\/figure>\n\n\n\n<p>Al respecto, especific\u00f3 que el pensamiento principal del presidente de la rep\u00fablica, Andr\u00e9s Manuel L\u00f3pez Obrador, siempre ha sido la austeridad, \u201ctenemos un pueblo pobre y un sistema de gobierno muy caro que le cuesta mucho dinero al erario p\u00fablico\u201d.<\/p>\n\n\n\n<p>Agreg\u00f3, \u201clo que se pretende con la reforma b\u00e1sicamente es reducir los costos, en primer t\u00e9rmino, que ya no sean los partidos pol\u00edticos los que propongan a los integrantes del instituto electoral; y en segundo, disminuir el n\u00famero de diputados federales de 500 a 300; que sean nada m\u00e1s 96 senadores de la Rep\u00fablica; y suprimir los institutos y tribunales electorales, ya que finalmente los juicios terminan en las salas superiores\u201d.<\/p>\n\n\n\n<p>A pregunta expresa, subray\u00f3 que considera un poco complicado que se apruebe la reforma, ya que se necesita mayor\u00eda calificada, y a veces ni los &#8220;partidos aliados&#8221; quieren que se les quiten las plurinominales, por lo que se requiere de mucho dialogo para concientizar a los compa\u00f1eros de todas las fracciones partidistas, lo cual se intentar\u00e1, porque la verdad -acentu\u00f3-, tenemos un sistema muy caro, es fara\u00f3nico y no tiene caso.<\/p>\n\n\n\n<figure class=\"wp-block-image size-large\"><img decoding=\"async\" width=\"1024\" height=\"576\" src=\"https:\/\/www.zunoticia.com\/noticias-de-hidalgo\/wp-content\/uploads\/2022\/08\/WhatsApp-Image-2022-08-24-at-3.55.43-PM-3-1024x576.jpeg\" alt=\"\" class=\"wp-image-440834\" srcset=\"https:\/\/www.zunoticia.com\/noticias-de-hidalgo\/wp-content\/uploads\/2022\/08\/WhatsApp-Image-2022-08-24-at-3.55.43-PM-3-1024x576.jpeg 1024w, https:\/\/www.zunoticia.com\/noticias-de-hidalgo\/wp-content\/uploads\/2022\/08\/WhatsApp-Image-2022-08-24-at-3.55.43-PM-3-300x169.jpeg 300w, https:\/\/www.zunoticia.com\/noticias-de-hidalgo\/wp-content\/uploads\/2022\/08\/WhatsApp-Image-2022-08-24-at-3.55.43-PM-3-768x432.jpeg 768w, https:\/\/www.zunoticia.com\/noticias-de-hidalgo\/wp-content\/uploads\/2022\/08\/WhatsApp-Image-2022-08-24-at-3.55.43-PM-3.jpeg 1280w\" sizes=\"(max-width: 1024px) 100vw, 1024px\" \/><\/figure>\n\n\n\n<p>Para concluir, Sandoval Soto enfatiz\u00f3 que de no aprobarse la reforma quien perder\u00eda es el pueblo, \u201cno se trata de qu\u00e9 partido pol\u00edtico pierda o gane, tenemos un gobierno fara\u00f3nico, es much\u00edsimo dinero que se les da a las instituciones pol\u00edticas, el cual se podr\u00eda destinar a obras de beneficio social\u201d.<\/p>\n","protected":false},"excerpt":{"rendered":"<p>Por Salvador Altamirano\/Zunoticia Huejutla, Hgo. &#8211; Entrevistado la ma\u00f1ana de este mi\u00e9rcoles, previo a la asamblea informativa que llev\u00f3 a cabo en conocido sal\u00f3n de eventos de la poblaci\u00f3n, el diputado federal del Movimiento de Regeneraci\u00f3n Nacional (MORENA), Mart\u00edn Sandoval Soto, especific\u00f3 que hace un par de meses el ejecutivo federal les hizo llegar al&hellip; <a class=\"more-link\" href=\"https:\/\/www.zunoticia.com\/noticias-de-hidalgo\/2022\/08\/24\/diputado-de-morena-realiza-asamblea-sobre-la-reforma-politica-electoral\/\">Seguir leyendo <span class=\"screen-reader-text\">Diputado de MORENA realiza asamblea sobre la reforma pol\u00edtica- electoral<\/span><\/a><\/p>\n","protected":false},"author":12,"featured_media":440835,"comment_status":"open","ping_status":"open","sticky":false,"template":"","format":"standard","meta":{"rop_custom_images_group":[],"rop_custom_messages_group":[],"rop_publish_now":"initial","rop_publish_now_accounts":{"facebook_10159540855086992_322828327761733":""},"rop_publish_now_history":[],"rop_publish_now_status":"pending","footnotes":""},"categories":[181],"tags":[121],"class_list":["post-440832","post","type-post","status-publish","format-standard","has-post-thumbnail","hentry","category-huejutla","tag-huejutla","entry"],"_links":{"self":[{"href":"https:\/\/www.zunoticia.com\/noticias-de-hidalgo\/wp-json\/wp\/v2\/posts\/440832","targetHints":{"allow":["GET"]}}],"collection":[{"href":"https:\/\/www.zunoticia.com\/noticias-de-hidalgo\/wp-json\/wp\/v2\/posts"}],"about":[{"href":"https:\/\/www.zunoticia.com\/noticias-de-hidalgo\/wp-json\/wp\/v2\/types\/post"}],"author":[{"embeddable":true,"href":"https:\/\/www.zunoticia.com\/noticias-de-hidalgo\/wp-json\/wp\/v2\/users\/12"}],"replies":[{"embeddable":true,"href":"https:\/\/www.zunoticia.com\/noticias-de-hidalgo\/wp-json\/wp\/v2\/comments?post=440832"}],"version-history":[{"count":1,"href":"https:\/\/www.zunoticia.com\/noticias-de-hidalgo\/wp-json\/wp\/v2\/posts\/440832\/revisions"}],"predecessor-version":[{"id":440836,"href":"https:\/\/www.zunoticia.com\/noticias-de-hidalgo\/wp-json\/wp\/v2\/posts\/440832\/revisions\/440836"}],"wp:featuredmedia":[{"embeddable":true,"href":"https:\/\/www.zunoticia.com\/noticias-de-hidalgo\/wp-json\/wp\/v2\/media\/440835"}],"wp:attachment":[{"href":"https:\/\/www.zunoticia.com\/noticias-de-hidalgo\/wp-json\/wp\/v2\/media?parent=440832"}],"wp:term":[{"taxonomy":"category","embeddable":true,"href":"https:\/\/www.zunoticia.com\/noticias-de-hidalgo\/wp-json\/wp\/v2\/categories?post=440832"},{"taxonomy":"post_tag","embeddable":true,"href":"https:\/\/www.zunoticia.com\/noticias-de-hidalgo\/wp-json\/wp\/v2\/tags?post=440832"}],"curies":[{"name":"wp","href":"https:\/\/api.w.org\/{rel}","templated":true}]}}