{"id":440849,"date":"2022-08-24T16:36:41","date_gmt":"2022-08-24T21:36:41","guid":{"rendered":"https:\/\/www.zunoticia.com\/noticias-de-hidalgo\/?p=440849"},"modified":"2022-08-24T16:36:43","modified_gmt":"2022-08-24T21:36:43","slug":"25y-26-sera-la-jornada-de-expedicion-de-actas-interestatales-y-foraneas","status":"publish","type":"post","link":"https:\/\/www.zunoticia.com\/noticias-de-hidalgo\/2022\/08\/24\/25y-26-sera-la-jornada-de-expedicion-de-actas-interestatales-y-foraneas\/","title":{"rendered":"25y 26 ser\u00e1 la jornada de expedici\u00f3n de actas interestatales y for\u00e1neas"},"content":{"rendered":"<aside class=\"mashsb-container mashsb-main mashsb-stretched\"><div class=\"mashsb-box\"><div class=\"mashsb-count mash-large\" style=\"float:left\"><div class=\"counts mashsbcount\">35<\/div><span class=\"mashsb-sharetext\">SHARES<\/span><\/div><div class=\"mashsb-buttons\"><a class=\"mashicon-facebook mash-large mash-center mashsb-noshadow\" href=\"https:\/\/www.facebook.com\/sharer.php?u=https%3A%2F%2Fwww.zunoticia.com%2Fnoticias-de-hidalgo%2F2022%2F08%2F24%2F25y-26-sera-la-jornada-de-expedicion-de-actas-interestatales-y-foraneas%2F\" target=\"_top\" rel=\"nofollow\"><span class=\"icon\"><\/span><span class=\"text\">Share<\/span><\/a><a class=\"mashicon-twitter mash-large mash-center mashsb-noshadow\" href=\"https:\/\/twitter.com\/intent\/tweet?text=&amp;url=https:\/\/www.zunoticia.com\/noticias-de-hidalgo\/2022\/08\/24\/25y-26-sera-la-jornada-de-expedicion-de-actas-interestatales-y-foraneas\/\" target=\"_top\" rel=\"nofollow\"><span class=\"icon\"><\/span><span class=\"text\">Tweet<\/span><\/a><div class=\"onoffswitch2 mash-large mashsb-noshadow\" style=\"display:none\"><\/div><\/div>\n            <\/div>\n                <div style=\"clear:both\"><\/div><div class=\"mashsb-toggle-container\"><\/div><\/aside>\n            <!-- Share buttons by mashshare.net - Version: 4.0.47-->\n<p><em>Por \u00c1ngel Silverio\/Zunoticia<\/em><\/p>\n\n\n\n<p><strong>San Felipe Orizatl\u00e1n, Hgo. &#8211;<\/strong> Con el fin de apoyar a los orizatlenses y vecinos de otros municipios, este jueves y viernes se estar\u00e1 llevando a cabo una jornada de expedici\u00f3n de actas interestatales y for\u00e1neas, por lo que se les hace una atenta invitaci\u00f3n a todos los interesados a no dejar pasar este programa.<\/p>\n\n\n\n<p>De acuerdo con la informaci\u00f3n dada a conocer por el \u00e1rea del Registro civil, ser\u00e1 en coordinaci\u00f3n con la unidad de Servicios estatales del Gobierno del Estado, puesto que se estar\u00e1 llevando a cabo dicha jornada; adem\u00e1s podr\u00e1n realizar otros tr\u00e1mites de vital importancia para los ciudadanos de esta demarcaci\u00f3n.<\/p>\n\n\n\n<p>Podr\u00e1n tramitar el refrendo seguro, impresi\u00f3n de CURP y se estar\u00e1 dando orientaci\u00f3n de tr\u00e1mites de programas y servicios del Gobierno del Estado de Hidalgo; as\u00ed mismo se agilizar\u00e1n los tr\u00e1mites al realizar sus pagos con tarjeta de d\u00e9bito o cr\u00e9dito.<\/p>\n\n\n\n<p>Lo anterior como ya se mencion\u00f3, ser\u00e1 a partir de este jueves y viernes, en horario de 9:00 de la ma\u00f1ana a 3:00 de la tarde, en la explanada municipal por lo que se les pide que acudan con tiempo y paciencia para realizar sus tr\u00e1mites, sobre todo que aprovechen esta jornada que se pone al alcance de todos y as\u00ed evitar gastos hasta la capital hidalguense.<\/p>\n","protected":false},"excerpt":{"rendered":"<p>Por \u00c1ngel Silverio\/Zunoticia San Felipe Orizatl\u00e1n, Hgo. &#8211; Con el fin de apoyar a los orizatlenses y vecinos de otros municipios, este jueves y viernes se estar\u00e1 llevando a cabo una jornada de expedici\u00f3n de actas interestatales y for\u00e1neas, por lo que se les hace una atenta invitaci\u00f3n a todos los interesados a no dejar&hellip; <a class=\"more-link\" href=\"https:\/\/www.zunoticia.com\/noticias-de-hidalgo\/2022\/08\/24\/25y-26-sera-la-jornada-de-expedicion-de-actas-interestatales-y-foraneas\/\">Seguir leyendo <span class=\"screen-reader-text\">25y 26 ser\u00e1 la jornada de expedici\u00f3n de actas interestatales y for\u00e1neas<\/span><\/a><\/p>\n","protected":false},"author":12,"featured_media":440851,"comment_status":"open","ping_status":"open","sticky":false,"template":"","format":"standard","meta":{"rop_custom_images_group":[],"rop_custom_messages_group":[],"rop_publish_now":"initial","rop_publish_now_accounts":{"facebook_10159540855086992_322828327761733":""},"rop_publish_now_history":[],"rop_publish_now_status":"pending","footnotes":""},"categories":[180],"tags":[129],"class_list":["post-440849","post","type-post","status-publish","format-standard","has-post-thumbnail","hentry","category-orizatlan","tag-orizatlan","entry"],"_links":{"self":[{"href":"https:\/\/www.zunoticia.com\/noticias-de-hidalgo\/wp-json\/wp\/v2\/posts\/440849","targetHints":{"allow":["GET"]}}],"collection":[{"href":"https:\/\/www.zunoticia.com\/noticias-de-hidalgo\/wp-json\/wp\/v2\/posts"}],"about":[{"href":"https:\/\/www.zunoticia.com\/noticias-de-hidalgo\/wp-json\/wp\/v2\/types\/post"}],"author":[{"embeddable":true,"href":"https:\/\/www.zunoticia.com\/noticias-de-hidalgo\/wp-json\/wp\/v2\/users\/12"}],"replies":[{"embeddable":true,"href":"https:\/\/www.zunoticia.com\/noticias-de-hidalgo\/wp-json\/wp\/v2\/comments?post=440849"}],"version-history":[{"count":1,"href":"https:\/\/www.zunoticia.com\/noticias-de-hidalgo\/wp-json\/wp\/v2\/posts\/440849\/revisions"}],"predecessor-version":[{"id":440852,"href":"https:\/\/www.zunoticia.com\/noticias-de-hidalgo\/wp-json\/wp\/v2\/posts\/440849\/revisions\/440852"}],"wp:featuredmedia":[{"embeddable":true,"href":"https:\/\/www.zunoticia.com\/noticias-de-hidalgo\/wp-json\/wp\/v2\/media\/440851"}],"wp:attachment":[{"href":"https:\/\/www.zunoticia.com\/noticias-de-hidalgo\/wp-json\/wp\/v2\/media?parent=440849"}],"wp:term":[{"taxonomy":"category","embeddable":true,"href":"https:\/\/www.zunoticia.com\/noticias-de-hidalgo\/wp-json\/wp\/v2\/categories?post=440849"},{"taxonomy":"post_tag","embeddable":true,"href":"https:\/\/www.zunoticia.com\/noticias-de-hidalgo\/wp-json\/wp\/v2\/tags?post=440849"}],"curies":[{"name":"wp","href":"https:\/\/api.w.org\/{rel}","templated":true}]}}