{"id":440863,"date":"2022-08-24T16:58:35","date_gmt":"2022-08-24T21:58:35","guid":{"rendered":"https:\/\/www.zunoticia.com\/noticias-de-hidalgo\/?p=440863"},"modified":"2022-08-24T16:58:37","modified_gmt":"2022-08-24T21:58:37","slug":"surge-nueva-organizacion-de-comerciantes-en-huejutla","status":"publish","type":"post","link":"https:\/\/www.zunoticia.com\/noticias-de-hidalgo\/2022\/08\/24\/surge-nueva-organizacion-de-comerciantes-en-huejutla\/","title":{"rendered":"Surge nueva organizaci\u00f3n de comerciantes en Huejutla"},"content":{"rendered":"<aside class=\"mashsb-container mashsb-main mashsb-stretched\"><div class=\"mashsb-box\"><div class=\"mashsb-count mash-large\" style=\"float:left\"><div class=\"counts mashsbcount\">42<\/div><span class=\"mashsb-sharetext\">SHARES<\/span><\/div><div class=\"mashsb-buttons\"><a class=\"mashicon-facebook mash-large mash-center mashsb-noshadow\" href=\"https:\/\/www.facebook.com\/sharer.php?u=https%3A%2F%2Fwww.zunoticia.com%2Fnoticias-de-hidalgo%2F2022%2F08%2F24%2Fsurge-nueva-organizacion-de-comerciantes-en-huejutla%2F\" target=\"_top\" rel=\"nofollow\"><span class=\"icon\"><\/span><span class=\"text\">Share<\/span><\/a><a class=\"mashicon-twitter mash-large mash-center mashsb-noshadow\" href=\"https:\/\/twitter.com\/intent\/tweet?text=&amp;url=https:\/\/www.zunoticia.com\/noticias-de-hidalgo\/2022\/08\/24\/surge-nueva-organizacion-de-comerciantes-en-huejutla\/\" target=\"_top\" rel=\"nofollow\"><span class=\"icon\"><\/span><span class=\"text\">Tweet<\/span><\/a><div class=\"onoffswitch2 mash-large mashsb-noshadow\" style=\"display:none\"><\/div><\/div>\n            <\/div>\n                <div style=\"clear:both\"><\/div><div class=\"mashsb-toggle-container\"><\/div><\/aside>\n            <!-- Share buttons by mashshare.net - Version: 4.0.47-->\n<p><em>Por Salvador Altamirano\/Zunoticia<\/em><\/p>\n\n\n\n<p><strong>Huejutla, Hgo. &#8211;<\/strong> \u201cNuestro prop\u00f3sito es trabajar en coordinaci\u00f3n con los tres \u00f3rdenes de gobierno para fortalecer el comercio local, apoyando, no abusando de los agremiados, que ya suman casi 200, entre otros beneficios, constituyendo una caja de ahorro con aportaci\u00f3n de todos que a trav\u00e9s de pr\u00e9stamos les permita vitalizar sus negocios\u201d.<\/p>\n\n\n\n<p>Lo anterior, fue expresado por el organizador y dirigente de la naciente organizaci\u00f3n denominada &#8220;Uni\u00f3n de Comerciantes Independientes de Huejutla y la Regi\u00f3n Huasteca (UCIHRH), Nabor Hern\u00e1ndez Cort\u00e9s, quien enfatiz\u00f3 que su registro es federal y fue protocolizado en el Puerto de Tampico, Tamaulipas.<\/p>\n\n\n\n<p>En entrevista verbal, no grabada, explic\u00f3 que no vienen a causar anarqu\u00eda en las calles, ya que, en di\u00e1logo con el presidente municipal, Daniel Andrade Zurutuza, se acord\u00f3 que se instalar\u00e1n en los terrenos del antiguo rastro local, el cual limpiar\u00e1n y adecuar\u00e1n esta tarde.<\/p>\n\n\n\n<p>A pregunta formulada, detall\u00f3 que otro de los prop\u00f3sitos de los integrantes de la nueva uni\u00f3n de comerciantes es que Huejutla llegue a tener un mercado municipal funcional, limpio, seguro y moderno, como el del puerto de Tampico, Tamaulipas.<\/p>\n\n\n\n<p>Para finalizar, Hern\u00e1ndez Cort\u00e9s anticip\u00f3 que no es su intenci\u00f3n conflictuarse con ninguno de los dirigentes de las otras organizaciones, \u201cpero ya hay quien est\u00e1 amenazando a sus agremiados con quitarles sus lugares que tienen en las calles si se pasan con nosotros, lo cual es mentira, ya que la v\u00eda p\u00fablica no es propiedad de nadie, y tampoco dirigente alguno puede atentar contra el derecho constitucional de trabajar\u201d.<\/p>\n","protected":false},"excerpt":{"rendered":"<p>Por Salvador Altamirano\/Zunoticia Huejutla, Hgo. &#8211; \u201cNuestro prop\u00f3sito es trabajar en coordinaci\u00f3n con los tres \u00f3rdenes de gobierno para fortalecer el comercio local, apoyando, no abusando de los agremiados, que ya suman casi 200, entre otros beneficios, constituyendo una caja de ahorro con aportaci\u00f3n de todos que a trav\u00e9s de pr\u00e9stamos les permita vitalizar sus&hellip; <a class=\"more-link\" href=\"https:\/\/www.zunoticia.com\/noticias-de-hidalgo\/2022\/08\/24\/surge-nueva-organizacion-de-comerciantes-en-huejutla\/\">Seguir leyendo <span class=\"screen-reader-text\">Surge nueva organizaci\u00f3n de comerciantes en Huejutla<\/span><\/a><\/p>\n","protected":false},"author":12,"featured_media":440864,"comment_status":"open","ping_status":"open","sticky":false,"template":"","format":"standard","meta":{"rop_custom_images_group":[],"rop_custom_messages_group":[],"rop_publish_now":"initial","rop_publish_now_accounts":{"facebook_10159540855086992_322828327761733":""},"rop_publish_now_history":[],"rop_publish_now_status":"pending","footnotes":""},"categories":[181],"tags":[121],"class_list":["post-440863","post","type-post","status-publish","format-standard","has-post-thumbnail","hentry","category-huejutla","tag-huejutla","entry"],"_links":{"self":[{"href":"https:\/\/www.zunoticia.com\/noticias-de-hidalgo\/wp-json\/wp\/v2\/posts\/440863","targetHints":{"allow":["GET"]}}],"collection":[{"href":"https:\/\/www.zunoticia.com\/noticias-de-hidalgo\/wp-json\/wp\/v2\/posts"}],"about":[{"href":"https:\/\/www.zunoticia.com\/noticias-de-hidalgo\/wp-json\/wp\/v2\/types\/post"}],"author":[{"embeddable":true,"href":"https:\/\/www.zunoticia.com\/noticias-de-hidalgo\/wp-json\/wp\/v2\/users\/12"}],"replies":[{"embeddable":true,"href":"https:\/\/www.zunoticia.com\/noticias-de-hidalgo\/wp-json\/wp\/v2\/comments?post=440863"}],"version-history":[{"count":1,"href":"https:\/\/www.zunoticia.com\/noticias-de-hidalgo\/wp-json\/wp\/v2\/posts\/440863\/revisions"}],"predecessor-version":[{"id":440865,"href":"https:\/\/www.zunoticia.com\/noticias-de-hidalgo\/wp-json\/wp\/v2\/posts\/440863\/revisions\/440865"}],"wp:featuredmedia":[{"embeddable":true,"href":"https:\/\/www.zunoticia.com\/noticias-de-hidalgo\/wp-json\/wp\/v2\/media\/440864"}],"wp:attachment":[{"href":"https:\/\/www.zunoticia.com\/noticias-de-hidalgo\/wp-json\/wp\/v2\/media?parent=440863"}],"wp:term":[{"taxonomy":"category","embeddable":true,"href":"https:\/\/www.zunoticia.com\/noticias-de-hidalgo\/wp-json\/wp\/v2\/categories?post=440863"},{"taxonomy":"post_tag","embeddable":true,"href":"https:\/\/www.zunoticia.com\/noticias-de-hidalgo\/wp-json\/wp\/v2\/tags?post=440863"}],"curies":[{"name":"wp","href":"https:\/\/api.w.org\/{rel}","templated":true}]}}