{"id":440895,"date":"2022-08-24T17:40:56","date_gmt":"2022-08-24T22:40:56","guid":{"rendered":"https:\/\/www.zunoticia.com\/noticias-de-hidalgo\/?p=440895"},"modified":"2022-08-24T17:40:58","modified_gmt":"2022-08-24T22:40:58","slug":"para-prevenir-enfermedades-piden-nuevamente-usar-cubrebocas","status":"publish","type":"post","link":"https:\/\/www.zunoticia.com\/noticias-de-hidalgo\/2022\/08\/24\/para-prevenir-enfermedades-piden-nuevamente-usar-cubrebocas\/","title":{"rendered":"Para prevenir enfermedades piden nuevamente usar cubrebocas"},"content":{"rendered":"<aside class=\"mashsb-container mashsb-main mashsb-stretched\"><div class=\"mashsb-box\"><div class=\"mashsb-count mash-large\" style=\"float:left\"><div class=\"counts mashsbcount\">22<\/div><span class=\"mashsb-sharetext\">SHARES<\/span><\/div><div class=\"mashsb-buttons\"><a class=\"mashicon-facebook mash-large mash-center mashsb-noshadow\" href=\"https:\/\/www.facebook.com\/sharer.php?u=https%3A%2F%2Fwww.zunoticia.com%2Fnoticias-de-hidalgo%2F2022%2F08%2F24%2Fpara-prevenir-enfermedades-piden-nuevamente-usar-cubrebocas%2F\" target=\"_top\" rel=\"nofollow\"><span class=\"icon\"><\/span><span class=\"text\">Share<\/span><\/a><a class=\"mashicon-twitter mash-large mash-center mashsb-noshadow\" href=\"https:\/\/twitter.com\/intent\/tweet?text=&amp;url=https:\/\/www.zunoticia.com\/noticias-de-hidalgo\/2022\/08\/24\/para-prevenir-enfermedades-piden-nuevamente-usar-cubrebocas\/\" target=\"_top\" rel=\"nofollow\"><span class=\"icon\"><\/span><span class=\"text\">Tweet<\/span><\/a><div class=\"onoffswitch2 mash-large mashsb-noshadow\" style=\"display:none\"><\/div><\/div>\n            <\/div>\n                <div style=\"clear:both\"><\/div><div class=\"mashsb-toggle-container\"><\/div><\/aside>\n            <!-- Share buttons by mashshare.net - Version: 4.0.47-->\n<p><em>Por \u00c1ngel Silverio\/Zunoticia<\/em><\/p>\n\n\n\n<p><strong>San Felipe Orizatl\u00e1n, Hgo. &#8211;<\/strong> Ante las enfermedades respiratorias que se est\u00e1n presentando por la temporada de lluvia, operadores del transporte p\u00fablico hicieron un llamado a la poblaci\u00f3n a nuevamente hacer uso del cubrebocas en las unidades.<\/p>\n\n\n\n<p>As\u00ed fue expresado por los trabajadores de la ruta San Felipe -Huejutla, quienes pidieron a sus usuarios a nuevamente realizar las medidas preventivas contra el Covid-19, no solo para protegerse de esta enfermedad, sino para las otras que se transmiten v\u00eda a\u00e9rea y ya que el transporte p\u00fablico es considerado como un \u2018foco rojo\u2019, piden no dejar de lado la recomendaci\u00f3n.<\/p>\n\n\n\n<p>&#8220;Nos damos cuenta que se suben sin el cubrebocas, si bien es cierto que en algunos lados ya no es obligatorio, nosotros les pedimos que hagan uso de \u00e9l; es necesario para cuidarnos ya no solo del coronavirus, si no de la gripe, la tos, de otras enfermedades que se transmiten as\u00ed. Ojal\u00e1 que hagan caso, que se den cuenta que exponen a los dem\u00e1s, a veces van estornudando y no cuidan la manera, por ello les pedimos sean responsables&#8221; precis\u00f3 uno de los ch\u00f3feres.<\/p>\n\n\n\n<p>En las unidades a\u00fan se puede apreciar que es obligatorio el uso de cubrebocas, sin embargo, ya casi nadie hace uso de la mascarilla a pesar de que se siguen registrando casos de Covid-19 en el municipio.<\/p>\n","protected":false},"excerpt":{"rendered":"<p>Por \u00c1ngel Silverio\/Zunoticia San Felipe Orizatl\u00e1n, Hgo. &#8211; Ante las enfermedades respiratorias que se est\u00e1n presentando por la temporada de lluvia, operadores del transporte p\u00fablico hicieron un llamado a la poblaci\u00f3n a nuevamente hacer uso del cubrebocas en las unidades. As\u00ed fue expresado por los trabajadores de la ruta San Felipe -Huejutla, quienes pidieron a&hellip; <a class=\"more-link\" href=\"https:\/\/www.zunoticia.com\/noticias-de-hidalgo\/2022\/08\/24\/para-prevenir-enfermedades-piden-nuevamente-usar-cubrebocas\/\">Seguir leyendo <span class=\"screen-reader-text\">Para prevenir enfermedades piden nuevamente usar cubrebocas<\/span><\/a><\/p>\n","protected":false},"author":12,"featured_media":440896,"comment_status":"open","ping_status":"open","sticky":false,"template":"","format":"standard","meta":{"rop_custom_images_group":[],"rop_custom_messages_group":[],"rop_publish_now":"initial","rop_publish_now_accounts":{"facebook_10159540855086992_322828327761733":""},"rop_publish_now_history":[],"rop_publish_now_status":"pending","footnotes":""},"categories":[180],"tags":[129],"class_list":["post-440895","post","type-post","status-publish","format-standard","has-post-thumbnail","hentry","category-orizatlan","tag-orizatlan","entry"],"_links":{"self":[{"href":"https:\/\/www.zunoticia.com\/noticias-de-hidalgo\/wp-json\/wp\/v2\/posts\/440895","targetHints":{"allow":["GET"]}}],"collection":[{"href":"https:\/\/www.zunoticia.com\/noticias-de-hidalgo\/wp-json\/wp\/v2\/posts"}],"about":[{"href":"https:\/\/www.zunoticia.com\/noticias-de-hidalgo\/wp-json\/wp\/v2\/types\/post"}],"author":[{"embeddable":true,"href":"https:\/\/www.zunoticia.com\/noticias-de-hidalgo\/wp-json\/wp\/v2\/users\/12"}],"replies":[{"embeddable":true,"href":"https:\/\/www.zunoticia.com\/noticias-de-hidalgo\/wp-json\/wp\/v2\/comments?post=440895"}],"version-history":[{"count":1,"href":"https:\/\/www.zunoticia.com\/noticias-de-hidalgo\/wp-json\/wp\/v2\/posts\/440895\/revisions"}],"predecessor-version":[{"id":440897,"href":"https:\/\/www.zunoticia.com\/noticias-de-hidalgo\/wp-json\/wp\/v2\/posts\/440895\/revisions\/440897"}],"wp:featuredmedia":[{"embeddable":true,"href":"https:\/\/www.zunoticia.com\/noticias-de-hidalgo\/wp-json\/wp\/v2\/media\/440896"}],"wp:attachment":[{"href":"https:\/\/www.zunoticia.com\/noticias-de-hidalgo\/wp-json\/wp\/v2\/media?parent=440895"}],"wp:term":[{"taxonomy":"category","embeddable":true,"href":"https:\/\/www.zunoticia.com\/noticias-de-hidalgo\/wp-json\/wp\/v2\/categories?post=440895"},{"taxonomy":"post_tag","embeddable":true,"href":"https:\/\/www.zunoticia.com\/noticias-de-hidalgo\/wp-json\/wp\/v2\/tags?post=440895"}],"curies":[{"name":"wp","href":"https:\/\/api.w.org\/{rel}","templated":true}]}}