{"id":440921,"date":"2022-08-24T19:59:22","date_gmt":"2022-08-25T00:59:22","guid":{"rendered":"https:\/\/www.zunoticia.com\/noticias-de-hidalgo\/?p=440921"},"modified":"2022-08-24T19:59:24","modified_gmt":"2022-08-25T00:59:24","slug":"espejeando-por-perseo-389","status":"publish","type":"post","link":"https:\/\/www.zunoticia.com\/noticias-de-hidalgo\/2022\/08\/24\/espejeando-por-perseo-389\/","title":{"rendered":"ESPEJEANDO por Perseo"},"content":{"rendered":"<aside class=\"mashsb-container mashsb-main mashsb-stretched\"><div class=\"mashsb-box\"><div class=\"mashsb-count mash-large\" style=\"float:left\"><div class=\"counts mashsbcount\">18<\/div><span class=\"mashsb-sharetext\">SHARES<\/span><\/div><div class=\"mashsb-buttons\"><a class=\"mashicon-facebook mash-large mash-center mashsb-noshadow\" href=\"https:\/\/www.facebook.com\/sharer.php?u=https%3A%2F%2Fwww.zunoticia.com%2Fnoticias-de-hidalgo%2F2022%2F08%2F24%2Fespejeando-por-perseo-389%2F\" target=\"_top\" rel=\"nofollow\"><span class=\"icon\"><\/span><span class=\"text\">Share<\/span><\/a><a class=\"mashicon-twitter mash-large mash-center mashsb-noshadow\" href=\"https:\/\/twitter.com\/intent\/tweet?text=&amp;url=https:\/\/www.zunoticia.com\/noticias-de-hidalgo\/2022\/08\/24\/espejeando-por-perseo-389\/\" target=\"_top\" rel=\"nofollow\"><span class=\"icon\"><\/span><span class=\"text\">Tweet<\/span><\/a><div class=\"onoffswitch2 mash-large mashsb-noshadow\" style=\"display:none\"><\/div><\/div>\n            <\/div>\n                <div style=\"clear:both\"><\/div><div class=\"mashsb-toggle-container\"><\/div><\/aside>\n            <!-- Share buttons by mashshare.net - Version: 4.0.47-->\n<p>\u2022 Marcelo Ebrard Casaub\u00f3n es un pol\u00edtico mexicano miembro del Movimiento de Regeneraci\u00f3n Nacional y Secretario de Relaciones Exteriores, que es proyectado por una asociaci\u00f3n civil para la candidatura de la Presidencia de la Rep\u00fablica, es un ciudadano que cumple con un perfil de estadista, hoy, en su desempe\u00f1o pol\u00edtico, con la relaci\u00f3n diplom\u00e1tica mundial.<\/p>\n\n\n\n<p>\u2022 Ex regente de la Ciudad de M\u00e9xico, del 5 de diciembre de 2006 al 4 de diciembre del 2012, en la etapa de la pol\u00edtica contempor\u00e1nea del entonces fuerte Partido de la Revoluci\u00f3n Democr\u00e1tica, Marcelo Ebrard es Nacido en la Ciudad de M\u00e9xico el 10 de octubre de 1959. Fue galardonado como el mejor alcalde del mundo en el 2010.<\/p>\n\n\n\n<p>\u2022 Al igual que pol\u00edticos como Andr\u00e9s Manuel L\u00f3pez Obrador, Claudia Sheinbaum, y como la mayor parte de los que a\u00fan est\u00e1n vigentes, Marcelo Ebrard inici\u00f3 su carrera pol\u00edtica en el Partido Revolucionario Institucional, cuya oposici\u00f3n real de este instituto pol\u00edtico hegem\u00f3nico por 93 a\u00f1os fue el PAN, hasta que apareci\u00f3 el PRD; fue secretario general del PRI en el D.F de 1988 a 1992, por supuesto hijo putativo y doctrinario del regente del D.F. Manuel Camacho Sol\u00eds.<\/p>\n\n\n\n<p>\u2022 Este ciudadano ya fue diputado federal del Partido Verde Ecologista de M\u00e9xico como candidato externo, un dato importante fue su declinaci\u00f3n a la candidatura de Jefe de Gobierno a favor de Andr\u00e9s Manuel L\u00f3pez Obrador en el PRD, de quien fue su consejero pol\u00edtico.\u200b<\/p>\n\n\n\n<p>\u2022 Este personaje en julio de 2013 fund\u00f3 una expresi\u00f3n dentro del PRD, denominada Movimiento Progresista, que en febrero de 2014 se constituy\u00f3 como asociaci\u00f3n civil&nbsp;<a href=\"https:\/\/es.wikipedia.org\/wiki\/Movimiento_Progresista_AC\">Movimiento Progresista AC<\/a>, sus comit\u00e9s de base comenzaron la instalaci\u00f3n de grupos que apoyaran su postulaci\u00f3n a la candidatura a la presidencia de M\u00e9xico por Morena.<\/p>\n\n\n\n<p>\u2022\u2022 La aparici\u00f3n del ex funcionario de la 4T en la Unidad de Inteligencia Financiera (UIF), Santiago Nieto, este 24 de agosto en el evento del gobernador de Nuevo Le\u00f3n, Samuel Garc\u00eda, tom\u00f3 revuelo en medios tras darse a conocer que este ciudadano es un cercano a Marcelo Ebrard y algunos columnistas pretendieron ligar este asunto con el partido naranja o Movimiento Naranja. Para nadie es desconocido que Santiago Nieto reconoce a Marcelo Ebrard como quien lo llev\u00f3 al gobierno de la Cuarta Transformaci\u00f3n.<\/p>\n\n\n\n<p>\u2022\u2022\u2022 Tuvimos la visita del diputado federal Mart\u00edn Sandoval Soto, por Morena, y record\u00f3 que hace dos meses el ejecutivo les hizo llevar una propuesta de Reforma Electoral y lo que&nbsp; celebran son reuniones sobre la reforma, que es la intenci\u00f3n de Andr\u00e9s Manuel L\u00f3pez Obrador, cuyo contenido se insiste en austeridad, considerando que le cuesta mucho dinero al pueblo la partidocracia, siendo un gobierno caro y un pueblo pobre, y buscan reducir los montos econ\u00f3micos que se asignan e intentan, que ya no sean los partidos pol\u00edticos quienes determinen al \u00e1rbitro del Instituto Nacional Electoral.<\/p>\n\n\n\n<p>\u2022\u2022\u2022 Buscan, dicen, que sea el pueblo quien tome esas decisiones e intentan retirar a 200 diputados plurinominales para que en lugar de quinientos sean 300, que solo tengamos en la c\u00e1mara alta del senado 96 senadores y pretenden eliminar los institutos estatales electorales porque siempre terminan estos conflictos en la Sala Superior de la Federaci\u00f3n y la intenci\u00f3n es reducir los costos. Reconoci\u00f3 ser\u00e1 complicado porque a veces ni sus aliados van a querer que se retiren los plurinominales, pero se requiere de mucho di\u00e1logo para alcanzar los consensos.\u00a0\u00a0<\/p>\n\n\n\n<figure class=\"wp-block-image size-full\"><img fetchpriority=\"high\" decoding=\"async\" width=\"1024\" height=\"1024\" src=\"https:\/\/www.zunoticia.com\/noticias-de-hidalgo\/wp-content\/uploads\/2022\/08\/WhatsApp-Image-2022-08-24-at-7.45.14-PM.jpeg\" alt=\"\" class=\"wp-image-440922\" srcset=\"https:\/\/www.zunoticia.com\/noticias-de-hidalgo\/wp-content\/uploads\/2022\/08\/WhatsApp-Image-2022-08-24-at-7.45.14-PM.jpeg 1024w, https:\/\/www.zunoticia.com\/noticias-de-hidalgo\/wp-content\/uploads\/2022\/08\/WhatsApp-Image-2022-08-24-at-7.45.14-PM-300x300.jpeg 300w, https:\/\/www.zunoticia.com\/noticias-de-hidalgo\/wp-content\/uploads\/2022\/08\/WhatsApp-Image-2022-08-24-at-7.45.14-PM-150x150.jpeg 150w, https:\/\/www.zunoticia.com\/noticias-de-hidalgo\/wp-content\/uploads\/2022\/08\/WhatsApp-Image-2022-08-24-at-7.45.14-PM-768x768.jpeg 768w\" sizes=\"(max-width: 1024px) 100vw, 1024px\" \/><\/figure>\n","protected":false},"excerpt":{"rendered":"<p>\u2022 Marcelo Ebrard Casaub\u00f3n es un pol\u00edtico mexicano miembro del Movimiento de Regeneraci\u00f3n Nacional y Secretario de Relaciones Exteriores, que es proyectado por una asociaci\u00f3n civil para la candidatura de la Presidencia de la Rep\u00fablica, es un ciudadano que cumple con un perfil de estadista, hoy, en su desempe\u00f1o pol\u00edtico, con la relaci\u00f3n diplom\u00e1tica mundial.&hellip; <a class=\"more-link\" href=\"https:\/\/www.zunoticia.com\/noticias-de-hidalgo\/2022\/08\/24\/espejeando-por-perseo-389\/\">Seguir leyendo <span class=\"screen-reader-text\">ESPEJEANDO por Perseo<\/span><\/a><\/p>\n","protected":false},"author":12,"featured_media":440923,"comment_status":"open","ping_status":"open","sticky":false,"template":"","format":"standard","meta":{"rop_custom_images_group":[],"rop_custom_messages_group":[],"rop_publish_now":"initial","rop_publish_now_accounts":{"facebook_10159540855086992_322828327761733":""},"rop_publish_now_history":[],"rop_publish_now_status":"pending","footnotes":""},"categories":[176],"tags":[205],"class_list":["post-440921","post","type-post","status-publish","format-standard","has-post-thumbnail","hentry","category-espejeando","tag-espejeando","entry"],"_links":{"self":[{"href":"https:\/\/www.zunoticia.com\/noticias-de-hidalgo\/wp-json\/wp\/v2\/posts\/440921","targetHints":{"allow":["GET"]}}],"collection":[{"href":"https:\/\/www.zunoticia.com\/noticias-de-hidalgo\/wp-json\/wp\/v2\/posts"}],"about":[{"href":"https:\/\/www.zunoticia.com\/noticias-de-hidalgo\/wp-json\/wp\/v2\/types\/post"}],"author":[{"embeddable":true,"href":"https:\/\/www.zunoticia.com\/noticias-de-hidalgo\/wp-json\/wp\/v2\/users\/12"}],"replies":[{"embeddable":true,"href":"https:\/\/www.zunoticia.com\/noticias-de-hidalgo\/wp-json\/wp\/v2\/comments?post=440921"}],"version-history":[{"count":1,"href":"https:\/\/www.zunoticia.com\/noticias-de-hidalgo\/wp-json\/wp\/v2\/posts\/440921\/revisions"}],"predecessor-version":[{"id":440924,"href":"https:\/\/www.zunoticia.com\/noticias-de-hidalgo\/wp-json\/wp\/v2\/posts\/440921\/revisions\/440924"}],"wp:featuredmedia":[{"embeddable":true,"href":"https:\/\/www.zunoticia.com\/noticias-de-hidalgo\/wp-json\/wp\/v2\/media\/440923"}],"wp:attachment":[{"href":"https:\/\/www.zunoticia.com\/noticias-de-hidalgo\/wp-json\/wp\/v2\/media?parent=440921"}],"wp:term":[{"taxonomy":"category","embeddable":true,"href":"https:\/\/www.zunoticia.com\/noticias-de-hidalgo\/wp-json\/wp\/v2\/categories?post=440921"},{"taxonomy":"post_tag","embeddable":true,"href":"https:\/\/www.zunoticia.com\/noticias-de-hidalgo\/wp-json\/wp\/v2\/tags?post=440921"}],"curies":[{"name":"wp","href":"https:\/\/api.w.org\/{rel}","templated":true}]}}