{"id":440959,"date":"2022-08-24T20:53:00","date_gmt":"2022-08-25T01:53:00","guid":{"rendered":"https:\/\/www.zunoticia.com\/noticias-de-hidalgo\/?p=440959"},"modified":"2022-08-24T20:53:02","modified_gmt":"2022-08-25T01:53:02","slug":"esperan-locatarios-mejorar-actividad-comercial-ante-inicio-del-ciclo-escolar","status":"publish","type":"post","link":"https:\/\/www.zunoticia.com\/noticias-de-hidalgo\/2022\/08\/24\/esperan-locatarios-mejorar-actividad-comercial-ante-inicio-del-ciclo-escolar\/","title":{"rendered":"Esperan Locatarios mejorar actividad comercial ante inicio del Ciclo Escolar"},"content":{"rendered":"<aside class=\"mashsb-container mashsb-main mashsb-stretched\"><div class=\"mashsb-box\"><div class=\"mashsb-count mash-large\" style=\"float:left\"><div class=\"counts mashsbcount\">17<\/div><span class=\"mashsb-sharetext\">SHARES<\/span><\/div><div class=\"mashsb-buttons\"><a class=\"mashicon-facebook mash-large mash-center mashsb-noshadow\" href=\"https:\/\/www.facebook.com\/sharer.php?u=https%3A%2F%2Fwww.zunoticia.com%2Fnoticias-de-hidalgo%2F2022%2F08%2F24%2Fesperan-locatarios-mejorar-actividad-comercial-ante-inicio-del-ciclo-escolar%2F\" target=\"_top\" rel=\"nofollow\"><span class=\"icon\"><\/span><span class=\"text\">Share<\/span><\/a><a class=\"mashicon-twitter mash-large mash-center mashsb-noshadow\" href=\"https:\/\/twitter.com\/intent\/tweet?text=&amp;url=https:\/\/www.zunoticia.com\/noticias-de-hidalgo\/2022\/08\/24\/esperan-locatarios-mejorar-actividad-comercial-ante-inicio-del-ciclo-escolar\/\" target=\"_top\" rel=\"nofollow\"><span class=\"icon\"><\/span><span class=\"text\">Tweet<\/span><\/a><div class=\"onoffswitch2 mash-large mashsb-noshadow\" style=\"display:none\"><\/div><\/div>\n            <\/div>\n                <div style=\"clear:both\"><\/div><div class=\"mashsb-toggle-container\"><\/div><\/aside>\n            <!-- Share buttons by mashshare.net - Version: 4.0.47-->\n<p><em>Por Enedino Hern\u00e1ndez\/Zunoticia<\/em><\/p>\n\n\n\n<p><strong>Huejutla, Hgo.-<\/strong> Socios comerciantes integrados en el grupo de Locatarios del Centro de Huejutla de Reyes esperan alcanzar una buena y mejor actividad comercial ante la proximidad del inicio del Ciclo Escolar 2022-2023.<\/p>\n\n\n\n<p>El representante del citado sector de comerciantes, Emanuel Hern\u00e1ndez, pide p\u00fablicamente a todos los ciudadanos para que oportunamente adquieran los productos que sean necesarios para el inicio del ciclo escolar, el cual seg\u00fan se sabe ser\u00e1 de manera presencial y como consecuencia los alumnos deber\u00e1n de acudir uniformados.<\/p>\n\n\n\n<p>Abund\u00f3 que se espera un mayor n\u00famero de ventas en uniformes, calzado, libretas y dem\u00e1s art\u00edculos de papeler\u00eda, destacando que los comerciantes Locatarios del centro desde siempre tal y como se hace a\u00f1o con a\u00f1o se mantienen preparados para atender lo que se espera sea una gran demanda despu\u00e9s de m\u00e1s de dos a\u00f1os padeciendo por la contingencia sanitaria.<\/p>\n\n\n\n<p>\u201cTomemos en cuenta que durante m\u00e1s de dos a\u00f1os no se hab\u00eda tenido un regreso a clases de una manera formal, como se hab\u00eda conocido hasta antes de pandemia, sin embargo, quiero se\u00f1alar que los comerciantes estamos preparados para brindar los mejores productos y servicios\u201d.<\/p>\n\n\n\n<p>Finalmente, se\u00f1al\u00f3 que a ra\u00edz de que ya se ha formalizado el regreso presencial a clases a las escuelas en el estado, se tiene un movimiento importante que vislumbran mejores ventas, sin embargo, la jornada escolar seguramente dar\u00e1 todo el impulso que se requiere en esta actividad.<\/p>\n","protected":false},"excerpt":{"rendered":"<p>Por Enedino Hern\u00e1ndez\/Zunoticia Huejutla, Hgo.- Socios comerciantes integrados en el grupo de Locatarios del Centro de Huejutla de Reyes esperan alcanzar una buena y mejor actividad comercial ante la proximidad del inicio del Ciclo Escolar 2022-2023. El representante del citado sector de comerciantes, Emanuel Hern\u00e1ndez, pide p\u00fablicamente a todos los ciudadanos para que oportunamente adquieran&hellip; <a class=\"more-link\" href=\"https:\/\/www.zunoticia.com\/noticias-de-hidalgo\/2022\/08\/24\/esperan-locatarios-mejorar-actividad-comercial-ante-inicio-del-ciclo-escolar\/\">Seguir leyendo <span class=\"screen-reader-text\">Esperan Locatarios mejorar actividad comercial ante inicio del Ciclo Escolar<\/span><\/a><\/p>\n","protected":false},"author":12,"featured_media":440932,"comment_status":"open","ping_status":"open","sticky":false,"template":"","format":"standard","meta":{"rop_custom_images_group":[],"rop_custom_messages_group":[],"rop_publish_now":"initial","rop_publish_now_accounts":{"facebook_10159540855086992_322828327761733":""},"rop_publish_now_history":[],"rop_publish_now_status":"pending","footnotes":""},"categories":[181],"tags":[121],"class_list":["post-440959","post","type-post","status-publish","format-standard","has-post-thumbnail","hentry","category-huejutla","tag-huejutla","entry"],"_links":{"self":[{"href":"https:\/\/www.zunoticia.com\/noticias-de-hidalgo\/wp-json\/wp\/v2\/posts\/440959","targetHints":{"allow":["GET"]}}],"collection":[{"href":"https:\/\/www.zunoticia.com\/noticias-de-hidalgo\/wp-json\/wp\/v2\/posts"}],"about":[{"href":"https:\/\/www.zunoticia.com\/noticias-de-hidalgo\/wp-json\/wp\/v2\/types\/post"}],"author":[{"embeddable":true,"href":"https:\/\/www.zunoticia.com\/noticias-de-hidalgo\/wp-json\/wp\/v2\/users\/12"}],"replies":[{"embeddable":true,"href":"https:\/\/www.zunoticia.com\/noticias-de-hidalgo\/wp-json\/wp\/v2\/comments?post=440959"}],"version-history":[{"count":1,"href":"https:\/\/www.zunoticia.com\/noticias-de-hidalgo\/wp-json\/wp\/v2\/posts\/440959\/revisions"}],"predecessor-version":[{"id":440960,"href":"https:\/\/www.zunoticia.com\/noticias-de-hidalgo\/wp-json\/wp\/v2\/posts\/440959\/revisions\/440960"}],"wp:featuredmedia":[{"embeddable":true,"href":"https:\/\/www.zunoticia.com\/noticias-de-hidalgo\/wp-json\/wp\/v2\/media\/440932"}],"wp:attachment":[{"href":"https:\/\/www.zunoticia.com\/noticias-de-hidalgo\/wp-json\/wp\/v2\/media?parent=440959"}],"wp:term":[{"taxonomy":"category","embeddable":true,"href":"https:\/\/www.zunoticia.com\/noticias-de-hidalgo\/wp-json\/wp\/v2\/categories?post=440959"},{"taxonomy":"post_tag","embeddable":true,"href":"https:\/\/www.zunoticia.com\/noticias-de-hidalgo\/wp-json\/wp\/v2\/tags?post=440959"}],"curies":[{"name":"wp","href":"https:\/\/api.w.org\/{rel}","templated":true}]}}