{"id":440961,"date":"2022-08-24T20:54:50","date_gmt":"2022-08-25T01:54:50","guid":{"rendered":"https:\/\/www.zunoticia.com\/noticias-de-hidalgo\/?p=440961"},"modified":"2022-08-24T20:54:52","modified_gmt":"2022-08-25T01:54:52","slug":"impartiran-conferencia-a-periodistas-en-el-marco-de-la-9a-feria-del-libro-de-huejutla","status":"publish","type":"post","link":"https:\/\/www.zunoticia.com\/noticias-de-hidalgo\/2022\/08\/24\/impartiran-conferencia-a-periodistas-en-el-marco-de-la-9a-feria-del-libro-de-huejutla\/","title":{"rendered":"Impartir\u00e1n conferencia a periodistas en el marco de la &#8220;9a Feria del Libro de Huejutla&#8221;"},"content":{"rendered":"<aside class=\"mashsb-container mashsb-main mashsb-stretched\"><div class=\"mashsb-box\"><div class=\"mashsb-count mash-large\" style=\"float:left\"><div class=\"counts mashsbcount\">22<\/div><span class=\"mashsb-sharetext\">SHARES<\/span><\/div><div class=\"mashsb-buttons\"><a class=\"mashicon-facebook mash-large mash-center mashsb-noshadow\" href=\"https:\/\/www.facebook.com\/sharer.php?u=https%3A%2F%2Fwww.zunoticia.com%2Fnoticias-de-hidalgo%2F2022%2F08%2F24%2Fimpartiran-conferencia-a-periodistas-en-el-marco-de-la-9a-feria-del-libro-de-huejutla%2F\" target=\"_top\" rel=\"nofollow\"><span class=\"icon\"><\/span><span class=\"text\">Share<\/span><\/a><a class=\"mashicon-twitter mash-large mash-center mashsb-noshadow\" href=\"https:\/\/twitter.com\/intent\/tweet?text=&amp;url=https:\/\/www.zunoticia.com\/noticias-de-hidalgo\/2022\/08\/24\/impartiran-conferencia-a-periodistas-en-el-marco-de-la-9a-feria-del-libro-de-huejutla\/\" target=\"_top\" rel=\"nofollow\"><span class=\"icon\"><\/span><span class=\"text\">Tweet<\/span><\/a><div class=\"onoffswitch2 mash-large mashsb-noshadow\" style=\"display:none\"><\/div><\/div>\n            <\/div>\n                <div style=\"clear:both\"><\/div><div class=\"mashsb-toggle-container\"><\/div><\/aside>\n            <!-- Share buttons by mashshare.net - Version: 4.0.47-->\n<p><em>Por Salvador Altamirano\/Zunoticia<\/em><\/p>\n\n\n\n<p><strong>Huejutla, Hgo.-<\/strong> El organizador de la Feria del Libro de Huejutla, Leopoldo Enrique Iniesta Mondrag\u00f3n, manifest\u00f3 que en el marco de la 9a edici\u00f3n, se ha programado una conferencia para periodistas cuya ponencia estar\u00e1 a cargo de Mireya Borrego Guti\u00e9rrez, quien ha fungido como jefa de comunicaci\u00f3n social en varias dependencias de gobierno.<\/p>\n\n\n\n<p>Explic\u00f3 que dicha conferencia, la cual tendr\u00e1 efecto el 12 de noviembre pr\u00f3ximo, no es porque los periodistas de la regi\u00f3n no sepamos desempe\u00f1ar nuestra profesi\u00f3n, sino porque es necesario actualizarnos en algunos temas, en especial tener un punto de vista sobre qu\u00e9 voy, c\u00f3mo y qu\u00e9 quiero comunicar para el crecimiento del pueblo, y no s\u00f3lo dar a conocer lo que realiza una administraci\u00f3n municipal.<\/p>\n\n\n\n<p>A pregunta expresa, refiri\u00f3 que para la conferencia se han propuesto dos nombres: &#8220;La comunicaci\u00f3n como factor de acercamiento a la cultura&#8221; y &#8220;La importancia de la comunicaci\u00f3n&#8221;, pero a\u00fan no se decide cu\u00e1l ostentar\u00e1, pero lo m\u00e1s importante, no obstante que la actividad ser\u00e1 abierta al p\u00fablico, es que todos los compa\u00f1eros periodistas podamos conjuntarnos.<\/p>\n\n\n\n<p>Enfatiz\u00f3 que ser\u00eda excelente tener una charla m\u00e1s en corto con ella, para tratar temas sobre lo que viene con el nuevo gobierno estatal, pero, sobre todo, c\u00f3mo ejercer un periodismo m\u00e1s cultural y social, que desde su punto de vista es lo que hace falta en la huasteca, publicar las necesidades de la poblaci\u00f3n y no difundir s\u00f3lo los intereses de quien paga.<\/p>\n\n\n\n<p>Para finalizar, Iniesta Mondrag\u00f3n coment\u00f3 que la precitada conferencia magistral tendr\u00e1 efecto en la Plaza 21 de Mayo, ya que es una actividad m\u00e1s en el marco de la Feria del Libro, y ojal\u00e1 que los compa\u00f1eros periodistas acudan, ya que a veces en estos eventos los que tienen que estar no est\u00e1n, pero en este caso ser\u00eda bueno intercambiar conocimientos con ella, y ubicarnos en esa realidad de lo que necesita ahora el periodismo en el tema cultural y social.<\/p>\n","protected":false},"excerpt":{"rendered":"<p>Por Salvador Altamirano\/Zunoticia Huejutla, Hgo.- El organizador de la Feria del Libro de Huejutla, Leopoldo Enrique Iniesta Mondrag\u00f3n, manifest\u00f3 que en el marco de la 9a edici\u00f3n, se ha programado una conferencia para periodistas cuya ponencia estar\u00e1 a cargo de Mireya Borrego Guti\u00e9rrez, quien ha fungido como jefa de comunicaci\u00f3n social en varias dependencias de&hellip; <a class=\"more-link\" href=\"https:\/\/www.zunoticia.com\/noticias-de-hidalgo\/2022\/08\/24\/impartiran-conferencia-a-periodistas-en-el-marco-de-la-9a-feria-del-libro-de-huejutla\/\">Seguir leyendo <span class=\"screen-reader-text\">Impartir\u00e1n conferencia a periodistas en el marco de la &#8220;9a Feria del Libro de Huejutla&#8221;<\/span><\/a><\/p>\n","protected":false},"author":12,"featured_media":440933,"comment_status":"open","ping_status":"open","sticky":false,"template":"","format":"standard","meta":{"rop_custom_images_group":[],"rop_custom_messages_group":[],"rop_publish_now":"initial","rop_publish_now_accounts":{"facebook_10159540855086992_322828327761733":""},"rop_publish_now_history":[],"rop_publish_now_status":"pending","footnotes":""},"categories":[181],"tags":[121],"class_list":["post-440961","post","type-post","status-publish","format-standard","has-post-thumbnail","hentry","category-huejutla","tag-huejutla","entry"],"_links":{"self":[{"href":"https:\/\/www.zunoticia.com\/noticias-de-hidalgo\/wp-json\/wp\/v2\/posts\/440961","targetHints":{"allow":["GET"]}}],"collection":[{"href":"https:\/\/www.zunoticia.com\/noticias-de-hidalgo\/wp-json\/wp\/v2\/posts"}],"about":[{"href":"https:\/\/www.zunoticia.com\/noticias-de-hidalgo\/wp-json\/wp\/v2\/types\/post"}],"author":[{"embeddable":true,"href":"https:\/\/www.zunoticia.com\/noticias-de-hidalgo\/wp-json\/wp\/v2\/users\/12"}],"replies":[{"embeddable":true,"href":"https:\/\/www.zunoticia.com\/noticias-de-hidalgo\/wp-json\/wp\/v2\/comments?post=440961"}],"version-history":[{"count":1,"href":"https:\/\/www.zunoticia.com\/noticias-de-hidalgo\/wp-json\/wp\/v2\/posts\/440961\/revisions"}],"predecessor-version":[{"id":440962,"href":"https:\/\/www.zunoticia.com\/noticias-de-hidalgo\/wp-json\/wp\/v2\/posts\/440961\/revisions\/440962"}],"wp:featuredmedia":[{"embeddable":true,"href":"https:\/\/www.zunoticia.com\/noticias-de-hidalgo\/wp-json\/wp\/v2\/media\/440933"}],"wp:attachment":[{"href":"https:\/\/www.zunoticia.com\/noticias-de-hidalgo\/wp-json\/wp\/v2\/media?parent=440961"}],"wp:term":[{"taxonomy":"category","embeddable":true,"href":"https:\/\/www.zunoticia.com\/noticias-de-hidalgo\/wp-json\/wp\/v2\/categories?post=440961"},{"taxonomy":"post_tag","embeddable":true,"href":"https:\/\/www.zunoticia.com\/noticias-de-hidalgo\/wp-json\/wp\/v2\/tags?post=440961"}],"curies":[{"name":"wp","href":"https:\/\/api.w.org\/{rel}","templated":true}]}}