{"id":440969,"date":"2022-08-24T21:14:58","date_gmt":"2022-08-25T02:14:58","guid":{"rendered":"https:\/\/www.zunoticia.com\/noticias-de-hidalgo\/?p=440969"},"modified":"2022-08-24T21:15:01","modified_gmt":"2022-08-25T02:15:01","slug":"capacitacion-y-apoyo-ejes-de-atencion-al-sector-artesanal-en-hidalgo","status":"publish","type":"post","link":"https:\/\/www.zunoticia.com\/noticias-de-hidalgo\/2022\/08\/24\/capacitacion-y-apoyo-ejes-de-atencion-al-sector-artesanal-en-hidalgo\/","title":{"rendered":"Capacitaci\u00f3n y apoyo, ejes de atenci\u00f3n al sector artesanal en Hidalgo"},"content":{"rendered":"<aside class=\"mashsb-container mashsb-main mashsb-stretched\"><div class=\"mashsb-box\"><div class=\"mashsb-count mash-large\" style=\"float:left\"><div class=\"counts mashsbcount\">17<\/div><span class=\"mashsb-sharetext\">SHARES<\/span><\/div><div class=\"mashsb-buttons\"><a class=\"mashicon-facebook mash-large mash-center mashsb-noshadow\" href=\"https:\/\/www.facebook.com\/sharer.php?u=https%3A%2F%2Fwww.zunoticia.com%2Fnoticias-de-hidalgo%2F2022%2F08%2F24%2Fcapacitacion-y-apoyo-ejes-de-atencion-al-sector-artesanal-en-hidalgo%2F\" target=\"_top\" rel=\"nofollow\"><span class=\"icon\"><\/span><span class=\"text\">Share<\/span><\/a><a class=\"mashicon-twitter mash-large mash-center mashsb-noshadow\" href=\"https:\/\/twitter.com\/intent\/tweet?text=&amp;url=https:\/\/www.zunoticia.com\/noticias-de-hidalgo\/2022\/08\/24\/capacitacion-y-apoyo-ejes-de-atencion-al-sector-artesanal-en-hidalgo\/\" target=\"_top\" rel=\"nofollow\"><span class=\"icon\"><\/span><span class=\"text\">Tweet<\/span><\/a><div class=\"onoffswitch2 mash-large mashsb-noshadow\" style=\"display:none\"><\/div><\/div>\n            <\/div>\n                <div style=\"clear:both\"><\/div><div class=\"mashsb-toggle-container\"><\/div><\/aside>\n            <!-- Share buttons by mashshare.net - Version: 4.0.47-->\n<ul class=\"wp-block-list\"><li>Durante la administraci\u00f3n del gobernador Fayad<\/li><\/ul>\n\n\n\n<p><em>Por <\/em><em>Redacci\u00f3n\/Zunoticia<\/em><\/p>\n\n\n\n<p><strong>Pachuca, Hgo.-<\/strong> La Secretar\u00eda de Desarrollo Social, por instrucci\u00f3n del gobernador Omar Fayad, acompa\u00f1\u00f3, orient\u00f3 y capacit\u00f3 al sector artesanal con el objetivo de impulsar sus actividades productivas por medio del aprendizaje, la producci\u00f3n, desarrollo y venta de sus productos.<\/p>\n\n\n\n<p>El secretario de Desarrollo Social, Daniel Jim\u00e9nez Rojo, asegur\u00f3 que se realiz\u00f3 toda una estrategia de atenci\u00f3n para las y los artesanos, se les llev\u00f3 de la mano, se les invit\u00f3 a participar activamente en cursos, talleres, convocatorias y concursos, con la meta de aumentar su producci\u00f3n, cuidar su salud, incrementar sus ingresos y eso se viera reflejado en mejoras para sus comunidades.<\/p>\n\n\n\n<p>En el estado de Hidalgo se mantuvo una estrecha comunicaci\u00f3n para que tuvieran espacios de venta, remodelaci\u00f3n de talleres artesanales, cursos de marketing, de atenci\u00f3n al cliente, asesor\u00edas y dise\u00f1o de imagen, entre otras acciones.<\/p>\n\n\n\n<p>En esta administraci\u00f3n se rehabilit\u00f3 la Casa de las Artesan\u00edas Hidarte con una inversi\u00f3n de 3 millones 400 mil pesos para beneficiar a cientos de personas artesanas, que de manera itinerante exponen sus piezas en este espacio de manera gratuita y son ellas quienes ponen el precio a su trabajo. En dichas instalaciones se vendieron m\u00e1s de 16.4 millones de pesos en beneficio de m\u00e1s de 2 mil 400 personas.<\/p>\n\n\n\n<figure class=\"wp-block-image size-full\"><img fetchpriority=\"high\" decoding=\"async\" width=\"582\" height=\"366\" src=\"https:\/\/www.zunoticia.com\/noticias-de-hidalgo\/wp-content\/uploads\/2022\/08\/eZy-Watermark-24-08-2022-08-31-12p.m..jpg\" alt=\"\" class=\"wp-image-440931\" srcset=\"https:\/\/www.zunoticia.com\/noticias-de-hidalgo\/wp-content\/uploads\/2022\/08\/eZy-Watermark-24-08-2022-08-31-12p.m..jpg 582w, https:\/\/www.zunoticia.com\/noticias-de-hidalgo\/wp-content\/uploads\/2022\/08\/eZy-Watermark-24-08-2022-08-31-12p.m.-300x189.jpg 300w\" sizes=\"(max-width: 582px) 100vw, 582px\" \/><\/figure>\n\n\n\n<p>Una de las muestras m\u00e1s claras de coordinaci\u00f3n entre estado y este sector fue la realizaci\u00f3n del Tenango m\u00e1s grande del mundo, que tiene una medida de m\u00e1s de 103 metros cuadrados y en la que mil 270 personas de la regi\u00f3n Otom\u00ed Tepehua participaron, logrando as\u00ed la obtenci\u00f3n de un r\u00e9cord mundial Guinness.&nbsp;<\/p>\n\n\n\n<p>Para promover la competencia, la innovaci\u00f3n e incentivar a la comunidad artesanal, la Sedeso en coordinaci\u00f3n con el Fondo Nacional de Fomento a las Artesan\u00edas (Fonart) realiz\u00f3 25 concursos artesanales en diferentes regiones del estado, con lo que se estimul\u00f3 econ\u00f3micamente a 606 galardonados con m\u00e1s de 3 millones de pesos.<\/p>\n\n\n\n<p>Ante el confinamiento por la pandemia de Covid-19 la comunidad artesanal fue uno de los sectores con m\u00e1s afectaciones, raz\u00f3n por la que el gobernador Omar Fayad instruy\u00f3 destinar recursos por 476 mil pesos para realizar la entrega de paquetes alimentarios a mil 616 personas artesanas de escasos recursos.<\/p>\n\n\n\n<p>En total, durante la administraci\u00f3n del gobernador Omar Fayad se brindaron 13 mil 582 apoyos a personas artesanas, lo que coadyuv\u00f3 a que este sector mejorara sus condiciones de vida y la de sus familias.<\/p>\n","protected":false},"excerpt":{"rendered":"<p>Durante la administraci\u00f3n del gobernador Fayad Por Redacci\u00f3n\/Zunoticia Pachuca, Hgo.- La Secretar\u00eda de Desarrollo Social, por instrucci\u00f3n del gobernador Omar Fayad, acompa\u00f1\u00f3, orient\u00f3 y capacit\u00f3 al sector artesanal con el objetivo de impulsar sus actividades productivas por medio del aprendizaje, la producci\u00f3n, desarrollo y venta de sus productos. El secretario de Desarrollo Social, Daniel Jim\u00e9nez&hellip; <a class=\"more-link\" href=\"https:\/\/www.zunoticia.com\/noticias-de-hidalgo\/2022\/08\/24\/capacitacion-y-apoyo-ejes-de-atencion-al-sector-artesanal-en-hidalgo\/\">Seguir leyendo <span class=\"screen-reader-text\">Capacitaci\u00f3n y apoyo, ejes de atenci\u00f3n al sector artesanal en Hidalgo<\/span><\/a><\/p>\n","protected":false},"author":12,"featured_media":440930,"comment_status":"open","ping_status":"open","sticky":false,"template":"","format":"standard","meta":{"rop_custom_images_group":[],"rop_custom_messages_group":[],"rop_publish_now":"initial","rop_publish_now_accounts":{"facebook_10159540855086992_322828327761733":""},"rop_publish_now_history":[],"rop_publish_now_status":"pending","footnotes":""},"categories":[208],"tags":[214],"class_list":["post-440969","post","type-post","status-publish","format-standard","has-post-thumbnail","hentry","category-estado","tag-estado","entry"],"_links":{"self":[{"href":"https:\/\/www.zunoticia.com\/noticias-de-hidalgo\/wp-json\/wp\/v2\/posts\/440969","targetHints":{"allow":["GET"]}}],"collection":[{"href":"https:\/\/www.zunoticia.com\/noticias-de-hidalgo\/wp-json\/wp\/v2\/posts"}],"about":[{"href":"https:\/\/www.zunoticia.com\/noticias-de-hidalgo\/wp-json\/wp\/v2\/types\/post"}],"author":[{"embeddable":true,"href":"https:\/\/www.zunoticia.com\/noticias-de-hidalgo\/wp-json\/wp\/v2\/users\/12"}],"replies":[{"embeddable":true,"href":"https:\/\/www.zunoticia.com\/noticias-de-hidalgo\/wp-json\/wp\/v2\/comments?post=440969"}],"version-history":[{"count":1,"href":"https:\/\/www.zunoticia.com\/noticias-de-hidalgo\/wp-json\/wp\/v2\/posts\/440969\/revisions"}],"predecessor-version":[{"id":440970,"href":"https:\/\/www.zunoticia.com\/noticias-de-hidalgo\/wp-json\/wp\/v2\/posts\/440969\/revisions\/440970"}],"wp:featuredmedia":[{"embeddable":true,"href":"https:\/\/www.zunoticia.com\/noticias-de-hidalgo\/wp-json\/wp\/v2\/media\/440930"}],"wp:attachment":[{"href":"https:\/\/www.zunoticia.com\/noticias-de-hidalgo\/wp-json\/wp\/v2\/media?parent=440969"}],"wp:term":[{"taxonomy":"category","embeddable":true,"href":"https:\/\/www.zunoticia.com\/noticias-de-hidalgo\/wp-json\/wp\/v2\/categories?post=440969"},{"taxonomy":"post_tag","embeddable":true,"href":"https:\/\/www.zunoticia.com\/noticias-de-hidalgo\/wp-json\/wp\/v2\/tags?post=440969"}],"curies":[{"name":"wp","href":"https:\/\/api.w.org\/{rel}","templated":true}]}}