{"id":440971,"date":"2022-08-24T21:16:29","date_gmt":"2022-08-25T02:16:29","guid":{"rendered":"https:\/\/www.zunoticia.com\/noticias-de-hidalgo\/?p=440971"},"modified":"2022-08-24T21:16:31","modified_gmt":"2022-08-25T02:16:31","slug":"atilano-rodriguez-presidio-e-instalo-el-comite-de-coordinacion-y-seguimiento-en-la-declaracion-puebla-2022","status":"publish","type":"post","link":"https:\/\/www.zunoticia.com\/noticias-de-hidalgo\/2022\/08\/24\/atilano-rodriguez-presidio-e-instalo-el-comite-de-coordinacion-y-seguimiento-en-la-declaracion-puebla-2022\/","title":{"rendered":"Atilano Rodr\u00edguez presidi\u00f3 e instal\u00f3 el comit\u00e9 de coordinaci\u00f3n y seguimiento en la declaraci\u00f3n puebla 2022"},"content":{"rendered":"<aside class=\"mashsb-container mashsb-main mashsb-stretched\"><div class=\"mashsb-box\"><div class=\"mashsb-count mash-large\" style=\"float:left\"><div class=\"counts mashsbcount\">4<\/div><span class=\"mashsb-sharetext\">SHARES<\/span><\/div><div class=\"mashsb-buttons\"><a class=\"mashicon-facebook mash-large mash-center mashsb-noshadow\" href=\"https:\/\/www.facebook.com\/sharer.php?u=https%3A%2F%2Fwww.zunoticia.com%2Fnoticias-de-hidalgo%2F2022%2F08%2F24%2Fatilano-rodriguez-presidio-e-instalo-el-comite-de-coordinacion-y-seguimiento-en-la-declaracion-puebla-2022%2F\" target=\"_top\" rel=\"nofollow\"><span class=\"icon\"><\/span><span class=\"text\">Share<\/span><\/a><a class=\"mashicon-twitter mash-large mash-center mashsb-noshadow\" href=\"https:\/\/twitter.com\/intent\/tweet?text=&amp;url=https:\/\/www.zunoticia.com\/noticias-de-hidalgo\/2022\/08\/24\/atilano-rodriguez-presidio-e-instalo-el-comite-de-coordinacion-y-seguimiento-en-la-declaracion-puebla-2022\/\" target=\"_top\" rel=\"nofollow\"><span class=\"icon\"><\/span><span class=\"text\">Tweet<\/span><\/a><div class=\"onoffswitch2 mash-large mashsb-noshadow\" style=\"display:none\"><\/div><\/div>\n            <\/div>\n                <div style=\"clear:both\"><\/div><div class=\"mashsb-toggle-container\"><\/div><\/aside>\n            <!-- Share buttons by mashshare.net - Version: 4.0.47-->\n<p><em>Por Redacci\u00f3n\/Zunoticia<\/em><\/p>\n\n\n\n<p><strong>Pachuca, Hgo.-<\/strong> Resultado de un trabajo de coordinaci\u00f3n nacional en materia educativa y en respuesta a la convocatoria \u201cVamos todas y todos por la Educaci\u00f3n\u201d para lograr que las y los alumnos que hayan abandonado sus estudios puedan retornar a la brevedad a los planteles de Educaci\u00f3n B\u00e1sica y Media Superior de todo el pa\u00eds y desde luego de Hidalgo, el secretario de Educaci\u00f3n P\u00fablica en la entidad, Atilano Rodr\u00edguez P\u00e9rez, presidi\u00f3 e instal\u00f3 el Comit\u00e9 de Coordinaci\u00f3n y Seguimiento en el marco de la Declaraci\u00f3n de Puebla 2022.<\/p>\n\n\n\n<p>En su mensaje, el secretario Atilano Rodr\u00edguez resalt\u00f3 que la CONAEDU, que es el Consejo Nacional de Autoridades Educativas, se re\u00fane peri\u00f3dicamente para identificar las problem\u00e1ticas y delinear acuerdos que orienten las acciones educativas. En la reuni\u00f3n m\u00e1s reciente, realizada en la ciudad de Puebla, se firm\u00f3 una declaraci\u00f3n: Puebla 2022 \u201cVamos todas y todos por la Educaci\u00f3n\u201d. En \u00e9sta se enuncian los retos y compromisos que se tienen que atender en el corto y mediano plazo, para lo cual se instal\u00f3 el Comit\u00e9 de Coordinaci\u00f3n y Seguimiento.<\/p>\n\n\n\n<p>El titular de la SEPH hizo principal \u00e9nfasis en la suma de voluntades para hacerle frente a los efectos de la pandemia en el proceso educativo, por ello la importancia de esta acci\u00f3n para atender la realidad actual y que ning\u00fan ni\u00f1o, ni\u00f1a y joven se quede sin ejercer su derecho a la educaci\u00f3n.&nbsp; Asimismo, destac\u00f3 que se apoyar\u00e1 a las escuelas en temas acad\u00e9micos, fortalecimiento de habilidades socioemocionales y se convocar\u00e1 a autoridades de las regiones para promover el reingreso a las escuelas de alumnas y alumnos.<\/p>\n\n\n\n<p>Rodr\u00edguez P\u00e9rez reconoci\u00f3 que la emergencia sanitaria impuls\u00f3 al sector educativo a dise\u00f1ar diversas estrategias equitativas de educaci\u00f3n para no suspender el aprendizaje de ni\u00f1as, ni\u00f1os, adolescentes y j\u00f3venes, lo cual implic\u00f3 un esfuerzo de autoridades, docentes y madres y padres de familia.<\/p>\n\n\n\n<figure class=\"wp-block-image size-full\"><img fetchpriority=\"high\" decoding=\"async\" width=\"1024\" height=\"572\" src=\"https:\/\/www.zunoticia.com\/noticias-de-hidalgo\/wp-content\/uploads\/2022\/08\/eZy-Watermark-24-08-2022-08-31-52p.m..jpg\" alt=\"\" class=\"wp-image-440929\" srcset=\"https:\/\/www.zunoticia.com\/noticias-de-hidalgo\/wp-content\/uploads\/2022\/08\/eZy-Watermark-24-08-2022-08-31-52p.m..jpg 1024w, https:\/\/www.zunoticia.com\/noticias-de-hidalgo\/wp-content\/uploads\/2022\/08\/eZy-Watermark-24-08-2022-08-31-52p.m.-300x168.jpg 300w, https:\/\/www.zunoticia.com\/noticias-de-hidalgo\/wp-content\/uploads\/2022\/08\/eZy-Watermark-24-08-2022-08-31-52p.m.-768x429.jpg 768w\" sizes=\"(max-width: 1024px) 100vw, 1024px\" \/><\/figure>\n\n\n\n<p>Asimismo, dijo que las ventajas de contar con un \u00f3rgano colegiado son muchas, pues a trav\u00e9s de \u00e9ste se difundir\u00e1n y promover\u00e1n acciones para evitar el rezago educativo, como fortalecer la infraestructura, los programas ya existentes, as\u00ed como para continuar el trabajo conjunto con el sector salud.<\/p>\n\n\n\n<p>Explic\u00f3 que tambi\u00e9n se atender\u00e1 la parte donde se dotar\u00e1 a las y los docentes de metodolog\u00edas para la recuperaci\u00f3n de los aprendizajes y para detectar de manera oportuna situaciones de provoquen rezago o abandono escolar para que directivos, docentes, madres y padres de familia y la comunidad educativa en general, con el apoyo de otras instancias, y tomando en cuenta las particularidades de los contextos locales y regionales, act\u00faen de manera proactiva y eficaz.<\/p>\n\n\n\n<p>En la reuni\u00f3n se cont\u00f3 con la participaci\u00f3n de las y los subsecretarios de la SEPH: Francisca Ram\u00edrez Analco, Ang\u00e9lica Bravo Cadena, Pablo Moreno Calva y Juan Benito Ram\u00edrez Romero; el coordinador territorial del Consejo Nacional de Fomento Educativo en Hidalgo, Joel Guerrero Ju\u00e1rez; la presidenta de la Federaci\u00f3n de Escuelas Particulares del Estado de Hidalgo, Mar\u00eda del Pilar Mart\u00ednez Arag\u00f3n; el presidente de la Asociaci\u00f3n Estatal de Madres y Padres de Familia, Jos\u00e9 Manuel L\u00f3pez Flores, as\u00ed como directivos y administrativos de nivel de Educaci\u00f3n B\u00e1sica y Media Superior, entre otras y otros.<\/p>\n","protected":false},"excerpt":{"rendered":"<p>Por Redacci\u00f3n\/Zunoticia Pachuca, Hgo.- Resultado de un trabajo de coordinaci\u00f3n nacional en materia educativa y en respuesta a la convocatoria \u201cVamos todas y todos por la Educaci\u00f3n\u201d para lograr que las y los alumnos que hayan abandonado sus estudios puedan retornar a la brevedad a los planteles de Educaci\u00f3n B\u00e1sica y Media Superior de todo&hellip; <a class=\"more-link\" href=\"https:\/\/www.zunoticia.com\/noticias-de-hidalgo\/2022\/08\/24\/atilano-rodriguez-presidio-e-instalo-el-comite-de-coordinacion-y-seguimiento-en-la-declaracion-puebla-2022\/\">Seguir leyendo <span class=\"screen-reader-text\">Atilano Rodr\u00edguez presidi\u00f3 e instal\u00f3 el comit\u00e9 de coordinaci\u00f3n y seguimiento en la declaraci\u00f3n puebla 2022<\/span><\/a><\/p>\n","protected":false},"author":12,"featured_media":440928,"comment_status":"open","ping_status":"open","sticky":false,"template":"","format":"standard","meta":{"rop_custom_images_group":[],"rop_custom_messages_group":[],"rop_publish_now":"initial","rop_publish_now_accounts":{"facebook_10159540855086992_322828327761733":""},"rop_publish_now_history":[],"rop_publish_now_status":"pending","footnotes":""},"categories":[208],"tags":[214],"class_list":["post-440971","post","type-post","status-publish","format-standard","has-post-thumbnail","hentry","category-estado","tag-estado","entry"],"_links":{"self":[{"href":"https:\/\/www.zunoticia.com\/noticias-de-hidalgo\/wp-json\/wp\/v2\/posts\/440971","targetHints":{"allow":["GET"]}}],"collection":[{"href":"https:\/\/www.zunoticia.com\/noticias-de-hidalgo\/wp-json\/wp\/v2\/posts"}],"about":[{"href":"https:\/\/www.zunoticia.com\/noticias-de-hidalgo\/wp-json\/wp\/v2\/types\/post"}],"author":[{"embeddable":true,"href":"https:\/\/www.zunoticia.com\/noticias-de-hidalgo\/wp-json\/wp\/v2\/users\/12"}],"replies":[{"embeddable":true,"href":"https:\/\/www.zunoticia.com\/noticias-de-hidalgo\/wp-json\/wp\/v2\/comments?post=440971"}],"version-history":[{"count":1,"href":"https:\/\/www.zunoticia.com\/noticias-de-hidalgo\/wp-json\/wp\/v2\/posts\/440971\/revisions"}],"predecessor-version":[{"id":440972,"href":"https:\/\/www.zunoticia.com\/noticias-de-hidalgo\/wp-json\/wp\/v2\/posts\/440971\/revisions\/440972"}],"wp:featuredmedia":[{"embeddable":true,"href":"https:\/\/www.zunoticia.com\/noticias-de-hidalgo\/wp-json\/wp\/v2\/media\/440928"}],"wp:attachment":[{"href":"https:\/\/www.zunoticia.com\/noticias-de-hidalgo\/wp-json\/wp\/v2\/media?parent=440971"}],"wp:term":[{"taxonomy":"category","embeddable":true,"href":"https:\/\/www.zunoticia.com\/noticias-de-hidalgo\/wp-json\/wp\/v2\/categories?post=440971"},{"taxonomy":"post_tag","embeddable":true,"href":"https:\/\/www.zunoticia.com\/noticias-de-hidalgo\/wp-json\/wp\/v2\/tags?post=440971"}],"curies":[{"name":"wp","href":"https:\/\/api.w.org\/{rel}","templated":true}]}}