{"id":440975,"date":"2022-08-24T21:19:31","date_gmt":"2022-08-25T02:19:31","guid":{"rendered":"https:\/\/www.zunoticia.com\/noticias-de-hidalgo\/?p=440975"},"modified":"2022-08-24T21:19:34","modified_gmt":"2022-08-25T02:19:34","slug":"gobierno-municipal-refrenda-su-compromiso-para-llevar-a-cabo-fiesta-patronal","status":"publish","type":"post","link":"https:\/\/www.zunoticia.com\/noticias-de-hidalgo\/2022\/08\/24\/gobierno-municipal-refrenda-su-compromiso-para-llevar-a-cabo-fiesta-patronal\/","title":{"rendered":"Gobierno Municipal refrenda su compromiso para llevar a cabo fiesta patronal"},"content":{"rendered":"<aside class=\"mashsb-container mashsb-main mashsb-stretched\"><div class=\"mashsb-box\"><div class=\"mashsb-count mash-large\" style=\"float:left\"><div class=\"counts mashsbcount\">26<\/div><span class=\"mashsb-sharetext\">SHARES<\/span><\/div><div class=\"mashsb-buttons\"><a class=\"mashicon-facebook mash-large mash-center mashsb-noshadow\" href=\"https:\/\/www.facebook.com\/sharer.php?u=https%3A%2F%2Fwww.zunoticia.com%2Fnoticias-de-hidalgo%2F2022%2F08%2F24%2Fgobierno-municipal-refrenda-su-compromiso-para-llevar-a-cabo-fiesta-patronal%2F\" target=\"_top\" rel=\"nofollow\"><span class=\"icon\"><\/span><span class=\"text\">Share<\/span><\/a><a class=\"mashicon-twitter mash-large mash-center mashsb-noshadow\" href=\"https:\/\/twitter.com\/intent\/tweet?text=&amp;url=https:\/\/www.zunoticia.com\/noticias-de-hidalgo\/2022\/08\/24\/gobierno-municipal-refrenda-su-compromiso-para-llevar-a-cabo-fiesta-patronal\/\" target=\"_top\" rel=\"nofollow\"><span class=\"icon\"><\/span><span class=\"text\">Tweet<\/span><\/a><div class=\"onoffswitch2 mash-large mashsb-noshadow\" style=\"display:none\"><\/div><\/div>\n            <\/div>\n                <div style=\"clear:both\"><\/div><div class=\"mashsb-toggle-container\"><\/div><\/aside>\n            <!-- Share buttons by mashshare.net - Version: 4.0.47-->\n<p>Por Redacci\u00f3n\/Zunoticia<\/p>\n\n\n\n<p><strong>Tlanchinol, Hgo.-<\/strong>&nbsp; El pasado lunes 22 de agosto se llev\u00f3 a cabo una reuni\u00f3n m\u00e1s entre autoridades municipales y el comit\u00e9 organizador de la fiesta patronal &#8220;San Agust\u00edn 2022&#8221;, en la cual el Gobierno Municipal refrend\u00f3 su compromiso para llevar a cabo cada una de las actividades planeadas para esta fiesta patronal.<\/p>\n\n\n\n<p>Adem\u00e1s, en d\u00edas pasados se realiz\u00f3 la entrega oficial del apoyo acordado desde la primera reuni\u00f3n a la cual fue convocado el presidente municipal Marcos Bautista Medina, quien se comprometi\u00f3 a otorgar la cantidad de $300,000.00 mil pesos, los cuales ya fueron entregados, con lo cual se dio cumplimiento a lo acordado por el presidente municipal.<\/p>\n\n\n\n<p>Dicho recurso ya es administrado totalmente por el comit\u00e9 organizador, y se est\u00e1 utilizando para el desarrollo de las actividades programadas de dicha fiesta. Cabe se\u00f1alar que esta aportaci\u00f3n es hist\u00f3rica, debido a que el apoyo que se ha otorgado en a\u00f1os anteriores ha sido limitado.<\/p>\n\n\n\n<p>Sin embargo, en esta ocasi\u00f3n el Gobierno Municipal de Tlanchinol se encuentra en toda la disposici\u00f3n de participar de manera activa en esta celebraci\u00f3n tan importante para la parroquia y por lo que tambi\u00e9n ha dispuesto de recurso humano, quienes han sido comisionados en el apoyo de tema diversos como: planeaci\u00f3n, organizaci\u00f3n, dise\u00f1o, limpieza, acondicionamiento de espacios y seguridad de los eventos.<\/p>\n\n\n\n<figure class=\"wp-block-image size-large\"><img fetchpriority=\"high\" decoding=\"async\" width=\"775\" height=\"1024\" src=\"https:\/\/www.zunoticia.com\/noticias-de-hidalgo\/wp-content\/uploads\/2022\/08\/eZy-Watermark-24-08-2022-08-25-31p.m.-775x1024.jpg\" alt=\"\" class=\"wp-image-440944\" srcset=\"https:\/\/www.zunoticia.com\/noticias-de-hidalgo\/wp-content\/uploads\/2022\/08\/eZy-Watermark-24-08-2022-08-25-31p.m.-775x1024.jpg 775w, https:\/\/www.zunoticia.com\/noticias-de-hidalgo\/wp-content\/uploads\/2022\/08\/eZy-Watermark-24-08-2022-08-25-31p.m.-227x300.jpg 227w, https:\/\/www.zunoticia.com\/noticias-de-hidalgo\/wp-content\/uploads\/2022\/08\/eZy-Watermark-24-08-2022-08-25-31p.m.-768x1014.jpg 768w, https:\/\/www.zunoticia.com\/noticias-de-hidalgo\/wp-content\/uploads\/2022\/08\/eZy-Watermark-24-08-2022-08-25-31p.m.-250x330.jpg 250w, https:\/\/www.zunoticia.com\/noticias-de-hidalgo\/wp-content\/uploads\/2022\/08\/eZy-Watermark-24-08-2022-08-25-31p.m..jpg 969w\" sizes=\"(max-width: 775px) 100vw, 775px\" \/><\/figure>\n\n\n\n<p>Adem\u00e1s, cabe se\u00f1alar que se llev\u00f3 a cabo el mantenimiento general de l\u00e1mparas del atrio de la iglesia, y por si fuera poco el edil municipal Marcos Bautista se comprometi\u00f3 a garantizar el abastecimiento de los servicios b\u00e1sicos, por lo que dijo estar\u00e1 atento antes, durante y despu\u00e9s de las festividades, todo lo anterior es con la finalidad de que los feligreses y asistentes en general disfruten de estas actividades de la mejor manera.<\/p>\n\n\n\n<p>Por \u00faltimo, el Gobierno Municipal de Tlanchinol solicit\u00f3 a los organizadores y p\u00fablico en general, a continuar cuidando todas las medidas de bioseguridad pertinentes, para garantizar la seguridad de las familias.<\/p>\n","protected":false},"excerpt":{"rendered":"<p>Por Redacci\u00f3n\/Zunoticia Tlanchinol, Hgo.-&nbsp; El pasado lunes 22 de agosto se llev\u00f3 a cabo una reuni\u00f3n m\u00e1s entre autoridades municipales y el comit\u00e9 organizador de la fiesta patronal &#8220;San Agust\u00edn 2022&#8221;, en la cual el Gobierno Municipal refrend\u00f3 su compromiso para llevar a cabo cada una de las actividades planeadas para esta fiesta patronal. Adem\u00e1s,&hellip; <a class=\"more-link\" href=\"https:\/\/www.zunoticia.com\/noticias-de-hidalgo\/2022\/08\/24\/gobierno-municipal-refrenda-su-compromiso-para-llevar-a-cabo-fiesta-patronal\/\">Seguir leyendo <span class=\"screen-reader-text\">Gobierno Municipal refrenda su compromiso para llevar a cabo fiesta patronal<\/span><\/a><\/p>\n","protected":false},"author":12,"featured_media":440943,"comment_status":"open","ping_status":"open","sticky":false,"template":"","format":"standard","meta":{"rop_custom_images_group":[],"rop_custom_messages_group":[],"rop_publish_now":"initial","rop_publish_now_accounts":{"facebook_10159540855086992_322828327761733":""},"rop_publish_now_history":[],"rop_publish_now_status":"pending","footnotes":""},"categories":[219,201],"tags":[127],"class_list":["post-440975","post","type-post","status-publish","format-standard","has-post-thumbnail","hentry","category-sierra","category-tlanchinol","tag-tlanchinol","entry"],"_links":{"self":[{"href":"https:\/\/www.zunoticia.com\/noticias-de-hidalgo\/wp-json\/wp\/v2\/posts\/440975","targetHints":{"allow":["GET"]}}],"collection":[{"href":"https:\/\/www.zunoticia.com\/noticias-de-hidalgo\/wp-json\/wp\/v2\/posts"}],"about":[{"href":"https:\/\/www.zunoticia.com\/noticias-de-hidalgo\/wp-json\/wp\/v2\/types\/post"}],"author":[{"embeddable":true,"href":"https:\/\/www.zunoticia.com\/noticias-de-hidalgo\/wp-json\/wp\/v2\/users\/12"}],"replies":[{"embeddable":true,"href":"https:\/\/www.zunoticia.com\/noticias-de-hidalgo\/wp-json\/wp\/v2\/comments?post=440975"}],"version-history":[{"count":1,"href":"https:\/\/www.zunoticia.com\/noticias-de-hidalgo\/wp-json\/wp\/v2\/posts\/440975\/revisions"}],"predecessor-version":[{"id":440976,"href":"https:\/\/www.zunoticia.com\/noticias-de-hidalgo\/wp-json\/wp\/v2\/posts\/440975\/revisions\/440976"}],"wp:featuredmedia":[{"embeddable":true,"href":"https:\/\/www.zunoticia.com\/noticias-de-hidalgo\/wp-json\/wp\/v2\/media\/440943"}],"wp:attachment":[{"href":"https:\/\/www.zunoticia.com\/noticias-de-hidalgo\/wp-json\/wp\/v2\/media?parent=440975"}],"wp:term":[{"taxonomy":"category","embeddable":true,"href":"https:\/\/www.zunoticia.com\/noticias-de-hidalgo\/wp-json\/wp\/v2\/categories?post=440975"},{"taxonomy":"post_tag","embeddable":true,"href":"https:\/\/www.zunoticia.com\/noticias-de-hidalgo\/wp-json\/wp\/v2\/tags?post=440975"}],"curies":[{"name":"wp","href":"https:\/\/api.w.org\/{rel}","templated":true}]}}