{"id":440991,"date":"2022-08-25T15:24:00","date_gmt":"2022-08-25T20:24:00","guid":{"rendered":"https:\/\/www.zunoticia.com\/noticias-de-hidalgo\/?p=440991"},"modified":"2022-08-25T15:24:04","modified_gmt":"2022-08-25T20:24:04","slug":"desalojaran-a-comerciantes-del-sector-del-cai-y-tienda-issste","status":"publish","type":"post","link":"https:\/\/www.zunoticia.com\/noticias-de-hidalgo\/2022\/08\/25\/desalojaran-a-comerciantes-del-sector-del-cai-y-tienda-issste\/","title":{"rendered":"Desalojar\u00e1n a comerciantes del sector del CAI y tienda ISSSTE"},"content":{"rendered":"<aside class=\"mashsb-container mashsb-main mashsb-stretched\"><div class=\"mashsb-box\"><div class=\"mashsb-count mash-large\" style=\"float:left\"><div class=\"counts mashsbcount\">12<\/div><span class=\"mashsb-sharetext\">SHARES<\/span><\/div><div class=\"mashsb-buttons\"><a class=\"mashicon-facebook mash-large mash-center mashsb-noshadow\" href=\"https:\/\/www.facebook.com\/sharer.php?u=https%3A%2F%2Fwww.zunoticia.com%2Fnoticias-de-hidalgo%2F2022%2F08%2F25%2Fdesalojaran-a-comerciantes-del-sector-del-cai-y-tienda-issste%2F\" target=\"_top\" rel=\"nofollow\"><span class=\"icon\"><\/span><span class=\"text\">Share<\/span><\/a><a class=\"mashicon-twitter mash-large mash-center mashsb-noshadow\" href=\"https:\/\/twitter.com\/intent\/tweet?text=&amp;url=https:\/\/www.zunoticia.com\/noticias-de-hidalgo\/2022\/08\/25\/desalojaran-a-comerciantes-del-sector-del-cai-y-tienda-issste\/\" target=\"_top\" rel=\"nofollow\"><span class=\"icon\"><\/span><span class=\"text\">Tweet<\/span><\/a><div class=\"onoffswitch2 mash-large mashsb-noshadow\" style=\"display:none\"><\/div><\/div>\n            <\/div>\n                <div style=\"clear:both\"><\/div><div class=\"mashsb-toggle-container\"><\/div><\/aside>\n            <!-- Share buttons by mashshare.net - Version: 4.0.47-->\n<p><em>Por Salvador Altamirano\/Zunoticia<\/em><\/p>\n\n\n\n<p><strong>Huejutla, Hgo. &#8211;<\/strong> Entrevistado en torno a la solicitud oficial enviada por la direcci\u00f3n del preescolar del Centro de Atenci\u00f3n Infantil No 2 de Huejutla (CAI), antes CENDI, requiriendo el desalojo de comerciantes semifijos y ambulantes que obstruyen el acceso a la instituci\u00f3n, el director de Reglamentos Municipal, Miguel \u00c1ngel Vargas Castel\u00e1n, manifest\u00f3 que se les est\u00e1n enviando oficios para que se retiren del lugar.<\/p>\n\n\n\n<p>Agreg\u00f3 que la determinaci\u00f3n, se tom\u00f3 posterior a que personal adscrito a Catastro acudiera con la finalidad de deslindar hasta d\u00f3nde es propiedad privada y espacio p\u00fablico, \u201cnosotros como instancia municipal encargada de regular el comercio establecido, semifijo y ambulante, estamos solicitando que desocupen ese espacio\u201d.<\/p>\n\n\n\n<p>A pregunta expresa, detall\u00f3 que se retirar\u00e1n los vendedores semifijos y ambulantes que est\u00e1n en toda esa franja que comprende aproximadamente dos cuadras, con el prop\u00f3sito tambi\u00e9n de cumplir con el protocolo de seguridad en lo que respecta a Protecci\u00f3n Civil, ya que expenden alimentos y hacen uso de gas butano.<\/p>\n\n\n\n<p>Coment\u00f3 \u201cla solicitud de retiro de la direcci\u00f3n del antes CENDI, data desde el a\u00f1o pasado, por lo que se est\u00e1 actuando con el tiempo necesario, ya que desde esas fechas se les hab\u00eda anticipado que buscaran espacios por sus propios medios, pues el municipio no cuenta con ellos, y no se vaya a pensar que estamos actuando de manera arbitraria\u201d.<\/p>\n\n\n\n<p>Para concluir, Vargas Castel\u00e1n subray\u00f3 \u201cel d\u00eda de hoy se les enviar\u00e1n los oficios, por lo que esperamos que para la pr\u00f3xima semana podamos ya contar con la respuesta de estas personas; de hecho, ya se les hab\u00eda avisado de palabra que se retiraran, hoy procedemos de manera oficial\u201d.<\/p>\n","protected":false},"excerpt":{"rendered":"<p>Por Salvador Altamirano\/Zunoticia Huejutla, Hgo. &#8211; Entrevistado en torno a la solicitud oficial enviada por la direcci\u00f3n del preescolar del Centro de Atenci\u00f3n Infantil No 2 de Huejutla (CAI), antes CENDI, requiriendo el desalojo de comerciantes semifijos y ambulantes que obstruyen el acceso a la instituci\u00f3n, el director de Reglamentos Municipal, Miguel \u00c1ngel Vargas Castel\u00e1n,&hellip; <a class=\"more-link\" href=\"https:\/\/www.zunoticia.com\/noticias-de-hidalgo\/2022\/08\/25\/desalojaran-a-comerciantes-del-sector-del-cai-y-tienda-issste\/\">Seguir leyendo <span class=\"screen-reader-text\">Desalojar\u00e1n a comerciantes del sector del CAI y tienda ISSSTE<\/span><\/a><\/p>\n","protected":false},"author":12,"featured_media":440992,"comment_status":"open","ping_status":"open","sticky":false,"template":"","format":"standard","meta":{"rop_custom_images_group":[],"rop_custom_messages_group":[],"rop_publish_now":"initial","rop_publish_now_accounts":{"facebook_10159540855086992_322828327761733":""},"rop_publish_now_history":[],"rop_publish_now_status":"pending","footnotes":""},"categories":[181],"tags":[121],"class_list":["post-440991","post","type-post","status-publish","format-standard","has-post-thumbnail","hentry","category-huejutla","tag-huejutla","entry"],"_links":{"self":[{"href":"https:\/\/www.zunoticia.com\/noticias-de-hidalgo\/wp-json\/wp\/v2\/posts\/440991","targetHints":{"allow":["GET"]}}],"collection":[{"href":"https:\/\/www.zunoticia.com\/noticias-de-hidalgo\/wp-json\/wp\/v2\/posts"}],"about":[{"href":"https:\/\/www.zunoticia.com\/noticias-de-hidalgo\/wp-json\/wp\/v2\/types\/post"}],"author":[{"embeddable":true,"href":"https:\/\/www.zunoticia.com\/noticias-de-hidalgo\/wp-json\/wp\/v2\/users\/12"}],"replies":[{"embeddable":true,"href":"https:\/\/www.zunoticia.com\/noticias-de-hidalgo\/wp-json\/wp\/v2\/comments?post=440991"}],"version-history":[{"count":1,"href":"https:\/\/www.zunoticia.com\/noticias-de-hidalgo\/wp-json\/wp\/v2\/posts\/440991\/revisions"}],"predecessor-version":[{"id":440993,"href":"https:\/\/www.zunoticia.com\/noticias-de-hidalgo\/wp-json\/wp\/v2\/posts\/440991\/revisions\/440993"}],"wp:featuredmedia":[{"embeddable":true,"href":"https:\/\/www.zunoticia.com\/noticias-de-hidalgo\/wp-json\/wp\/v2\/media\/440992"}],"wp:attachment":[{"href":"https:\/\/www.zunoticia.com\/noticias-de-hidalgo\/wp-json\/wp\/v2\/media?parent=440991"}],"wp:term":[{"taxonomy":"category","embeddable":true,"href":"https:\/\/www.zunoticia.com\/noticias-de-hidalgo\/wp-json\/wp\/v2\/categories?post=440991"},{"taxonomy":"post_tag","embeddable":true,"href":"https:\/\/www.zunoticia.com\/noticias-de-hidalgo\/wp-json\/wp\/v2\/tags?post=440991"}],"curies":[{"name":"wp","href":"https:\/\/api.w.org\/{rel}","templated":true}]}}