{"id":440997,"date":"2022-08-25T15:48:20","date_gmt":"2022-08-25T20:48:20","guid":{"rendered":"https:\/\/www.zunoticia.com\/noticias-de-hidalgo\/?p=440997"},"modified":"2022-08-25T15:48:23","modified_gmt":"2022-08-25T20:48:23","slug":"san-felipe-orizatlan-es-pueblo-con-sabor","status":"publish","type":"post","link":"https:\/\/www.zunoticia.com\/noticias-de-hidalgo\/2022\/08\/25\/san-felipe-orizatlan-es-pueblo-con-sabor\/","title":{"rendered":"San Felipe Orizatl\u00e1n es \u201cPueblo con Sabor\u201d"},"content":{"rendered":"<aside class=\"mashsb-container mashsb-main mashsb-stretched\"><div class=\"mashsb-box\"><div class=\"mashsb-count mash-large\" style=\"float:left\"><div class=\"counts mashsbcount\">26<\/div><span class=\"mashsb-sharetext\">SHARES<\/span><\/div><div class=\"mashsb-buttons\"><a class=\"mashicon-facebook mash-large mash-center mashsb-noshadow\" href=\"https:\/\/www.facebook.com\/sharer.php?u=https%3A%2F%2Fwww.zunoticia.com%2Fnoticias-de-hidalgo%2F2022%2F08%2F25%2Fsan-felipe-orizatlan-es-pueblo-con-sabor%2F\" target=\"_top\" rel=\"nofollow\"><span class=\"icon\"><\/span><span class=\"text\">Share<\/span><\/a><a class=\"mashicon-twitter mash-large mash-center mashsb-noshadow\" href=\"https:\/\/twitter.com\/intent\/tweet?text=&amp;url=https:\/\/www.zunoticia.com\/noticias-de-hidalgo\/2022\/08\/25\/san-felipe-orizatlan-es-pueblo-con-sabor\/\" target=\"_top\" rel=\"nofollow\"><span class=\"icon\"><\/span><span class=\"text\">Tweet<\/span><\/a><div class=\"onoffswitch2 mash-large mashsb-noshadow\" style=\"display:none\"><\/div><\/div>\n            <\/div>\n                <div style=\"clear:both\"><\/div><div class=\"mashsb-toggle-container\"><\/div><\/aside>\n            <!-- Share buttons by mashshare.net - Version: 4.0.47-->\n<p><em>Por Redacci\u00f3n\/Zunoticia<\/em><\/p>\n\n\n\n<p><strong>San Felipe Orizatl\u00e1n, Hgo. &#8211;<\/strong> En d\u00edas pasados el municipio de San Felipe Orizatl\u00e1n fue distinguido con la placa \u201cPueblo con Sabor\u201d del Gobierno del Estado de Hidalgo, al participar con el tradicional e inigualable pan de torta de mantequilla y queso, platillo caracter\u00edstico de este municipio.<\/p>\n\n\n\n<figure class=\"wp-block-image size-full\"><img fetchpriority=\"high\" decoding=\"async\" width=\"1024\" height=\"972\" src=\"https:\/\/www.zunoticia.com\/noticias-de-hidalgo\/wp-content\/uploads\/2022\/08\/WhatsApp-Image-2022-08-25-at-3.39.03-PM-1.jpeg\" alt=\"\" class=\"wp-image-440999\" srcset=\"https:\/\/www.zunoticia.com\/noticias-de-hidalgo\/wp-content\/uploads\/2022\/08\/WhatsApp-Image-2022-08-25-at-3.39.03-PM-1.jpeg 1024w, https:\/\/www.zunoticia.com\/noticias-de-hidalgo\/wp-content\/uploads\/2022\/08\/WhatsApp-Image-2022-08-25-at-3.39.03-PM-1-300x285.jpeg 300w, https:\/\/www.zunoticia.com\/noticias-de-hidalgo\/wp-content\/uploads\/2022\/08\/WhatsApp-Image-2022-08-25-at-3.39.03-PM-1-768x729.jpeg 768w\" sizes=\"(max-width: 1024px) 100vw, 1024px\" \/><\/figure>\n\n\n\n<p>Ante mencionada distinci\u00f3n, se llev\u00f3 a cabo el protocolo de develaci\u00f3n de placa en la explanada del ayuntamiento, en donde se rindi\u00f3 protesta al comit\u00e9 municipal evaluador en presencia de la presidenta municipal, Erika Saab Lara; el director general de Vinculaci\u00f3n de Turismo, Marco Aurelio Estrada Flores; y la directora de Turismo Municipal, Stephany Saldierna Cisneros.<\/p>\n\n\n\n<figure class=\"wp-block-image size-full\"><img decoding=\"async\" width=\"1024\" height=\"682\" src=\"https:\/\/www.zunoticia.com\/noticias-de-hidalgo\/wp-content\/uploads\/2022\/08\/WhatsApp-Image-2022-08-25-at-3.39.02-PM-3.jpeg\" alt=\"\" class=\"wp-image-440998\" srcset=\"https:\/\/www.zunoticia.com\/noticias-de-hidalgo\/wp-content\/uploads\/2022\/08\/WhatsApp-Image-2022-08-25-at-3.39.02-PM-3.jpeg 1024w, https:\/\/www.zunoticia.com\/noticias-de-hidalgo\/wp-content\/uploads\/2022\/08\/WhatsApp-Image-2022-08-25-at-3.39.02-PM-3-300x200.jpeg 300w, https:\/\/www.zunoticia.com\/noticias-de-hidalgo\/wp-content\/uploads\/2022\/08\/WhatsApp-Image-2022-08-25-at-3.39.02-PM-3-768x512.jpeg 768w\" sizes=\"(max-width: 1024px) 100vw, 1024px\" \/><\/figure>\n\n\n\n<p>En su intervenci\u00f3n Saldierna Cisneros se\u00f1al\u00f3 que, el programa &#8220;Pueblos con Sabor&#8221; brinda un distintivo a la gastronom\u00eda t\u00edpica y ante la salida de la convocatoria, la alcaldesa acept\u00f3 el reto de participar, eligiendo la tradicional &#8220;Torta de mantequilla y queso&#8221; como el platillo estrella.<\/p>\n\n\n\n<p>Por su parte, la alcaldesa dijo sentirse orgullosa sobre este logro, asegur\u00f3 \u201cel distintivo forma parte de una pol\u00edtica p\u00fablica de esta administraci\u00f3n, que busca fortalecer la gastronom\u00eda, desarrollar el turismo y generar nuevas fuentes de empleo\u201d.<\/p>\n\n\n\n<figure class=\"wp-block-gallery has-nested-images columns-default is-cropped wp-block-gallery-1 is-layout-flex wp-block-gallery-is-layout-flex\">\n<figure class=\"wp-block-image size-large\"><img decoding=\"async\" width=\"1024\" height=\"682\" data-id=\"441001\" src=\"https:\/\/www.zunoticia.com\/noticias-de-hidalgo\/wp-content\/uploads\/2022\/08\/WhatsApp-Image-2022-08-25-at-3.39.03-PM.jpeg\" alt=\"\" class=\"wp-image-441001\" srcset=\"https:\/\/www.zunoticia.com\/noticias-de-hidalgo\/wp-content\/uploads\/2022\/08\/WhatsApp-Image-2022-08-25-at-3.39.03-PM.jpeg 1024w, https:\/\/www.zunoticia.com\/noticias-de-hidalgo\/wp-content\/uploads\/2022\/08\/WhatsApp-Image-2022-08-25-at-3.39.03-PM-300x200.jpeg 300w, https:\/\/www.zunoticia.com\/noticias-de-hidalgo\/wp-content\/uploads\/2022\/08\/WhatsApp-Image-2022-08-25-at-3.39.03-PM-768x512.jpeg 768w\" sizes=\"(max-width: 1024px) 100vw, 1024px\" \/><\/figure>\n\n\n\n<figure class=\"wp-block-image size-large\"><img loading=\"lazy\" decoding=\"async\" width=\"1024\" height=\"682\" data-id=\"441000\" src=\"https:\/\/www.zunoticia.com\/noticias-de-hidalgo\/wp-content\/uploads\/2022\/08\/WhatsApp-Image-2022-08-25-at-3.39.02-PM-4.jpeg\" alt=\"\" class=\"wp-image-441000\" srcset=\"https:\/\/www.zunoticia.com\/noticias-de-hidalgo\/wp-content\/uploads\/2022\/08\/WhatsApp-Image-2022-08-25-at-3.39.02-PM-4.jpeg 1024w, https:\/\/www.zunoticia.com\/noticias-de-hidalgo\/wp-content\/uploads\/2022\/08\/WhatsApp-Image-2022-08-25-at-3.39.02-PM-4-300x200.jpeg 300w, https:\/\/www.zunoticia.com\/noticias-de-hidalgo\/wp-content\/uploads\/2022\/08\/WhatsApp-Image-2022-08-25-at-3.39.02-PM-4-768x512.jpeg 768w\" sizes=\"(max-width: 1024px) 100vw, 1024px\" \/><\/figure>\n<\/figure>\n\n\n\n<p>Al t\u00e9rmino del evento, los asistentes pudieron degustar al son del huapango los diferentes platillos como la torta de mantequilla y queso, pollo en ajo &#8211; comino; mole de indio, huevo con pemuche; bocoles; enchiladas huastecas; el agua de jobo; atole de naranja; caf\u00e9 de olla; preparados de frutas y frijoles con epazote.<\/p>\n","protected":false},"excerpt":{"rendered":"<p>Por Redacci\u00f3n\/Zunoticia San Felipe Orizatl\u00e1n, Hgo. &#8211; En d\u00edas pasados el municipio de San Felipe Orizatl\u00e1n fue distinguido con la placa \u201cPueblo con Sabor\u201d del Gobierno del Estado de Hidalgo, al participar con el tradicional e inigualable pan de torta de mantequilla y queso, platillo caracter\u00edstico de este municipio. Ante mencionada distinci\u00f3n, se llev\u00f3 a&hellip; <a class=\"more-link\" href=\"https:\/\/www.zunoticia.com\/noticias-de-hidalgo\/2022\/08\/25\/san-felipe-orizatlan-es-pueblo-con-sabor\/\">Seguir leyendo <span class=\"screen-reader-text\">San Felipe Orizatl\u00e1n es \u201cPueblo con Sabor\u201d<\/span><\/a><\/p>\n","protected":false},"author":12,"featured_media":441002,"comment_status":"open","ping_status":"open","sticky":false,"template":"","format":"standard","meta":{"rop_custom_images_group":[],"rop_custom_messages_group":[],"rop_publish_now":"initial","rop_publish_now_accounts":{"facebook_10159540855086992_322828327761733":""},"rop_publish_now_history":[],"rop_publish_now_status":"pending","footnotes":""},"categories":[180],"tags":[129],"class_list":["post-440997","post","type-post","status-publish","format-standard","has-post-thumbnail","hentry","category-orizatlan","tag-orizatlan","entry"],"_links":{"self":[{"href":"https:\/\/www.zunoticia.com\/noticias-de-hidalgo\/wp-json\/wp\/v2\/posts\/440997","targetHints":{"allow":["GET"]}}],"collection":[{"href":"https:\/\/www.zunoticia.com\/noticias-de-hidalgo\/wp-json\/wp\/v2\/posts"}],"about":[{"href":"https:\/\/www.zunoticia.com\/noticias-de-hidalgo\/wp-json\/wp\/v2\/types\/post"}],"author":[{"embeddable":true,"href":"https:\/\/www.zunoticia.com\/noticias-de-hidalgo\/wp-json\/wp\/v2\/users\/12"}],"replies":[{"embeddable":true,"href":"https:\/\/www.zunoticia.com\/noticias-de-hidalgo\/wp-json\/wp\/v2\/comments?post=440997"}],"version-history":[{"count":1,"href":"https:\/\/www.zunoticia.com\/noticias-de-hidalgo\/wp-json\/wp\/v2\/posts\/440997\/revisions"}],"predecessor-version":[{"id":441003,"href":"https:\/\/www.zunoticia.com\/noticias-de-hidalgo\/wp-json\/wp\/v2\/posts\/440997\/revisions\/441003"}],"wp:featuredmedia":[{"embeddable":true,"href":"https:\/\/www.zunoticia.com\/noticias-de-hidalgo\/wp-json\/wp\/v2\/media\/441002"}],"wp:attachment":[{"href":"https:\/\/www.zunoticia.com\/noticias-de-hidalgo\/wp-json\/wp\/v2\/media?parent=440997"}],"wp:term":[{"taxonomy":"category","embeddable":true,"href":"https:\/\/www.zunoticia.com\/noticias-de-hidalgo\/wp-json\/wp\/v2\/categories?post=440997"},{"taxonomy":"post_tag","embeddable":true,"href":"https:\/\/www.zunoticia.com\/noticias-de-hidalgo\/wp-json\/wp\/v2\/tags?post=440997"}],"curies":[{"name":"wp","href":"https:\/\/api.w.org\/{rel}","templated":true}]}}