{"id":441024,"date":"2022-08-25T17:02:26","date_gmt":"2022-08-25T22:02:26","guid":{"rendered":"https:\/\/www.zunoticia.com\/noticias-de-hidalgo\/?p=441024"},"modified":"2022-08-25T17:02:27","modified_gmt":"2022-08-25T22:02:27","slug":"rehabilitaran-planta-tratadora-de-aguas-residuales-en-san-pedro","status":"publish","type":"post","link":"https:\/\/www.zunoticia.com\/noticias-de-hidalgo\/2022\/08\/25\/rehabilitaran-planta-tratadora-de-aguas-residuales-en-san-pedro\/","title":{"rendered":"Rehabilitar\u00e1n planta tratadora de aguas residuales en San Pedro"},"content":{"rendered":"<aside class=\"mashsb-container mashsb-main mashsb-stretched\"><div class=\"mashsb-box\"><div class=\"mashsb-count mash-large\" style=\"float:left\"><div class=\"counts mashsbcount\">16<\/div><span class=\"mashsb-sharetext\">SHARES<\/span><\/div><div class=\"mashsb-buttons\"><a class=\"mashicon-facebook mash-large mash-center mashsb-noshadow\" href=\"https:\/\/www.facebook.com\/sharer.php?u=https%3A%2F%2Fwww.zunoticia.com%2Fnoticias-de-hidalgo%2F2022%2F08%2F25%2Frehabilitaran-planta-tratadora-de-aguas-residuales-en-san-pedro%2F\" target=\"_top\" rel=\"nofollow\"><span class=\"icon\"><\/span><span class=\"text\">Share<\/span><\/a><a class=\"mashicon-twitter mash-large mash-center mashsb-noshadow\" href=\"https:\/\/twitter.com\/intent\/tweet?text=&amp;url=https:\/\/www.zunoticia.com\/noticias-de-hidalgo\/2022\/08\/25\/rehabilitaran-planta-tratadora-de-aguas-residuales-en-san-pedro\/\" target=\"_top\" rel=\"nofollow\"><span class=\"icon\"><\/span><span class=\"text\">Tweet<\/span><\/a><div class=\"onoffswitch2 mash-large mashsb-noshadow\" style=\"display:none\"><\/div><\/div>\n            <\/div>\n                <div style=\"clear:both\"><\/div><div class=\"mashsb-toggle-container\"><\/div><\/aside>\n            <!-- Share buttons by mashshare.net - Version: 4.0.47-->\n<p><em>Por Roberto Meza\/Zunoticia<\/em><\/p>\n\n\n\n<p><strong>Huazalingo, Hgo. &#8211;<\/strong> Este jueves el presidente municipal, Julio Cesar Gonz\u00e1lez Garc\u00eda, acompa\u00f1ado por la presidenta del Sistema DIF, Vanessa Mej\u00eda de Gonz\u00e1lez; el director de Obras p\u00fablicas; regidores, as\u00ed como delegados y el comit\u00e9 de obra, llev\u00f3 a cabo el banderazo de inicio de la rehabilitaci\u00f3n de la planta tratadora de aguas residuales en la comunidad de San Pedro; beneficiando a toda la poblaci\u00f3n, la cual tendr\u00e1 una inversi\u00f3n de $1, 642,957.56 pesos.<\/p>\n\n\n\n<p>Las autoridades y vecinos mencionaron que esta obra es de primera necesidad, beneficiar\u00e1 a toda la poblaci\u00f3n, adem\u00e1s llevaban a\u00f1os gestion\u00e1ndola ante las anteriores administraciones y no les hab\u00edan cumplido; esta nueva administraci\u00f3n est\u00e1 cumpliendo su compromiso de apoyar con la obra prioritaria.<\/p>\n\n\n\n<figure class=\"wp-block-image size-full\"><img fetchpriority=\"high\" decoding=\"async\" width=\"720\" height=\"405\" src=\"https:\/\/www.zunoticia.com\/noticias-de-hidalgo\/wp-content\/uploads\/2022\/08\/WhatsApp-Image-2022-08-25-at-4.29.23-PM-1.jpeg\" alt=\"\" class=\"wp-image-441025\" srcset=\"https:\/\/www.zunoticia.com\/noticias-de-hidalgo\/wp-content\/uploads\/2022\/08\/WhatsApp-Image-2022-08-25-at-4.29.23-PM-1.jpeg 720w, https:\/\/www.zunoticia.com\/noticias-de-hidalgo\/wp-content\/uploads\/2022\/08\/WhatsApp-Image-2022-08-25-at-4.29.23-PM-1-300x169.jpeg 300w\" sizes=\"(max-width: 720px) 100vw, 720px\" \/><figcaption><em>Alcalde inici\u00f3 trabajos de la rehabilitaci\u00f3n de la planta tratadora de aguas residuales.<\/em><\/figcaption><\/figure>\n\n\n\n<p>El alcalde agradeci\u00f3 a las autoridades y vecinos de la comunidad por su presencia. As\u00ed mismo, mencion\u00f3 que hoy dar\u00e1n fe de este inicio de obra que por a\u00f1os han gestionado \u201choy se est\u00e1 haciendo realidad, las obras que llegan al municipio tienen que ser de prioridad para las comunidades y a\u00fan m\u00e1s, est\u00e1 que es un foco de infecci\u00f3n, que perjudica al medio ambiente\u201d, invit\u00f3 a los integrantes del comit\u00e9 de obra a vigilar y trabajar de manera coordinada para que se realice la construcci\u00f3n de una manera correcta y que sea en beneficio de toda la comunidad.<\/p>\n","protected":false},"excerpt":{"rendered":"<p>Por Roberto Meza\/Zunoticia Huazalingo, Hgo. &#8211; Este jueves el presidente municipal, Julio Cesar Gonz\u00e1lez Garc\u00eda, acompa\u00f1ado por la presidenta del Sistema DIF, Vanessa Mej\u00eda de Gonz\u00e1lez; el director de Obras p\u00fablicas; regidores, as\u00ed como delegados y el comit\u00e9 de obra, llev\u00f3 a cabo el banderazo de inicio de la rehabilitaci\u00f3n de la planta tratadora de&hellip; <a class=\"more-link\" href=\"https:\/\/www.zunoticia.com\/noticias-de-hidalgo\/2022\/08\/25\/rehabilitaran-planta-tratadora-de-aguas-residuales-en-san-pedro\/\">Seguir leyendo <span class=\"screen-reader-text\">Rehabilitar\u00e1n planta tratadora de aguas residuales en San Pedro<\/span><\/a><\/p>\n","protected":false},"author":12,"featured_media":441026,"comment_status":"open","ping_status":"open","sticky":false,"template":"","format":"standard","meta":{"rop_custom_images_group":[],"rop_custom_messages_group":[],"rop_publish_now":"initial","rop_publish_now_accounts":{"facebook_10159540855086992_322828327761733":""},"rop_publish_now_history":[],"rop_publish_now_status":"pending","footnotes":""},"categories":[179,212],"tags":[138],"class_list":["post-441024","post","type-post","status-publish","format-standard","has-post-thumbnail","hentry","category-huasteca","category-huazalingo","tag-huazalingo","entry"],"_links":{"self":[{"href":"https:\/\/www.zunoticia.com\/noticias-de-hidalgo\/wp-json\/wp\/v2\/posts\/441024","targetHints":{"allow":["GET"]}}],"collection":[{"href":"https:\/\/www.zunoticia.com\/noticias-de-hidalgo\/wp-json\/wp\/v2\/posts"}],"about":[{"href":"https:\/\/www.zunoticia.com\/noticias-de-hidalgo\/wp-json\/wp\/v2\/types\/post"}],"author":[{"embeddable":true,"href":"https:\/\/www.zunoticia.com\/noticias-de-hidalgo\/wp-json\/wp\/v2\/users\/12"}],"replies":[{"embeddable":true,"href":"https:\/\/www.zunoticia.com\/noticias-de-hidalgo\/wp-json\/wp\/v2\/comments?post=441024"}],"version-history":[{"count":1,"href":"https:\/\/www.zunoticia.com\/noticias-de-hidalgo\/wp-json\/wp\/v2\/posts\/441024\/revisions"}],"predecessor-version":[{"id":441027,"href":"https:\/\/www.zunoticia.com\/noticias-de-hidalgo\/wp-json\/wp\/v2\/posts\/441024\/revisions\/441027"}],"wp:featuredmedia":[{"embeddable":true,"href":"https:\/\/www.zunoticia.com\/noticias-de-hidalgo\/wp-json\/wp\/v2\/media\/441026"}],"wp:attachment":[{"href":"https:\/\/www.zunoticia.com\/noticias-de-hidalgo\/wp-json\/wp\/v2\/media?parent=441024"}],"wp:term":[{"taxonomy":"category","embeddable":true,"href":"https:\/\/www.zunoticia.com\/noticias-de-hidalgo\/wp-json\/wp\/v2\/categories?post=441024"},{"taxonomy":"post_tag","embeddable":true,"href":"https:\/\/www.zunoticia.com\/noticias-de-hidalgo\/wp-json\/wp\/v2\/tags?post=441024"}],"curies":[{"name":"wp","href":"https:\/\/api.w.org\/{rel}","templated":true}]}}