{"id":441040,"date":"2022-08-25T17:20:47","date_gmt":"2022-08-25T22:20:47","guid":{"rendered":"https:\/\/www.zunoticia.com\/noticias-de-hidalgo\/?p=441040"},"modified":"2022-08-25T17:20:49","modified_gmt":"2022-08-25T22:20:49","slug":"se-alista-consejo-de-proteccion-civil-ante-la-temporada-de-huracanes","status":"publish","type":"post","link":"https:\/\/www.zunoticia.com\/noticias-de-hidalgo\/2022\/08\/25\/se-alista-consejo-de-proteccion-civil-ante-la-temporada-de-huracanes\/","title":{"rendered":"Se alista Consejo de Protecci\u00f3n Civil ante la temporada de huracanes"},"content":{"rendered":"<aside class=\"mashsb-container mashsb-main mashsb-stretched\"><div class=\"mashsb-box\"><div class=\"mashsb-count mash-large\" style=\"float:left\"><div class=\"counts mashsbcount\">16<\/div><span class=\"mashsb-sharetext\">SHARES<\/span><\/div><div class=\"mashsb-buttons\"><a class=\"mashicon-facebook mash-large mash-center mashsb-noshadow\" href=\"https:\/\/www.facebook.com\/sharer.php?u=https%3A%2F%2Fwww.zunoticia.com%2Fnoticias-de-hidalgo%2F2022%2F08%2F25%2Fse-alista-consejo-de-proteccion-civil-ante-la-temporada-de-huracanes%2F\" target=\"_top\" rel=\"nofollow\"><span class=\"icon\"><\/span><span class=\"text\">Share<\/span><\/a><a class=\"mashicon-twitter mash-large mash-center mashsb-noshadow\" href=\"https:\/\/twitter.com\/intent\/tweet?text=&amp;url=https:\/\/www.zunoticia.com\/noticias-de-hidalgo\/2022\/08\/25\/se-alista-consejo-de-proteccion-civil-ante-la-temporada-de-huracanes\/\" target=\"_top\" rel=\"nofollow\"><span class=\"icon\"><\/span><span class=\"text\">Tweet<\/span><\/a><div class=\"onoffswitch2 mash-large mashsb-noshadow\" style=\"display:none\"><\/div><\/div>\n            <\/div>\n                <div style=\"clear:both\"><\/div><div class=\"mashsb-toggle-container\"><\/div><\/aside>\n            <!-- Share buttons by mashshare.net - Version: 4.0.47-->\n<p><em>Por \u00c1ngel Silverio\/Zunoticia<\/em><\/p>\n\n\n\n<p><strong>San Felipe Orizatl\u00e1n, Hgo. &#8211;<\/strong> El pasado mi\u00e9rcoles autoridades municipales y regionales llevaron a cabo la instalaci\u00f3n del Consejo de Protecci\u00f3n Civil, lo cual tiene como objetivo estar prevenidos de cara a los huracanes que se tienen previstos, se registren en la regi\u00f3n.<\/p>\n\n\n\n<p>Al respecto, Bertha Tovar, encargada regional de Protecci\u00f3n Civil, se\u00f1al\u00f3 que por ello el pasado mi\u00e9rcoles realizaron la instalaci\u00f3n del consejo municipal, -&#8220;Se est\u00e1 haciendo en todos los municipios, a\u00f1o con a\u00f1o se debe de instalar para que estemos en alerta preventiva por cualquier situaci\u00f3n que se presente en nuestra regi\u00f3n&#8221;.<\/p>\n\n\n\n<p>Dijo que, en este consejo participar\u00e1 la sociedad civil y las \u00e1reas del ayuntamiento, -&#8220;Precisamente por eso estamos, instalando los consejos, ahorita tuvimos una reuni\u00f3n muy importante, porque cada municipio tendr\u00e1 un plan operativo, para que las \u00e1reas de los ayuntamientos, sociedad civil, sector educativo, seguridad p\u00fablica, todos los sectores estemos inmersos en caso de que se llegara a dar alguna situaci\u00f3n de contingencia, ya todos sabremos cu\u00e1l es nuestra responsabilidad y cu\u00e1l ser\u00e1 nuestro trabajo qu\u00e9 hacer&#8221;.<\/p>\n\n\n\n<p>A\u00f1adi\u00f3 que San Felipe es uno de los municipios m\u00e1s vulnerables en la regi\u00f3n huasteca, -&#8220;Cruzan algunos r\u00edos aqu\u00ed en la cabecera, y como antecedente hemos tenido en el 2015 una inundaci\u00f3n, cuando pasaron las aguas por la plaza y tuvimos un deceso desafortunadamente, y bueno hace 2 a\u00f1os el Grace tambi\u00e9n nos peg\u00f3, afortunadamente no fue tan grave como en Yahualica, Huazalingo y Atlapexco, sin embargo, por ser un municipio m\u00e1s vulnerable toda nuestra atenci\u00f3n siempre ha sido aqu\u00ed; nos estamos coordinando excelentemente bien con la alcaldesa,&nbsp; porque le preocupa mucho su gente, est\u00e1 muy interesada en que estemos regularmente aqu\u00ed haciendo reuniones para estar preparados en caso de la entrada de un hurac\u00e1n, un cicl\u00f3n o algunas lluvias at\u00edpicas&#8221;.<\/p>\n","protected":false},"excerpt":{"rendered":"<p>Por \u00c1ngel Silverio\/Zunoticia San Felipe Orizatl\u00e1n, Hgo. &#8211; El pasado mi\u00e9rcoles autoridades municipales y regionales llevaron a cabo la instalaci\u00f3n del Consejo de Protecci\u00f3n Civil, lo cual tiene como objetivo estar prevenidos de cara a los huracanes que se tienen previstos, se registren en la regi\u00f3n. Al respecto, Bertha Tovar, encargada regional de Protecci\u00f3n Civil,&hellip; <a class=\"more-link\" href=\"https:\/\/www.zunoticia.com\/noticias-de-hidalgo\/2022\/08\/25\/se-alista-consejo-de-proteccion-civil-ante-la-temporada-de-huracanes\/\">Seguir leyendo <span class=\"screen-reader-text\">Se alista Consejo de Protecci\u00f3n Civil ante la temporada de huracanes<\/span><\/a><\/p>\n","protected":false},"author":12,"featured_media":441041,"comment_status":"open","ping_status":"open","sticky":false,"template":"","format":"standard","meta":{"rop_custom_images_group":[],"rop_custom_messages_group":[],"rop_publish_now":"initial","rop_publish_now_accounts":{"facebook_10159540855086992_322828327761733":""},"rop_publish_now_history":[],"rop_publish_now_status":"pending","footnotes":""},"categories":[180],"tags":[129],"class_list":["post-441040","post","type-post","status-publish","format-standard","has-post-thumbnail","hentry","category-orizatlan","tag-orizatlan","entry"],"_links":{"self":[{"href":"https:\/\/www.zunoticia.com\/noticias-de-hidalgo\/wp-json\/wp\/v2\/posts\/441040","targetHints":{"allow":["GET"]}}],"collection":[{"href":"https:\/\/www.zunoticia.com\/noticias-de-hidalgo\/wp-json\/wp\/v2\/posts"}],"about":[{"href":"https:\/\/www.zunoticia.com\/noticias-de-hidalgo\/wp-json\/wp\/v2\/types\/post"}],"author":[{"embeddable":true,"href":"https:\/\/www.zunoticia.com\/noticias-de-hidalgo\/wp-json\/wp\/v2\/users\/12"}],"replies":[{"embeddable":true,"href":"https:\/\/www.zunoticia.com\/noticias-de-hidalgo\/wp-json\/wp\/v2\/comments?post=441040"}],"version-history":[{"count":1,"href":"https:\/\/www.zunoticia.com\/noticias-de-hidalgo\/wp-json\/wp\/v2\/posts\/441040\/revisions"}],"predecessor-version":[{"id":441042,"href":"https:\/\/www.zunoticia.com\/noticias-de-hidalgo\/wp-json\/wp\/v2\/posts\/441040\/revisions\/441042"}],"wp:featuredmedia":[{"embeddable":true,"href":"https:\/\/www.zunoticia.com\/noticias-de-hidalgo\/wp-json\/wp\/v2\/media\/441041"}],"wp:attachment":[{"href":"https:\/\/www.zunoticia.com\/noticias-de-hidalgo\/wp-json\/wp\/v2\/media?parent=441040"}],"wp:term":[{"taxonomy":"category","embeddable":true,"href":"https:\/\/www.zunoticia.com\/noticias-de-hidalgo\/wp-json\/wp\/v2\/categories?post=441040"},{"taxonomy":"post_tag","embeddable":true,"href":"https:\/\/www.zunoticia.com\/noticias-de-hidalgo\/wp-json\/wp\/v2\/tags?post=441040"}],"curies":[{"name":"wp","href":"https:\/\/api.w.org\/{rel}","templated":true}]}}