{"id":441053,"date":"2022-08-25T17:52:02","date_gmt":"2022-08-25T22:52:02","guid":{"rendered":"https:\/\/www.zunoticia.com\/noticias-de-hidalgo\/?p=441053"},"modified":"2022-08-25T17:52:05","modified_gmt":"2022-08-25T22:52:05","slug":"ciudadanos-de-la-huasteca-deberian-integrarse-al-gobierno-estatal-pvem","status":"publish","type":"post","link":"https:\/\/www.zunoticia.com\/noticias-de-hidalgo\/2022\/08\/25\/ciudadanos-de-la-huasteca-deberian-integrarse-al-gobierno-estatal-pvem\/","title":{"rendered":"Ciudadanos de la huasteca deber\u00edan integrarse al gobierno estatal: PVEM"},"content":{"rendered":"<aside class=\"mashsb-container mashsb-main mashsb-stretched\"><div class=\"mashsb-box\"><div class=\"mashsb-count mash-large\" style=\"float:left\"><div class=\"counts mashsbcount\">18<\/div><span class=\"mashsb-sharetext\">SHARES<\/span><\/div><div class=\"mashsb-buttons\"><a class=\"mashicon-facebook mash-large mash-center mashsb-noshadow\" href=\"https:\/\/www.facebook.com\/sharer.php?u=https%3A%2F%2Fwww.zunoticia.com%2Fnoticias-de-hidalgo%2F2022%2F08%2F25%2Fciudadanos-de-la-huasteca-deberian-integrarse-al-gobierno-estatal-pvem%2F\" target=\"_top\" rel=\"nofollow\"><span class=\"icon\"><\/span><span class=\"text\">Share<\/span><\/a><a class=\"mashicon-twitter mash-large mash-center mashsb-noshadow\" href=\"https:\/\/twitter.com\/intent\/tweet?text=&amp;url=https:\/\/www.zunoticia.com\/noticias-de-hidalgo\/2022\/08\/25\/ciudadanos-de-la-huasteca-deberian-integrarse-al-gobierno-estatal-pvem\/\" target=\"_top\" rel=\"nofollow\"><span class=\"icon\"><\/span><span class=\"text\">Tweet<\/span><\/a><div class=\"onoffswitch2 mash-large mashsb-noshadow\" style=\"display:none\"><\/div><\/div>\n            <\/div>\n                <div style=\"clear:both\"><\/div><div class=\"mashsb-toggle-container\"><\/div><\/aside>\n            <!-- Share buttons by mashshare.net - Version: 4.0.47-->\n<p><em>Por Enedino Hern\u00e1ndez\/Zunoticia<\/em><\/p>\n\n\n\n<p><strong>Huejutla, Hgo. &#8211;<\/strong> \u201cEl Partido Verde Ecologista de M\u00e9xico (PVEM) en la zona huasteca trabaja intensamente en el proyecto que se tiene y con anticipaci\u00f3n se visualiza lo relacionado con el gabinete que se integra para la nueva administraci\u00f3n estatal con el gobernador electo, Julio Menchaca\u201d, se\u00f1al\u00f3 el coordinador regional del citado instituto pol\u00edtico, Octavio Z\u00fa\u00f1iga Trinidad.<\/p>\n\n\n\n<p>Indic\u00f3 que, con toda oportunidad se busca conocer la manera en la cual se integra el gabinete, conocer qui\u00e9nes quedan al frente de las diversas secretar\u00edas y de esta manera, ver la forma en la que se habr\u00e1 de trabajar con el nuevo gobierno estatal.<\/p>\n\n\n\n<p>Consider\u00f3 que ser\u00eda elemental que en el gobierno estatal se integren al frente de algunas secretar\u00edas a ciudadanos habitantes de esta zona de la huasteca \u201ccreo que la huasteca fue muy importante para alcanzar el tan anhelado triunfo del Movimiento de Regeneraci\u00f3n Nacional, la huasteca siempre ha cre\u00eddo en el trabajo de Morena, y fue por ello que toda la gente sali\u00f3 a votar y ah\u00ed est\u00e1n los resultados\u201d.<\/p>\n\n\n\n<p>Octavio Z\u00fa\u00f1iga Trinidad insisti\u00f3 que los habitantes de la huasteca desde siempre se muestran muy participativos a la hora de elegir a los representantes p\u00fablicos, por todo ello, insisti\u00f3 que el Licenciado Julio Menchaca \u201ctiene que sacar alg\u00fan secretario de su gabinete que sea de la huasteca\u201d.<\/p>\n\n\n\n<p>Finalmente, asegur\u00f3 que el PVEM se prepara para que en el 2024 se tenga una participaci\u00f3n en coalici\u00f3n a nivel nacional, en donde seguir\u00e1 present\u00e1ndose Morena-PT-PVEM, y en el estado seguir\u00e1 la coalici\u00f3n Morena-PT-PVEM-Nueva Alianza.<\/p>\n","protected":false},"excerpt":{"rendered":"<p>Por Enedino Hern\u00e1ndez\/Zunoticia Huejutla, Hgo. &#8211; \u201cEl Partido Verde Ecologista de M\u00e9xico (PVEM) en la zona huasteca trabaja intensamente en el proyecto que se tiene y con anticipaci\u00f3n se visualiza lo relacionado con el gabinete que se integra para la nueva administraci\u00f3n estatal con el gobernador electo, Julio Menchaca\u201d, se\u00f1al\u00f3 el coordinador regional del citado&hellip; <a class=\"more-link\" href=\"https:\/\/www.zunoticia.com\/noticias-de-hidalgo\/2022\/08\/25\/ciudadanos-de-la-huasteca-deberian-integrarse-al-gobierno-estatal-pvem\/\">Seguir leyendo <span class=\"screen-reader-text\">Ciudadanos de la huasteca deber\u00edan integrarse al gobierno estatal: PVEM<\/span><\/a><\/p>\n","protected":false},"author":12,"featured_media":441054,"comment_status":"open","ping_status":"open","sticky":false,"template":"","format":"standard","meta":{"rop_custom_images_group":[],"rop_custom_messages_group":[],"rop_publish_now":"initial","rop_publish_now_accounts":{"facebook_10159540855086992_322828327761733":""},"rop_publish_now_history":[],"rop_publish_now_status":"pending","footnotes":""},"categories":[181],"tags":[121],"class_list":["post-441053","post","type-post","status-publish","format-standard","has-post-thumbnail","hentry","category-huejutla","tag-huejutla","entry"],"_links":{"self":[{"href":"https:\/\/www.zunoticia.com\/noticias-de-hidalgo\/wp-json\/wp\/v2\/posts\/441053","targetHints":{"allow":["GET"]}}],"collection":[{"href":"https:\/\/www.zunoticia.com\/noticias-de-hidalgo\/wp-json\/wp\/v2\/posts"}],"about":[{"href":"https:\/\/www.zunoticia.com\/noticias-de-hidalgo\/wp-json\/wp\/v2\/types\/post"}],"author":[{"embeddable":true,"href":"https:\/\/www.zunoticia.com\/noticias-de-hidalgo\/wp-json\/wp\/v2\/users\/12"}],"replies":[{"embeddable":true,"href":"https:\/\/www.zunoticia.com\/noticias-de-hidalgo\/wp-json\/wp\/v2\/comments?post=441053"}],"version-history":[{"count":1,"href":"https:\/\/www.zunoticia.com\/noticias-de-hidalgo\/wp-json\/wp\/v2\/posts\/441053\/revisions"}],"predecessor-version":[{"id":441055,"href":"https:\/\/www.zunoticia.com\/noticias-de-hidalgo\/wp-json\/wp\/v2\/posts\/441053\/revisions\/441055"}],"wp:featuredmedia":[{"embeddable":true,"href":"https:\/\/www.zunoticia.com\/noticias-de-hidalgo\/wp-json\/wp\/v2\/media\/441054"}],"wp:attachment":[{"href":"https:\/\/www.zunoticia.com\/noticias-de-hidalgo\/wp-json\/wp\/v2\/media?parent=441053"}],"wp:term":[{"taxonomy":"category","embeddable":true,"href":"https:\/\/www.zunoticia.com\/noticias-de-hidalgo\/wp-json\/wp\/v2\/categories?post=441053"},{"taxonomy":"post_tag","embeddable":true,"href":"https:\/\/www.zunoticia.com\/noticias-de-hidalgo\/wp-json\/wp\/v2\/tags?post=441053"}],"curies":[{"name":"wp","href":"https:\/\/api.w.org\/{rel}","templated":true}]}}