{"id":441115,"date":"2022-08-25T22:27:02","date_gmt":"2022-08-26T03:27:02","guid":{"rendered":"https:\/\/www.zunoticia.com\/noticias-de-hidalgo\/?p=441115"},"modified":"2022-08-25T22:27:05","modified_gmt":"2022-08-26T03:27:05","slug":"espejeando-por-perseo-390","status":"publish","type":"post","link":"https:\/\/www.zunoticia.com\/noticias-de-hidalgo\/2022\/08\/25\/espejeando-por-perseo-390\/","title":{"rendered":"ESPEJEANDO por Perseo"},"content":{"rendered":"<aside class=\"mashsb-container mashsb-main mashsb-stretched\"><div class=\"mashsb-box\"><div class=\"mashsb-count mash-large\" style=\"float:left\"><div class=\"counts mashsbcount\">8<\/div><span class=\"mashsb-sharetext\">SHARES<\/span><\/div><div class=\"mashsb-buttons\"><a class=\"mashicon-facebook mash-large mash-center mashsb-noshadow\" href=\"https:\/\/www.facebook.com\/sharer.php?u=https%3A%2F%2Fwww.zunoticia.com%2Fnoticias-de-hidalgo%2F2022%2F08%2F25%2Fespejeando-por-perseo-390%2F\" target=\"_top\" rel=\"nofollow\"><span class=\"icon\"><\/span><span class=\"text\">Share<\/span><\/a><a class=\"mashicon-twitter mash-large mash-center mashsb-noshadow\" href=\"https:\/\/twitter.com\/intent\/tweet?text=&amp;url=https:\/\/www.zunoticia.com\/noticias-de-hidalgo\/2022\/08\/25\/espejeando-por-perseo-390\/\" target=\"_top\" rel=\"nofollow\"><span class=\"icon\"><\/span><span class=\"text\">Tweet<\/span><\/a><div class=\"onoffswitch2 mash-large mashsb-noshadow\" style=\"display:none\"><\/div><\/div>\n            <\/div>\n                <div style=\"clear:both\"><\/div><div class=\"mashsb-toggle-container\"><\/div><\/aside>\n            <!-- Share buttons by mashshare.net - Version: 4.0.47-->\n<p>\u2022 Ricardo Anaya Cortez, originario de Naucalpan de Ju\u00e1rez, nacido el 25 de febrero de 1979 es un pol\u00edtico y abogado mexicano, militante del&nbsp;Partido Acci\u00f3n Nacional. Fue candidato a la&nbsp;presidencia de M\u00e9xico&nbsp;por la coalici\u00f3n&nbsp;\u201cPor M\u00e9xico al Frente\u201d&nbsp;para las&nbsp;elecciones federales de 2018. Ha sido Diputado&nbsp;plurinominal&nbsp;del Congreso del Estado de&nbsp;Quer\u00e9taro&nbsp;de 2009 a 2011,&nbsp;diputado federal&nbsp;plurinominal del&nbsp;Congreso de la Uni\u00f3n&nbsp;de 2012 a 2015 en la&nbsp;LXII legislatura&nbsp;y presidente del&nbsp;Partido Acci\u00f3n Nacional&nbsp;de septiembre de 2014 a enero de 2015 y de agosto de 2015 a diciembre de 2017.<\/p>\n\n\n\n<p>\u2022 El excandidato a la presidencia de M\u00e9xico enfrentado con el tricolor durante esa campa\u00f1a, o a los intereses de Enrique Pe\u00f1a Nieto, quienes lanzaron en un acuerdo conjunto con los panistas ultra conservadores, a Jos\u00e9 Antonio Meade Kuribe\u00f1a, cuyo desastre fue muy criticado.<\/p>\n\n\n\n<p>\u2022 &#8220;El Canall\u00edn&#8221;, sobrenombre con el cual el presidente de M\u00e9xico Andr\u00e9s Manuel L\u00f3pez Obrador lo hizo relevante, cuando en debate nacional se refiri\u00f3 a su adversario del momento; en agosto del 2021 la Fiscal\u00eda de la Rep\u00fablica (FGR) hizo p\u00fablica la acusaci\u00f3n contra Ricardo Anaya, a quien atribuyen haber participado en una trama delictiva con el fin de entregar el petr\u00f3leo mexicano a compa\u00f1\u00edas extranjeras al decir que habr\u00eda recibido casi siete millones de pesos para votar a favor de la reforma energ\u00e9tica. La Fiscal\u00eda General de la Rep\u00fablica ha asegurado que el excandidato presidencial del PAN recibi\u00f3 sobornos que la compa\u00f1\u00eda Odebrecht entreg\u00f3 a funcionarios mexicanos, concretamente el entonces director de Pemex, Emilio Lozoya, para que fueran distribuidos a manera de sobornos entre legisladores, y con ello se aprobara la reforma energ\u00e9tica que envi\u00f3 al Congreso el expresidente Enrique Pe\u00f1a Nieto.<\/p>\n\n\n\n<p>Lo anterior gener\u00f3 que Anaya Cort\u00e9s, quien recorr\u00eda el pa\u00eds en franco fortalecimiento de su imagen en redes sociales, frenara su recorrido y buscara refugiarse en el extranjero desde donde ha defendido su inocencia.<\/p>\n\n\n\n<p>\u2022 Fue en una ma\u00f1anera que el propio Presidente de M\u00e9xico solicit\u00f3 se hiciera p\u00fablica y se transparente la informaci\u00f3n, lo que sin duda dej\u00f3 al descubierto esa trama para aprobar dicha ley, que aparentemente ced\u00eda soberan\u00eda a empresas extranjeras sobre el petr\u00f3leo.<\/p>\n\n\n\n<p>\u2022 El excandidato presidencial&nbsp;en abril del presente a\u00f1o asegura que, as\u00ed como se fren\u00f3 la Reforma Energ\u00e9tica se habr\u00e1 de sacar del gobierno a Morena. Su posici\u00f3n de refugiado y de andar huyendo no le permite ver la realidad del pa\u00eds; este personaje seg\u00fan exponen los propios panistas, seguir\u00e1 intentando obtener la candidatura otra vez.<\/p>\n\n\n\n<p>\u2022\u2022 Trascendi\u00f3 que el diputado local de Morena se hizo presente en San Felipe para celebrar una reuni\u00f3n y no entreg\u00f3 ni cubrebocas para los vecinos, \u00bfser\u00e1 acaso que ya lleg\u00f3 la austeridad republicana al Congreso Local?.<\/p>\n\n\n\n<p>\u2022\u2022 Y es que los diputados locales se andan poniendo un traje social para vestirse en sus informes y andan apurados para presentar rellenos en videos para justificar su trabajo.<\/p>\n\n\n\n<p>\u2022\u2022\u2022 Menci\u00f3n aparte para la presidente municipal Erika Saab Lara, quien es una mujer que se aprecia sensible con la sociedad y en San Felipe Orizatl\u00e1n instala un sello muy particular entre honestidad, transparencia y un liderazgo al interior de su gobierno y ciudadanos, en la que muestra capacidad para movilizar al personal que incide en el quehacer diario del municipio y que su presencia al frente de la comuna, rodeada de hombres y mujeres atendiendo a los ciudadanos desde&nbsp; el contexto del gobierno.<\/p>\n\n\n\n<p>\u2022\u2022\u2022\u2022 El alcalde ind\u00edgena de Yahualica El\u00edas Sanjuan S\u00e1nchez, enfrentar\u00e1 un gran reto social al construirse una coyuntura de adversarios que buscan golpetear su administraci\u00f3n, las opiniones aseguran que mientras mantenga el ritmo con la gente de las distintas comunidades y siga demostrando resultados como hasta ahora, sosteniendo un grupo diverso en colores de gobierno, con lo que se muestra que el tema no es cuesti\u00f3n ideol\u00f3gica sino de buenos ciudadanos que entiendan la raz\u00f3n de ser gobierno para la gente.<\/p>\n\n\n\n<figure class=\"wp-block-image size-large\"><img fetchpriority=\"high\" decoding=\"async\" width=\"1024\" height=\"1024\" src=\"https:\/\/www.zunoticia.com\/noticias-de-hidalgo\/wp-content\/uploads\/2022\/08\/WhatsApp-Image-2022-08-25-at-10.25.09-PM-1024x1024.jpeg\" alt=\"\" class=\"wp-image-441116\" srcset=\"https:\/\/www.zunoticia.com\/noticias-de-hidalgo\/wp-content\/uploads\/2022\/08\/WhatsApp-Image-2022-08-25-at-10.25.09-PM-1024x1024.jpeg 1024w, https:\/\/www.zunoticia.com\/noticias-de-hidalgo\/wp-content\/uploads\/2022\/08\/WhatsApp-Image-2022-08-25-at-10.25.09-PM-300x300.jpeg 300w, https:\/\/www.zunoticia.com\/noticias-de-hidalgo\/wp-content\/uploads\/2022\/08\/WhatsApp-Image-2022-08-25-at-10.25.09-PM-150x150.jpeg 150w, https:\/\/www.zunoticia.com\/noticias-de-hidalgo\/wp-content\/uploads\/2022\/08\/WhatsApp-Image-2022-08-25-at-10.25.09-PM-768x768.jpeg 768w, https:\/\/www.zunoticia.com\/noticias-de-hidalgo\/wp-content\/uploads\/2022\/08\/WhatsApp-Image-2022-08-25-at-10.25.09-PM.jpeg 1181w\" sizes=\"(max-width: 1024px) 100vw, 1024px\" \/><\/figure>\n","protected":false},"excerpt":{"rendered":"<p>\u2022 Ricardo Anaya Cortez, originario de Naucalpan de Ju\u00e1rez, nacido el 25 de febrero de 1979 es un pol\u00edtico y abogado mexicano, militante del&nbsp;Partido Acci\u00f3n Nacional. Fue candidato a la&nbsp;presidencia de M\u00e9xico&nbsp;por la coalici\u00f3n&nbsp;\u201cPor M\u00e9xico al Frente\u201d&nbsp;para las&nbsp;elecciones federales de 2018. Ha sido Diputado&nbsp;plurinominal&nbsp;del Congreso del Estado de&nbsp;Quer\u00e9taro&nbsp;de 2009 a 2011,&nbsp;diputado federal&nbsp;plurinominal del&nbsp;Congreso de la&hellip; <a class=\"more-link\" href=\"https:\/\/www.zunoticia.com\/noticias-de-hidalgo\/2022\/08\/25\/espejeando-por-perseo-390\/\">Seguir leyendo <span class=\"screen-reader-text\">ESPEJEANDO por Perseo<\/span><\/a><\/p>\n","protected":false},"author":12,"featured_media":441117,"comment_status":"open","ping_status":"open","sticky":false,"template":"","format":"standard","meta":{"rop_custom_images_group":[],"rop_custom_messages_group":[],"rop_publish_now":"initial","rop_publish_now_accounts":{"facebook_10159540855086992_322828327761733":""},"rop_publish_now_history":[],"rop_publish_now_status":"pending","footnotes":""},"categories":[176],"tags":[205],"class_list":["post-441115","post","type-post","status-publish","format-standard","has-post-thumbnail","hentry","category-espejeando","tag-espejeando","entry"],"_links":{"self":[{"href":"https:\/\/www.zunoticia.com\/noticias-de-hidalgo\/wp-json\/wp\/v2\/posts\/441115","targetHints":{"allow":["GET"]}}],"collection":[{"href":"https:\/\/www.zunoticia.com\/noticias-de-hidalgo\/wp-json\/wp\/v2\/posts"}],"about":[{"href":"https:\/\/www.zunoticia.com\/noticias-de-hidalgo\/wp-json\/wp\/v2\/types\/post"}],"author":[{"embeddable":true,"href":"https:\/\/www.zunoticia.com\/noticias-de-hidalgo\/wp-json\/wp\/v2\/users\/12"}],"replies":[{"embeddable":true,"href":"https:\/\/www.zunoticia.com\/noticias-de-hidalgo\/wp-json\/wp\/v2\/comments?post=441115"}],"version-history":[{"count":1,"href":"https:\/\/www.zunoticia.com\/noticias-de-hidalgo\/wp-json\/wp\/v2\/posts\/441115\/revisions"}],"predecessor-version":[{"id":441118,"href":"https:\/\/www.zunoticia.com\/noticias-de-hidalgo\/wp-json\/wp\/v2\/posts\/441115\/revisions\/441118"}],"wp:featuredmedia":[{"embeddable":true,"href":"https:\/\/www.zunoticia.com\/noticias-de-hidalgo\/wp-json\/wp\/v2\/media\/441117"}],"wp:attachment":[{"href":"https:\/\/www.zunoticia.com\/noticias-de-hidalgo\/wp-json\/wp\/v2\/media?parent=441115"}],"wp:term":[{"taxonomy":"category","embeddable":true,"href":"https:\/\/www.zunoticia.com\/noticias-de-hidalgo\/wp-json\/wp\/v2\/categories?post=441115"},{"taxonomy":"post_tag","embeddable":true,"href":"https:\/\/www.zunoticia.com\/noticias-de-hidalgo\/wp-json\/wp\/v2\/tags?post=441115"}],"curies":[{"name":"wp","href":"https:\/\/api.w.org\/{rel}","templated":true}]}}