{"id":441119,"date":"2022-08-25T22:28:14","date_gmt":"2022-08-26T03:28:14","guid":{"rendered":"https:\/\/www.zunoticia.com\/noticias-de-hidalgo\/?p=441119"},"modified":"2022-08-25T23:32:42","modified_gmt":"2022-08-26T04:32:42","slug":"participa-atilano-rodriguez-en-la-lv-reunion-del-conaedu","status":"publish","type":"post","link":"https:\/\/www.zunoticia.com\/noticias-de-hidalgo\/2022\/08\/25\/participa-atilano-rodriguez-en-la-lv-reunion-del-conaedu\/","title":{"rendered":"Participa Atilano Rodr\u00edguez en la LV Reuni\u00f3n del CONAEDU"},"content":{"rendered":"<aside class=\"mashsb-container mashsb-main mashsb-stretched\"><div class=\"mashsb-box\"><div class=\"mashsb-count mash-large\" style=\"float:left\"><div class=\"counts mashsbcount\">17<\/div><span class=\"mashsb-sharetext\">SHARES<\/span><\/div><div class=\"mashsb-buttons\"><a class=\"mashicon-facebook mash-large mash-center mashsb-noshadow\" href=\"https:\/\/www.facebook.com\/sharer.php?u=https%3A%2F%2Fwww.zunoticia.com%2Fnoticias-de-hidalgo%2F2022%2F08%2F25%2Fparticipa-atilano-rodriguez-en-la-lv-reunion-del-conaedu%2F\" target=\"_top\" rel=\"nofollow\"><span class=\"icon\"><\/span><span class=\"text\">Share<\/span><\/a><a class=\"mashicon-twitter mash-large mash-center mashsb-noshadow\" href=\"https:\/\/twitter.com\/intent\/tweet?text=&amp;url=https:\/\/www.zunoticia.com\/noticias-de-hidalgo\/2022\/08\/25\/participa-atilano-rodriguez-en-la-lv-reunion-del-conaedu\/\" target=\"_top\" rel=\"nofollow\"><span class=\"icon\"><\/span><span class=\"text\">Tweet<\/span><\/a><div class=\"onoffswitch2 mash-large mashsb-noshadow\" style=\"display:none\"><\/div><\/div>\n            <\/div>\n                <div style=\"clear:both\"><\/div><div class=\"mashsb-toggle-container\"><\/div><\/aside>\n            <!-- Share buttons by mashshare.net - Version: 4.0.47-->\n<p><em>Por Redacci\u00f3n\/Zunoticia<\/em><\/p>\n\n\n\n<p><strong>Pachuca, Hgo.-<\/strong> Atendiendo la pol\u00edtica de coordinaci\u00f3n entre el estado y la federaci\u00f3n instruida por el gobernador Omar Fayad, el secretario de Educaci\u00f3n P\u00fablica de Hidalgo, Atilano Rodr\u00edguez P\u00e9rez, particip\u00f3 este jueves en la LV Reuni\u00f3n Nacional Plenaria Ordinaria del Consejo Nacional de Autoridades Educativas (CONAEDU), llevada a cabo en la Ciudad de M\u00e9xico.<\/p>\n\n\n\n<p>La reuni\u00f3n, en la que participaron autoridades educativas de todo el pa\u00eds, tuvo entre sus objetivos impulsar acciones que permitan el inicio del ciclo escolar de manera segura y arm\u00f3nica, el retorno a las aulas, as\u00ed como recuperar los aprendizajes de las y los estudiantes, entre otros.<\/p>\n","protected":false},"excerpt":{"rendered":"<p>Por Redacci\u00f3n\/Zunoticia Pachuca, Hgo.- Atendiendo la pol\u00edtica de coordinaci\u00f3n entre el estado y la federaci\u00f3n instruida por el gobernador Omar Fayad, el secretario de Educaci\u00f3n P\u00fablica de Hidalgo, Atilano Rodr\u00edguez P\u00e9rez, particip\u00f3 este jueves en la LV Reuni\u00f3n Nacional Plenaria Ordinaria del Consejo Nacional de Autoridades Educativas (CONAEDU), llevada a cabo en la Ciudad de&hellip; <a class=\"more-link\" href=\"https:\/\/www.zunoticia.com\/noticias-de-hidalgo\/2022\/08\/25\/participa-atilano-rodriguez-en-la-lv-reunion-del-conaedu\/\">Seguir leyendo <span class=\"screen-reader-text\">Participa Atilano Rodr\u00edguez en la LV Reuni\u00f3n del CONAEDU<\/span><\/a><\/p>\n","protected":false},"author":12,"featured_media":441077,"comment_status":"open","ping_status":"open","sticky":false,"template":"","format":"standard","meta":{"rop_custom_images_group":[],"rop_custom_messages_group":[],"rop_publish_now":"initial","rop_publish_now_accounts":{"facebook_10159540855086992_322828327761733":""},"rop_publish_now_history":[],"rop_publish_now_status":"pending","footnotes":""},"categories":[208],"tags":[214],"class_list":["post-441119","post","type-post","status-publish","format-standard","has-post-thumbnail","hentry","category-estado","tag-estado","entry"],"_links":{"self":[{"href":"https:\/\/www.zunoticia.com\/noticias-de-hidalgo\/wp-json\/wp\/v2\/posts\/441119","targetHints":{"allow":["GET"]}}],"collection":[{"href":"https:\/\/www.zunoticia.com\/noticias-de-hidalgo\/wp-json\/wp\/v2\/posts"}],"about":[{"href":"https:\/\/www.zunoticia.com\/noticias-de-hidalgo\/wp-json\/wp\/v2\/types\/post"}],"author":[{"embeddable":true,"href":"https:\/\/www.zunoticia.com\/noticias-de-hidalgo\/wp-json\/wp\/v2\/users\/12"}],"replies":[{"embeddable":true,"href":"https:\/\/www.zunoticia.com\/noticias-de-hidalgo\/wp-json\/wp\/v2\/comments?post=441119"}],"version-history":[{"count":2,"href":"https:\/\/www.zunoticia.com\/noticias-de-hidalgo\/wp-json\/wp\/v2\/posts\/441119\/revisions"}],"predecessor-version":[{"id":441136,"href":"https:\/\/www.zunoticia.com\/noticias-de-hidalgo\/wp-json\/wp\/v2\/posts\/441119\/revisions\/441136"}],"wp:featuredmedia":[{"embeddable":true,"href":"https:\/\/www.zunoticia.com\/noticias-de-hidalgo\/wp-json\/wp\/v2\/media\/441077"}],"wp:attachment":[{"href":"https:\/\/www.zunoticia.com\/noticias-de-hidalgo\/wp-json\/wp\/v2\/media?parent=441119"}],"wp:term":[{"taxonomy":"category","embeddable":true,"href":"https:\/\/www.zunoticia.com\/noticias-de-hidalgo\/wp-json\/wp\/v2\/categories?post=441119"},{"taxonomy":"post_tag","embeddable":true,"href":"https:\/\/www.zunoticia.com\/noticias-de-hidalgo\/wp-json\/wp\/v2\/tags?post=441119"}],"curies":[{"name":"wp","href":"https:\/\/api.w.org\/{rel}","templated":true}]}}