{"id":441129,"date":"2022-08-25T22:45:14","date_gmt":"2022-08-26T03:45:14","guid":{"rendered":"https:\/\/www.zunoticia.com\/noticias-de-hidalgo\/?p=441129"},"modified":"2022-08-25T22:45:16","modified_gmt":"2022-08-26T03:45:16","slug":"gobierno-de-orizatlan-y-use-realizan-jornada-de-expedicion-de-actas-de-nacimiento-interestatales-y-foraneas","status":"publish","type":"post","link":"https:\/\/www.zunoticia.com\/noticias-de-hidalgo\/2022\/08\/25\/gobierno-de-orizatlan-y-use-realizan-jornada-de-expedicion-de-actas-de-nacimiento-interestatales-y-foraneas\/","title":{"rendered":"Gobierno de Orizatlan y USE realizan jornada de expedici\u00f3n de actas de nacimiento interestatales y for\u00e1neas"},"content":{"rendered":"<aside class=\"mashsb-container mashsb-main mashsb-stretched\"><div class=\"mashsb-box\"><div class=\"mashsb-count mash-large\" style=\"float:left\"><div class=\"counts mashsbcount\">16<\/div><span class=\"mashsb-sharetext\">SHARES<\/span><\/div><div class=\"mashsb-buttons\"><a class=\"mashicon-facebook mash-large mash-center mashsb-noshadow\" href=\"https:\/\/www.facebook.com\/sharer.php?u=https%3A%2F%2Fwww.zunoticia.com%2Fnoticias-de-hidalgo%2F2022%2F08%2F25%2Fgobierno-de-orizatlan-y-use-realizan-jornada-de-expedicion-de-actas-de-nacimiento-interestatales-y-foraneas%2F\" target=\"_top\" rel=\"nofollow\"><span class=\"icon\"><\/span><span class=\"text\">Share<\/span><\/a><a class=\"mashicon-twitter mash-large mash-center mashsb-noshadow\" href=\"https:\/\/twitter.com\/intent\/tweet?text=&amp;url=https:\/\/www.zunoticia.com\/noticias-de-hidalgo\/2022\/08\/25\/gobierno-de-orizatlan-y-use-realizan-jornada-de-expedicion-de-actas-de-nacimiento-interestatales-y-foraneas\/\" target=\"_top\" rel=\"nofollow\"><span class=\"icon\"><\/span><span class=\"text\">Tweet<\/span><\/a><div class=\"onoffswitch2 mash-large mashsb-noshadow\" style=\"display:none\"><\/div><\/div>\n            <\/div>\n                <div style=\"clear:both\"><\/div><div class=\"mashsb-toggle-container\"><\/div><\/aside>\n            <!-- Share buttons by mashshare.net - Version: 4.0.47-->\n<p><em>Por Redacci\u00f3n\/Zunoticia<\/em><\/p>\n\n\n\n<p><strong>San Felipe Orizatl\u00e1n, Hgo.-<\/strong> El Gobierno Municipal que dirige Erika Saab Lara en coordinaci\u00f3n con la Unidad de Servicios Estatales, llevan a cabo la \u201cJornada de expedici\u00f3n de actas de nacimiento interestatales y for\u00e1neas\u201d.<\/p>\n\n\n\n<figure class=\"wp-block-image size-large\"><img fetchpriority=\"high\" decoding=\"async\" width=\"1024\" height=\"461\" src=\"https:\/\/www.zunoticia.com\/noticias-de-hidalgo\/wp-content\/uploads\/2022\/08\/eZy-Watermark-25-08-2022-09-18-05p.m.-1024x461.jpg\" alt=\"\" class=\"wp-image-441102\" srcset=\"https:\/\/www.zunoticia.com\/noticias-de-hidalgo\/wp-content\/uploads\/2022\/08\/eZy-Watermark-25-08-2022-09-18-05p.m.-1024x461.jpg 1024w, https:\/\/www.zunoticia.com\/noticias-de-hidalgo\/wp-content\/uploads\/2022\/08\/eZy-Watermark-25-08-2022-09-18-05p.m.-300x135.jpg 300w, https:\/\/www.zunoticia.com\/noticias-de-hidalgo\/wp-content\/uploads\/2022\/08\/eZy-Watermark-25-08-2022-09-18-05p.m.-768x346.jpg 768w, https:\/\/www.zunoticia.com\/noticias-de-hidalgo\/wp-content\/uploads\/2022\/08\/eZy-Watermark-25-08-2022-09-18-05p.m..jpg 1280w\" sizes=\"(max-width: 1024px) 100vw, 1024px\" \/><\/figure>\n\n\n\n<p>Dicha jornada se realizar\u00e1 del 25 al 26 agosto del a\u00f1o en curso, en un horario de 09:00 a 15:00 horas, en la explanada de la presidencia municipal.<\/p>\n\n\n\n<figure class=\"wp-block-image size-large\"><img decoding=\"async\" width=\"1024\" height=\"461\" src=\"https:\/\/www.zunoticia.com\/noticias-de-hidalgo\/wp-content\/uploads\/2022\/08\/eZy-Watermark-25-08-2022-09-18-30p.m.-1024x461.jpg\" alt=\"\" class=\"wp-image-441101\" srcset=\"https:\/\/www.zunoticia.com\/noticias-de-hidalgo\/wp-content\/uploads\/2022\/08\/eZy-Watermark-25-08-2022-09-18-30p.m.-1024x461.jpg 1024w, https:\/\/www.zunoticia.com\/noticias-de-hidalgo\/wp-content\/uploads\/2022\/08\/eZy-Watermark-25-08-2022-09-18-30p.m.-300x135.jpg 300w, https:\/\/www.zunoticia.com\/noticias-de-hidalgo\/wp-content\/uploads\/2022\/08\/eZy-Watermark-25-08-2022-09-18-30p.m.-768x346.jpg 768w, https:\/\/www.zunoticia.com\/noticias-de-hidalgo\/wp-content\/uploads\/2022\/08\/eZy-Watermark-25-08-2022-09-18-30p.m..jpg 1280w\" sizes=\"(max-width: 1024px) 100vw, 1024px\" \/><\/figure>\n\n\n\n<p>Las personas de otros estados, as\u00ed como de otros municipios, podr\u00e1n tramitar actas de nacimiento, matrimonio y\/o defunci\u00f3n, as\u00ed como \u201cTu refrendo Seguro 2022\u201d, impresiones de CURP, orientaci\u00f3n de tr\u00e1mites y servicios del Gobierno del Estado de Hidalgo.<\/p>\n\n\n\n<figure class=\"wp-block-image size-large\"><img decoding=\"async\" width=\"1024\" height=\"682\" src=\"https:\/\/www.zunoticia.com\/noticias-de-hidalgo\/wp-content\/uploads\/2022\/08\/eZy-Watermark-25-08-2022-09-17-39p.m.-1024x682.jpg\" alt=\"\" class=\"wp-image-441104\" srcset=\"https:\/\/www.zunoticia.com\/noticias-de-hidalgo\/wp-content\/uploads\/2022\/08\/eZy-Watermark-25-08-2022-09-17-39p.m.-1024x682.jpg 1024w, https:\/\/www.zunoticia.com\/noticias-de-hidalgo\/wp-content\/uploads\/2022\/08\/eZy-Watermark-25-08-2022-09-17-39p.m.-300x200.jpg 300w, https:\/\/www.zunoticia.com\/noticias-de-hidalgo\/wp-content\/uploads\/2022\/08\/eZy-Watermark-25-08-2022-09-17-39p.m.-768x512.jpg 768w, https:\/\/www.zunoticia.com\/noticias-de-hidalgo\/wp-content\/uploads\/2022\/08\/eZy-Watermark-25-08-2022-09-17-39p.m..jpg 1280w\" sizes=\"(max-width: 1024px) 100vw, 1024px\" \/><\/figure>\n\n\n\n<p>El H. Ayuntamiento de San Felipe Orizatl\u00e1n a trav\u00e9s de la Secretaria General, a cargo del Camilo Melo Rivera, y el Registro Civil invitan a la ciudadan\u00eda en general a aprovechar los servicios que la Alcaldesa a gestionado a trav\u00e9s de las dependencias.<\/p>\n\n\n\n<figure class=\"wp-block-image size-large\"><img loading=\"lazy\" decoding=\"async\" width=\"1024\" height=\"461\" src=\"https:\/\/www.zunoticia.com\/noticias-de-hidalgo\/wp-content\/uploads\/2022\/08\/eZy-Watermark-25-08-2022-09-18-47p.m.-1024x461.jpg\" alt=\"\" class=\"wp-image-441100\" srcset=\"https:\/\/www.zunoticia.com\/noticias-de-hidalgo\/wp-content\/uploads\/2022\/08\/eZy-Watermark-25-08-2022-09-18-47p.m.-1024x461.jpg 1024w, https:\/\/www.zunoticia.com\/noticias-de-hidalgo\/wp-content\/uploads\/2022\/08\/eZy-Watermark-25-08-2022-09-18-47p.m.-300x135.jpg 300w, https:\/\/www.zunoticia.com\/noticias-de-hidalgo\/wp-content\/uploads\/2022\/08\/eZy-Watermark-25-08-2022-09-18-47p.m.-768x346.jpg 768w, https:\/\/www.zunoticia.com\/noticias-de-hidalgo\/wp-content\/uploads\/2022\/08\/eZy-Watermark-25-08-2022-09-18-47p.m..jpg 1280w\" sizes=\"(max-width: 1024px) 100vw, 1024px\" \/><\/figure>\n","protected":false},"excerpt":{"rendered":"<p>Por Redacci\u00f3n\/Zunoticia San Felipe Orizatl\u00e1n, Hgo.- El Gobierno Municipal que dirige Erika Saab Lara en coordinaci\u00f3n con la Unidad de Servicios Estatales, llevan a cabo la \u201cJornada de expedici\u00f3n de actas de nacimiento interestatales y for\u00e1neas\u201d. Dicha jornada se realizar\u00e1 del 25 al 26 agosto del a\u00f1o en curso, en un horario de 09:00 a&hellip; <a class=\"more-link\" href=\"https:\/\/www.zunoticia.com\/noticias-de-hidalgo\/2022\/08\/25\/gobierno-de-orizatlan-y-use-realizan-jornada-de-expedicion-de-actas-de-nacimiento-interestatales-y-foraneas\/\">Seguir leyendo <span class=\"screen-reader-text\">Gobierno de Orizatlan y USE realizan jornada de expedici\u00f3n de actas de nacimiento interestatales y for\u00e1neas<\/span><\/a><\/p>\n","protected":false},"author":12,"featured_media":441103,"comment_status":"open","ping_status":"open","sticky":false,"template":"","format":"standard","meta":{"rop_custom_images_group":[],"rop_custom_messages_group":[],"rop_publish_now":"initial","rop_publish_now_accounts":{"facebook_10159540855086992_322828327761733":""},"rop_publish_now_history":[],"rop_publish_now_status":"pending","footnotes":""},"categories":[180],"tags":[129],"class_list":["post-441129","post","type-post","status-publish","format-standard","has-post-thumbnail","hentry","category-orizatlan","tag-orizatlan","entry"],"_links":{"self":[{"href":"https:\/\/www.zunoticia.com\/noticias-de-hidalgo\/wp-json\/wp\/v2\/posts\/441129","targetHints":{"allow":["GET"]}}],"collection":[{"href":"https:\/\/www.zunoticia.com\/noticias-de-hidalgo\/wp-json\/wp\/v2\/posts"}],"about":[{"href":"https:\/\/www.zunoticia.com\/noticias-de-hidalgo\/wp-json\/wp\/v2\/types\/post"}],"author":[{"embeddable":true,"href":"https:\/\/www.zunoticia.com\/noticias-de-hidalgo\/wp-json\/wp\/v2\/users\/12"}],"replies":[{"embeddable":true,"href":"https:\/\/www.zunoticia.com\/noticias-de-hidalgo\/wp-json\/wp\/v2\/comments?post=441129"}],"version-history":[{"count":1,"href":"https:\/\/www.zunoticia.com\/noticias-de-hidalgo\/wp-json\/wp\/v2\/posts\/441129\/revisions"}],"predecessor-version":[{"id":441130,"href":"https:\/\/www.zunoticia.com\/noticias-de-hidalgo\/wp-json\/wp\/v2\/posts\/441129\/revisions\/441130"}],"wp:featuredmedia":[{"embeddable":true,"href":"https:\/\/www.zunoticia.com\/noticias-de-hidalgo\/wp-json\/wp\/v2\/media\/441103"}],"wp:attachment":[{"href":"https:\/\/www.zunoticia.com\/noticias-de-hidalgo\/wp-json\/wp\/v2\/media?parent=441129"}],"wp:term":[{"taxonomy":"category","embeddable":true,"href":"https:\/\/www.zunoticia.com\/noticias-de-hidalgo\/wp-json\/wp\/v2\/categories?post=441129"},{"taxonomy":"post_tag","embeddable":true,"href":"https:\/\/www.zunoticia.com\/noticias-de-hidalgo\/wp-json\/wp\/v2\/tags?post=441129"}],"curies":[{"name":"wp","href":"https:\/\/api.w.org\/{rel}","templated":true}]}}