{"id":441131,"date":"2022-08-25T22:46:36","date_gmt":"2022-08-26T03:46:36","guid":{"rendered":"https:\/\/www.zunoticia.com\/noticias-de-hidalgo\/?p=441131"},"modified":"2022-08-25T22:46:37","modified_gmt":"2022-08-26T03:46:37","slug":"celebraran-el-dia-del-abuelo","status":"publish","type":"post","link":"https:\/\/www.zunoticia.com\/noticias-de-hidalgo\/2022\/08\/25\/celebraran-el-dia-del-abuelo\/","title":{"rendered":"Celebrar\u00e1n el D\u00eda del abuelo"},"content":{"rendered":"<aside class=\"mashsb-container mashsb-main mashsb-stretched\"><div class=\"mashsb-box\"><div class=\"mashsb-count mash-large\" style=\"float:left\"><div class=\"counts mashsbcount\">39<\/div><span class=\"mashsb-sharetext\">SHARES<\/span><\/div><div class=\"mashsb-buttons\"><a class=\"mashicon-facebook mash-large mash-center mashsb-noshadow\" href=\"https:\/\/www.facebook.com\/sharer.php?u=https%3A%2F%2Fwww.zunoticia.com%2Fnoticias-de-hidalgo%2F2022%2F08%2F25%2Fcelebraran-el-dia-del-abuelo%2F\" target=\"_top\" rel=\"nofollow\"><span class=\"icon\"><\/span><span class=\"text\">Share<\/span><\/a><a class=\"mashicon-twitter mash-large mash-center mashsb-noshadow\" href=\"https:\/\/twitter.com\/intent\/tweet?text=&amp;url=https:\/\/www.zunoticia.com\/noticias-de-hidalgo\/2022\/08\/25\/celebraran-el-dia-del-abuelo\/\" target=\"_top\" rel=\"nofollow\"><span class=\"icon\"><\/span><span class=\"text\">Tweet<\/span><\/a><div class=\"onoffswitch2 mash-large mashsb-noshadow\" style=\"display:none\"><\/div><\/div>\n            <\/div>\n                <div style=\"clear:both\"><\/div><div class=\"mashsb-toggle-container\"><\/div><\/aside>\n            <!-- Share buttons by mashshare.net - Version: 4.0.47-->\n<p><em>Por \u00c1ngel Silverio\/Zunoticia<\/em><\/p>\n\n\n\n<p><strong>San Felipe Orizatl\u00e1n, Hgo.-<\/strong> Con el prop\u00f3sito de no dejar pasar desapercibido el &#8220;D\u00eda del Abuelo&#8221; que se celebra este 22 de agosto, autoridades de la delegaci\u00f3n de Ahuatitla alistan el festejo, por lo que hicieron extensiva la invitaci\u00f3n a ser part\u00edcipes y celebrar a sus abuelos.<\/p>\n\n\n\n<p>Oscar Mart\u00ednez Amador, delegado de la comunidad, se\u00f1al\u00f3 que se est\u00e1n ultimando detalles para lo que ser\u00e1 el festejo del d\u00eda del abuelo este pr\u00f3ximo domingo, dentro del programa cultural &#8220;Atardecer Huasteco en Armon\u00eda Contigo&#8221;, programa que tiene como finalidad, la promoci\u00f3n de la sana convivencia entre los habitantes.<\/p>\n\n\n\n<p>En este sentido dijo que, estar\u00e1n presentes para amenizar la tardeada de los abuelos, el tr\u00edo dominio y Eliam Ram\u00edrez, dando inicio al filo de las 18 horas en el quiosco de la delegaci\u00f3n, d\u00f3nde tambi\u00e9n habr\u00e1 venta para el consumo local y as\u00ed apoyar a los comerciantes locales.<\/p>\n\n\n\n<p>Mart\u00ednez Amador, finaliz\u00f3 diciendo que este evento es con el fin de mejorar la convivencia entre los vecinos y en esta ocasi\u00f3n no dejar de celebrar a los abuelitos, reconociendo su esfuerzo y por ser un pilar importante dentro del n\u00facleo familiar.<\/p>\n","protected":false},"excerpt":{"rendered":"<p>Por \u00c1ngel Silverio\/Zunoticia San Felipe Orizatl\u00e1n, Hgo.- Con el prop\u00f3sito de no dejar pasar desapercibido el &#8220;D\u00eda del Abuelo&#8221; que se celebra este 22 de agosto, autoridades de la delegaci\u00f3n de Ahuatitla alistan el festejo, por lo que hicieron extensiva la invitaci\u00f3n a ser part\u00edcipes y celebrar a sus abuelos. Oscar Mart\u00ednez Amador, delegado de&hellip; <a class=\"more-link\" href=\"https:\/\/www.zunoticia.com\/noticias-de-hidalgo\/2022\/08\/25\/celebraran-el-dia-del-abuelo\/\">Seguir leyendo <span class=\"screen-reader-text\">Celebrar\u00e1n el D\u00eda del abuelo<\/span><\/a><\/p>\n","protected":false},"author":12,"featured_media":441094,"comment_status":"open","ping_status":"open","sticky":false,"template":"","format":"standard","meta":{"rop_custom_images_group":[],"rop_custom_messages_group":[],"rop_publish_now":"initial","rop_publish_now_accounts":{"facebook_10159540855086992_322828327761733":""},"rop_publish_now_history":[],"rop_publish_now_status":"pending","footnotes":""},"categories":[180],"tags":[129],"class_list":["post-441131","post","type-post","status-publish","format-standard","has-post-thumbnail","hentry","category-orizatlan","tag-orizatlan","entry"],"_links":{"self":[{"href":"https:\/\/www.zunoticia.com\/noticias-de-hidalgo\/wp-json\/wp\/v2\/posts\/441131","targetHints":{"allow":["GET"]}}],"collection":[{"href":"https:\/\/www.zunoticia.com\/noticias-de-hidalgo\/wp-json\/wp\/v2\/posts"}],"about":[{"href":"https:\/\/www.zunoticia.com\/noticias-de-hidalgo\/wp-json\/wp\/v2\/types\/post"}],"author":[{"embeddable":true,"href":"https:\/\/www.zunoticia.com\/noticias-de-hidalgo\/wp-json\/wp\/v2\/users\/12"}],"replies":[{"embeddable":true,"href":"https:\/\/www.zunoticia.com\/noticias-de-hidalgo\/wp-json\/wp\/v2\/comments?post=441131"}],"version-history":[{"count":1,"href":"https:\/\/www.zunoticia.com\/noticias-de-hidalgo\/wp-json\/wp\/v2\/posts\/441131\/revisions"}],"predecessor-version":[{"id":441132,"href":"https:\/\/www.zunoticia.com\/noticias-de-hidalgo\/wp-json\/wp\/v2\/posts\/441131\/revisions\/441132"}],"wp:featuredmedia":[{"embeddable":true,"href":"https:\/\/www.zunoticia.com\/noticias-de-hidalgo\/wp-json\/wp\/v2\/media\/441094"}],"wp:attachment":[{"href":"https:\/\/www.zunoticia.com\/noticias-de-hidalgo\/wp-json\/wp\/v2\/media?parent=441131"}],"wp:term":[{"taxonomy":"category","embeddable":true,"href":"https:\/\/www.zunoticia.com\/noticias-de-hidalgo\/wp-json\/wp\/v2\/categories?post=441131"},{"taxonomy":"post_tag","embeddable":true,"href":"https:\/\/www.zunoticia.com\/noticias-de-hidalgo\/wp-json\/wp\/v2\/tags?post=441131"}],"curies":[{"name":"wp","href":"https:\/\/api.w.org\/{rel}","templated":true}]}}