{"id":441145,"date":"2022-08-25T23:56:57","date_gmt":"2022-08-26T04:56:57","guid":{"rendered":"https:\/\/www.zunoticia.com\/noticias-de-hidalgo\/?p=441145"},"modified":"2022-08-25T23:56:59","modified_gmt":"2022-08-26T04:56:59","slug":"reclaman-instalaciones-para-alumnos-de-el-mexe","status":"publish","type":"post","link":"https:\/\/www.zunoticia.com\/noticias-de-hidalgo\/2022\/08\/25\/reclaman-instalaciones-para-alumnos-de-el-mexe\/","title":{"rendered":"Reclaman instalaciones para alumnos de El Mexe"},"content":{"rendered":"<aside class=\"mashsb-container mashsb-main mashsb-stretched\"><div class=\"mashsb-box\"><div class=\"mashsb-count mash-large\" style=\"float:left\"><div class=\"counts mashsbcount\">14<\/div><span class=\"mashsb-sharetext\">SHARES<\/span><\/div><div class=\"mashsb-buttons\"><a class=\"mashicon-facebook mash-large mash-center mashsb-noshadow\" href=\"https:\/\/www.facebook.com\/sharer.php?u=https%3A%2F%2Fwww.zunoticia.com%2Fnoticias-de-hidalgo%2F2022%2F08%2F25%2Freclaman-instalaciones-para-alumnos-de-el-mexe%2F\" target=\"_top\" rel=\"nofollow\"><span class=\"icon\"><\/span><span class=\"text\">Share<\/span><\/a><a class=\"mashicon-twitter mash-large mash-center mashsb-noshadow\" href=\"https:\/\/twitter.com\/intent\/tweet?text=&amp;url=https:\/\/www.zunoticia.com\/noticias-de-hidalgo\/2022\/08\/25\/reclaman-instalaciones-para-alumnos-de-el-mexe\/\" target=\"_top\" rel=\"nofollow\"><span class=\"icon\"><\/span><span class=\"text\">Tweet<\/span><\/a><div class=\"onoffswitch2 mash-large mashsb-noshadow\" style=\"display:none\"><\/div><\/div>\n            <\/div>\n                <div style=\"clear:both\"><\/div><div class=\"mashsb-toggle-container\"><\/div><\/aside>\n            <!-- Share buttons by mashshare.net - Version: 4.0.47-->\n<p><em>Por Enedino Hern\u00e1ndez\/Zunoticia<\/em><\/p>\n\n\n\n<p><strong>Huejutla, Hgo.-<\/strong> Los estudiantes inscritos para el Ciclo Escolar 2022-2023 y anteriores, de la Escuela Normal del Mexe no cuentan con instalaciones para continuar con su educaci\u00f3n, por lo que reclaman los espacios que les correspondes, pero los gobiernos se han comportado con indiferencia porque hasta el momento no les han dado una soluci\u00f3n a esta demanda,&nbsp; se\u00f1ala el maestro egresado de El Mexe, Crescenciano Hern\u00e1ndez Espinoza.<\/p>\n\n\n\n<p>\u201cEstamos viendo que el Gobierno Federal, Gobierno Estatal, de la SEP, de la Direcci\u00f3n General de Normales Rurales, se han comportado con mucha indiferencia, no han querido darle soluci\u00f3n definitiva a esto\u201d.<\/p>\n\n\n\n<p>\u201cLos j\u00f3venes deben de iniciar con clases presenciales porque el gobierno federal anuncia las clases presenciales en todas las instituciones, por lo tanto, el Mexe no puede quedar a la expectativa de todo esto\u201d.<\/p>\n\n\n\n<p>Crescenciano Hern\u00e1ndez Espinoza, expone que los alumnos de El Mexe se encuentran sin instalaciones, por lo que los j\u00f3venes en determinado momento se ver\u00e1n obligados a realizar la toma de las instalaciones que antes ten\u00edan porque ellos est\u00e1n peleando los espacios.<\/p>\n\n\n\n<p>Concluy\u00f3 que, si estos j\u00f3venes son contemplados como alumnos de El Mexe, deben tener sus espacios y no tienen que andar en otro lugar o en algunas plazas recibiendo clases, ya que por derecho ellos tienen sus instalaciones que originalmente les corresponden.<\/p>\n","protected":false},"excerpt":{"rendered":"<p>Por Enedino Hern\u00e1ndez\/Zunoticia Huejutla, Hgo.- Los estudiantes inscritos para el Ciclo Escolar 2022-2023 y anteriores, de la Escuela Normal del Mexe no cuentan con instalaciones para continuar con su educaci\u00f3n, por lo que reclaman los espacios que les correspondes, pero los gobiernos se han comportado con indiferencia porque hasta el momento no les han dado&hellip; <a class=\"more-link\" href=\"https:\/\/www.zunoticia.com\/noticias-de-hidalgo\/2022\/08\/25\/reclaman-instalaciones-para-alumnos-de-el-mexe\/\">Seguir leyendo <span class=\"screen-reader-text\">Reclaman instalaciones para alumnos de El Mexe<\/span><\/a><\/p>\n","protected":false},"author":12,"featured_media":441084,"comment_status":"open","ping_status":"open","sticky":false,"template":"","format":"standard","meta":{"rop_custom_images_group":[],"rop_custom_messages_group":[],"rop_publish_now":"initial","rop_publish_now_accounts":{"facebook_10159540855086992_322828327761733":""},"rop_publish_now_history":[],"rop_publish_now_status":"pending","footnotes":""},"categories":[181],"tags":[121],"class_list":["post-441145","post","type-post","status-publish","format-standard","has-post-thumbnail","hentry","category-huejutla","tag-huejutla","entry"],"_links":{"self":[{"href":"https:\/\/www.zunoticia.com\/noticias-de-hidalgo\/wp-json\/wp\/v2\/posts\/441145","targetHints":{"allow":["GET"]}}],"collection":[{"href":"https:\/\/www.zunoticia.com\/noticias-de-hidalgo\/wp-json\/wp\/v2\/posts"}],"about":[{"href":"https:\/\/www.zunoticia.com\/noticias-de-hidalgo\/wp-json\/wp\/v2\/types\/post"}],"author":[{"embeddable":true,"href":"https:\/\/www.zunoticia.com\/noticias-de-hidalgo\/wp-json\/wp\/v2\/users\/12"}],"replies":[{"embeddable":true,"href":"https:\/\/www.zunoticia.com\/noticias-de-hidalgo\/wp-json\/wp\/v2\/comments?post=441145"}],"version-history":[{"count":1,"href":"https:\/\/www.zunoticia.com\/noticias-de-hidalgo\/wp-json\/wp\/v2\/posts\/441145\/revisions"}],"predecessor-version":[{"id":441146,"href":"https:\/\/www.zunoticia.com\/noticias-de-hidalgo\/wp-json\/wp\/v2\/posts\/441145\/revisions\/441146"}],"wp:featuredmedia":[{"embeddable":true,"href":"https:\/\/www.zunoticia.com\/noticias-de-hidalgo\/wp-json\/wp\/v2\/media\/441084"}],"wp:attachment":[{"href":"https:\/\/www.zunoticia.com\/noticias-de-hidalgo\/wp-json\/wp\/v2\/media?parent=441145"}],"wp:term":[{"taxonomy":"category","embeddable":true,"href":"https:\/\/www.zunoticia.com\/noticias-de-hidalgo\/wp-json\/wp\/v2\/categories?post=441145"},{"taxonomy":"post_tag","embeddable":true,"href":"https:\/\/www.zunoticia.com\/noticias-de-hidalgo\/wp-json\/wp\/v2\/tags?post=441145"}],"curies":[{"name":"wp","href":"https:\/\/api.w.org\/{rel}","templated":true}]}}