{"id":441165,"date":"2022-08-26T13:18:34","date_gmt":"2022-08-26T18:18:34","guid":{"rendered":"https:\/\/www.zunoticia.com\/noticias-de-hidalgo\/?p=441165"},"modified":"2022-08-26T13:18:37","modified_gmt":"2022-08-26T18:18:37","slug":"conmemora-ayuntamiento-dia-naranja-3","status":"publish","type":"post","link":"https:\/\/www.zunoticia.com\/noticias-de-hidalgo\/2022\/08\/26\/conmemora-ayuntamiento-dia-naranja-3\/","title":{"rendered":"Conmemora ayuntamiento &#8220;D\u00eda Naranja&#8221;"},"content":{"rendered":"<aside class=\"mashsb-container mashsb-main mashsb-stretched\"><div class=\"mashsb-box\"><div class=\"mashsb-count mash-large\" style=\"float:left\"><div class=\"counts mashsbcount\">20<\/div><span class=\"mashsb-sharetext\">SHARES<\/span><\/div><div class=\"mashsb-buttons\"><a class=\"mashicon-facebook mash-large mash-center mashsb-noshadow\" href=\"https:\/\/www.facebook.com\/sharer.php?u=https%3A%2F%2Fwww.zunoticia.com%2Fnoticias-de-hidalgo%2F2022%2F08%2F26%2Fconmemora-ayuntamiento-dia-naranja-3%2F\" target=\"_top\" rel=\"nofollow\"><span class=\"icon\"><\/span><span class=\"text\">Share<\/span><\/a><a class=\"mashicon-twitter mash-large mash-center mashsb-noshadow\" href=\"https:\/\/twitter.com\/intent\/tweet?text=&amp;url=https:\/\/www.zunoticia.com\/noticias-de-hidalgo\/2022\/08\/26\/conmemora-ayuntamiento-dia-naranja-3\/\" target=\"_top\" rel=\"nofollow\"><span class=\"icon\"><\/span><span class=\"text\">Tweet<\/span><\/a><div class=\"onoffswitch2 mash-large mashsb-noshadow\" style=\"display:none\"><\/div><\/div>\n            <\/div>\n                <div style=\"clear:both\"><\/div><div class=\"mashsb-toggle-container\"><\/div><\/aside>\n            <!-- Share buttons by mashshare.net - Version: 4.0.47-->\n<p><em>Por Redacci\u00f3n\/Zunoticia<\/em><\/p>\n\n\n\n<p><strong>Xochiatipan, Hgo. &#8211;<\/strong> En el marco del D\u00eda Naranja, el ayuntamiento que encabeza Oscar Bautista Guti\u00e9rrez, a trav\u00e9s del \u00e1rea de la Instancia Municipal de la Mujer y la coordinaci\u00f3n con el Centro para el Desarrollo de las Mujeres, llev\u00f3 a cabo actividades para crear conciencia sobre dicha fecha.<\/p>\n\n\n\n<figure class=\"wp-block-image size-large\"><img fetchpriority=\"high\" decoding=\"async\" width=\"1024\" height=\"312\" src=\"https:\/\/www.zunoticia.com\/noticias-de-hidalgo\/wp-content\/uploads\/2022\/08\/WhatsApp-Image-2022-08-26-at-12.42.30-PM-2-1024x312.jpeg\" alt=\"\" class=\"wp-image-441174\" srcset=\"https:\/\/www.zunoticia.com\/noticias-de-hidalgo\/wp-content\/uploads\/2022\/08\/WhatsApp-Image-2022-08-26-at-12.42.30-PM-2-1024x312.jpeg 1024w, https:\/\/www.zunoticia.com\/noticias-de-hidalgo\/wp-content\/uploads\/2022\/08\/WhatsApp-Image-2022-08-26-at-12.42.30-PM-2-300x91.jpeg 300w, https:\/\/www.zunoticia.com\/noticias-de-hidalgo\/wp-content\/uploads\/2022\/08\/WhatsApp-Image-2022-08-26-at-12.42.30-PM-2-768x234.jpeg 768w, https:\/\/www.zunoticia.com\/noticias-de-hidalgo\/wp-content\/uploads\/2022\/08\/WhatsApp-Image-2022-08-26-at-12.42.30-PM-2.jpeg 1280w\" sizes=\"(max-width: 1024px) 100vw, 1024px\" \/><\/figure>\n\n\n\n<p>Isabel Hern\u00e1ndez Ram\u00edrez, titular de la Instancia Municipal de la Mujer, inform\u00f3 que como cada 25 de cada mes, acudieron a diversas \u00e1reas del ayuntamiento para brindar pl\u00e1ticas al personal sobre la importancia de sumarse a la campa\u00f1a para la eliminaci\u00f3n de la violencia contra mujeres y ni\u00f1as.<\/p>\n\n\n\n<figure class=\"wp-block-gallery has-nested-images columns-default is-cropped wp-block-gallery-1 is-layout-flex wp-block-gallery-is-layout-flex\">\n<figure class=\"wp-block-image size-large\"><img decoding=\"async\" width=\"768\" height=\"1024\" data-id=\"441171\" src=\"https:\/\/www.zunoticia.com\/noticias-de-hidalgo\/wp-content\/uploads\/2022\/08\/WhatsApp-Image-2022-08-26-at-12.42.31-PM-3-1-768x1024.jpeg\" alt=\"\" class=\"wp-image-441171\" srcset=\"https:\/\/www.zunoticia.com\/noticias-de-hidalgo\/wp-content\/uploads\/2022\/08\/WhatsApp-Image-2022-08-26-at-12.42.31-PM-3-1-768x1024.jpeg 768w, https:\/\/www.zunoticia.com\/noticias-de-hidalgo\/wp-content\/uploads\/2022\/08\/WhatsApp-Image-2022-08-26-at-12.42.31-PM-3-1-225x300.jpeg 225w, https:\/\/www.zunoticia.com\/noticias-de-hidalgo\/wp-content\/uploads\/2022\/08\/WhatsApp-Image-2022-08-26-at-12.42.31-PM-3-1-1152x1536.jpeg 1152w, https:\/\/www.zunoticia.com\/noticias-de-hidalgo\/wp-content\/uploads\/2022\/08\/WhatsApp-Image-2022-08-26-at-12.42.31-PM-3-1.jpeg 1200w\" sizes=\"(max-width: 768px) 100vw, 768px\" \/><\/figure>\n\n\n\n<figure class=\"wp-block-image size-large\"><img decoding=\"async\" width=\"455\" height=\"773\" data-id=\"441170\" src=\"https:\/\/www.zunoticia.com\/noticias-de-hidalgo\/wp-content\/uploads\/2022\/08\/WhatsApp-Image-2022-08-26-at-12.42.31-PM-1.jpeg\" alt=\"\" class=\"wp-image-441170\" srcset=\"https:\/\/www.zunoticia.com\/noticias-de-hidalgo\/wp-content\/uploads\/2022\/08\/WhatsApp-Image-2022-08-26-at-12.42.31-PM-1.jpeg 455w, https:\/\/www.zunoticia.com\/noticias-de-hidalgo\/wp-content\/uploads\/2022\/08\/WhatsApp-Image-2022-08-26-at-12.42.31-PM-1-177x300.jpeg 177w\" sizes=\"(max-width: 455px) 100vw, 455px\" \/><\/figure>\n<\/figure>\n\n\n\n<p>A\u00f1adi\u00f3 que se instal\u00f3 un m\u00f3dulo en el kiosco de la zona centro, donde se dio informaci\u00f3n, se otorgaron tr\u00edpticos y folletos con informaci\u00f3n sobre la igualdad de g\u00e9nero y derechos de las femeninas.<\/p>\n\n\n\n<figure class=\"wp-block-gallery has-nested-images columns-default is-cropped wp-block-gallery-2 is-layout-flex wp-block-gallery-is-layout-flex\">\n<figure class=\"wp-block-image size-large\"><img loading=\"lazy\" decoding=\"async\" width=\"1024\" height=\"790\" data-id=\"441172\" src=\"https:\/\/www.zunoticia.com\/noticias-de-hidalgo\/wp-content\/uploads\/2022\/08\/WhatsApp-Image-2022-08-26-at-12.42.31-PM-4-1-1024x790.jpeg\" alt=\"\" class=\"wp-image-441172\" srcset=\"https:\/\/www.zunoticia.com\/noticias-de-hidalgo\/wp-content\/uploads\/2022\/08\/WhatsApp-Image-2022-08-26-at-12.42.31-PM-4-1-1024x790.jpeg 1024w, https:\/\/www.zunoticia.com\/noticias-de-hidalgo\/wp-content\/uploads\/2022\/08\/WhatsApp-Image-2022-08-26-at-12.42.31-PM-4-1-300x231.jpeg 300w, https:\/\/www.zunoticia.com\/noticias-de-hidalgo\/wp-content\/uploads\/2022\/08\/WhatsApp-Image-2022-08-26-at-12.42.31-PM-4-1-768x593.jpeg 768w, https:\/\/www.zunoticia.com\/noticias-de-hidalgo\/wp-content\/uploads\/2022\/08\/WhatsApp-Image-2022-08-26-at-12.42.31-PM-4-1.jpeg 1108w\" sizes=\"(max-width: 1024px) 100vw, 1024px\" \/><\/figure>\n\n\n\n<figure class=\"wp-block-image size-large\"><img loading=\"lazy\" decoding=\"async\" width=\"1024\" height=\"689\" data-id=\"441173\" src=\"https:\/\/www.zunoticia.com\/noticias-de-hidalgo\/wp-content\/uploads\/2022\/08\/WhatsApp-Image-2022-08-26-at-12.42.31-PM-2-1-1024x689.jpeg\" alt=\"\" class=\"wp-image-441173\" srcset=\"https:\/\/www.zunoticia.com\/noticias-de-hidalgo\/wp-content\/uploads\/2022\/08\/WhatsApp-Image-2022-08-26-at-12.42.31-PM-2-1-1024x689.jpeg 1024w, https:\/\/www.zunoticia.com\/noticias-de-hidalgo\/wp-content\/uploads\/2022\/08\/WhatsApp-Image-2022-08-26-at-12.42.31-PM-2-1-300x202.jpeg 300w, https:\/\/www.zunoticia.com\/noticias-de-hidalgo\/wp-content\/uploads\/2022\/08\/WhatsApp-Image-2022-08-26-at-12.42.31-PM-2-1-768x517.jpeg 768w, https:\/\/www.zunoticia.com\/noticias-de-hidalgo\/wp-content\/uploads\/2022\/08\/WhatsApp-Image-2022-08-26-at-12.42.31-PM-2-1.jpeg 1267w\" sizes=\"(max-width: 1024px) 100vw, 1024px\" \/><\/figure>\n<\/figure>\n\n\n\n<p>Como parte de estas acciones, de igual manera se realizan talleres con mujeres de diversas localidades para resaltar el importante rol de la mujer en la sociedad, empoderamiento a trav\u00e9s de cursos de autoempleo, dando a conocer sus derechos y el cuidado de su salud.<\/p>\n","protected":false},"excerpt":{"rendered":"<p>Por Redacci\u00f3n\/Zunoticia Xochiatipan, Hgo. &#8211; En el marco del D\u00eda Naranja, el ayuntamiento que encabeza Oscar Bautista Guti\u00e9rrez, a trav\u00e9s del \u00e1rea de la Instancia Municipal de la Mujer y la coordinaci\u00f3n con el Centro para el Desarrollo de las Mujeres, llev\u00f3 a cabo actividades para crear conciencia sobre dicha fecha. Isabel Hern\u00e1ndez Ram\u00edrez, titular&hellip; <a class=\"more-link\" href=\"https:\/\/www.zunoticia.com\/noticias-de-hidalgo\/2022\/08\/26\/conmemora-ayuntamiento-dia-naranja-3\/\">Seguir leyendo <span class=\"screen-reader-text\">Conmemora ayuntamiento &#8220;D\u00eda Naranja&#8221;<\/span><\/a><\/p>\n","protected":false},"author":12,"featured_media":441166,"comment_status":"closed","ping_status":"open","sticky":false,"template":"","format":"standard","meta":{"rop_custom_images_group":[],"rop_custom_messages_group":[],"rop_publish_now":"initial","rop_publish_now_accounts":{"facebook_10159540855086992_322828327761733":""},"rop_publish_now_history":[],"rop_publish_now_status":"pending","footnotes":""},"categories":[179,202],"tags":[135],"class_list":["post-441165","post","type-post","status-publish","format-standard","has-post-thumbnail","hentry","category-huasteca","category-xochiatipan","tag-xochiatipan","entry"],"_links":{"self":[{"href":"https:\/\/www.zunoticia.com\/noticias-de-hidalgo\/wp-json\/wp\/v2\/posts\/441165","targetHints":{"allow":["GET"]}}],"collection":[{"href":"https:\/\/www.zunoticia.com\/noticias-de-hidalgo\/wp-json\/wp\/v2\/posts"}],"about":[{"href":"https:\/\/www.zunoticia.com\/noticias-de-hidalgo\/wp-json\/wp\/v2\/types\/post"}],"author":[{"embeddable":true,"href":"https:\/\/www.zunoticia.com\/noticias-de-hidalgo\/wp-json\/wp\/v2\/users\/12"}],"replies":[{"embeddable":true,"href":"https:\/\/www.zunoticia.com\/noticias-de-hidalgo\/wp-json\/wp\/v2\/comments?post=441165"}],"version-history":[{"count":1,"href":"https:\/\/www.zunoticia.com\/noticias-de-hidalgo\/wp-json\/wp\/v2\/posts\/441165\/revisions"}],"predecessor-version":[{"id":441175,"href":"https:\/\/www.zunoticia.com\/noticias-de-hidalgo\/wp-json\/wp\/v2\/posts\/441165\/revisions\/441175"}],"wp:featuredmedia":[{"embeddable":true,"href":"https:\/\/www.zunoticia.com\/noticias-de-hidalgo\/wp-json\/wp\/v2\/media\/441166"}],"wp:attachment":[{"href":"https:\/\/www.zunoticia.com\/noticias-de-hidalgo\/wp-json\/wp\/v2\/media?parent=441165"}],"wp:term":[{"taxonomy":"category","embeddable":true,"href":"https:\/\/www.zunoticia.com\/noticias-de-hidalgo\/wp-json\/wp\/v2\/categories?post=441165"},{"taxonomy":"post_tag","embeddable":true,"href":"https:\/\/www.zunoticia.com\/noticias-de-hidalgo\/wp-json\/wp\/v2\/tags?post=441165"}],"curies":[{"name":"wp","href":"https:\/\/api.w.org\/{rel}","templated":true}]}}