{"id":441182,"date":"2022-08-26T13:31:16","date_gmt":"2022-08-26T18:31:16","guid":{"rendered":"https:\/\/www.zunoticia.com\/noticias-de-hidalgo\/?p=441182"},"modified":"2022-08-26T13:31:18","modified_gmt":"2022-08-26T18:31:18","slug":"tras-presunta-discusion-callejera-aseguran-a-individuo-armado","status":"publish","type":"post","link":"https:\/\/www.zunoticia.com\/noticias-de-hidalgo\/2022\/08\/26\/tras-presunta-discusion-callejera-aseguran-a-individuo-armado\/","title":{"rendered":"Tras presunta discusi\u00f3n callejera, aseguran a individuo armado"},"content":{"rendered":"<aside class=\"mashsb-container mashsb-main mashsb-stretched\"><div class=\"mashsb-box\"><div class=\"mashsb-count mash-large\" style=\"float:left\"><div class=\"counts mashsbcount\">39<\/div><span class=\"mashsb-sharetext\">SHARES<\/span><\/div><div class=\"mashsb-buttons\"><a class=\"mashicon-facebook mash-large mash-center mashsb-noshadow\" href=\"https:\/\/www.facebook.com\/sharer.php?u=https%3A%2F%2Fwww.zunoticia.com%2Fnoticias-de-hidalgo%2F2022%2F08%2F26%2Ftras-presunta-discusion-callejera-aseguran-a-individuo-armado%2F\" target=\"_top\" rel=\"nofollow\"><span class=\"icon\"><\/span><span class=\"text\">Share<\/span><\/a><a class=\"mashicon-twitter mash-large mash-center mashsb-noshadow\" href=\"https:\/\/twitter.com\/intent\/tweet?text=&amp;url=https:\/\/www.zunoticia.com\/noticias-de-hidalgo\/2022\/08\/26\/tras-presunta-discusion-callejera-aseguran-a-individuo-armado\/\" target=\"_top\" rel=\"nofollow\"><span class=\"icon\"><\/span><span class=\"text\">Tweet<\/span><\/a><div class=\"onoffswitch2 mash-large mashsb-noshadow\" style=\"display:none\"><\/div><\/div>\n            <\/div>\n                <div style=\"clear:both\"><\/div><div class=\"mashsb-toggle-container\"><\/div><\/aside>\n            <!-- Share buttons by mashshare.net - Version: 4.0.47-->\n<p><em>Por Redacci\u00f3n\/Zunoticia<\/em><\/p>\n\n\n\n<p><strong>Pachuca de Soto, Hgo. &#8211;<\/strong> Agentes de la Polic\u00eda Estatal aseguraron a un hombre en el municipio de Nopala, en posesi\u00f3n de arma de fuego, con la que presuntamente amenaz\u00f3 a una persona en la v\u00eda p\u00fablica.<\/p>\n\n\n\n<p>La detenci\u00f3n del individuo, que se identific\u00f3 como M.V.H., de 44 a\u00f1os, se desarroll\u00f3 en calles de la localidad de El Pedregoso, donde presuntamente, de manera previa, sostuvo una discusi\u00f3n con otra persona.<\/p>\n\n\n\n<figure class=\"wp-block-image size-large\"><img fetchpriority=\"high\" decoding=\"async\" width=\"1024\" height=\"738\" src=\"https:\/\/www.zunoticia.com\/noticias-de-hidalgo\/wp-content\/uploads\/2022\/08\/WhatsApp-Image-2022-08-26-at-12.42.28-PM-1024x738.jpeg\" alt=\"\" class=\"wp-image-441184\" srcset=\"https:\/\/www.zunoticia.com\/noticias-de-hidalgo\/wp-content\/uploads\/2022\/08\/WhatsApp-Image-2022-08-26-at-12.42.28-PM-1024x738.jpeg 1024w, https:\/\/www.zunoticia.com\/noticias-de-hidalgo\/wp-content\/uploads\/2022\/08\/WhatsApp-Image-2022-08-26-at-12.42.28-PM-300x216.jpeg 300w, https:\/\/www.zunoticia.com\/noticias-de-hidalgo\/wp-content\/uploads\/2022\/08\/WhatsApp-Image-2022-08-26-at-12.42.28-PM-768x554.jpeg 768w, https:\/\/www.zunoticia.com\/noticias-de-hidalgo\/wp-content\/uploads\/2022\/08\/WhatsApp-Image-2022-08-26-at-12.42.28-PM.jpeg 1082w\" sizes=\"(max-width: 1024px) 100vw, 1024px\" \/><\/figure>\n\n\n\n<p>Oficiales estatales, adem\u00e1s de intervenir al hombre, le aseguraron un arma de fuego corta abastecida con siete cartuchos \u00fatiles y 36 m\u00e1s en un portacartuchos, objetos de los que no pudo acreditar legal portaci\u00f3n.<\/p>\n\n\n\n<p>El sujeto qued\u00f3 a disposici\u00f3n de la Fiscal\u00eda General de la Rep\u00fablica, mediante su representaci\u00f3n en Hidalgo, luego de recibir certificaci\u00f3n y tras el tr\u00e1mite documental correspondiente.<\/p>\n","protected":false},"excerpt":{"rendered":"<p>Por Redacci\u00f3n\/Zunoticia Pachuca de Soto, Hgo. &#8211; Agentes de la Polic\u00eda Estatal aseguraron a un hombre en el municipio de Nopala, en posesi\u00f3n de arma de fuego, con la que presuntamente amenaz\u00f3 a una persona en la v\u00eda p\u00fablica. La detenci\u00f3n del individuo, que se identific\u00f3 como M.V.H., de 44 a\u00f1os, se desarroll\u00f3 en calles&hellip; <a class=\"more-link\" href=\"https:\/\/www.zunoticia.com\/noticias-de-hidalgo\/2022\/08\/26\/tras-presunta-discusion-callejera-aseguran-a-individuo-armado\/\">Seguir leyendo <span class=\"screen-reader-text\">Tras presunta discusi\u00f3n callejera, aseguran a individuo armado<\/span><\/a><\/p>\n","protected":false},"author":12,"featured_media":441183,"comment_status":"closed","ping_status":"open","sticky":false,"template":"","format":"standard","meta":{"rop_custom_images_group":[],"rop_custom_messages_group":[],"rop_publish_now":"initial","rop_publish_now_accounts":{"facebook_10159540855086992_322828327761733":""},"rop_publish_now_history":[],"rop_publish_now_status":"pending","footnotes":""},"categories":[178],"tags":[214],"class_list":["post-441182","post","type-post","status-publish","format-standard","has-post-thumbnail","hentry","category-policiaca","tag-estado","entry"],"_links":{"self":[{"href":"https:\/\/www.zunoticia.com\/noticias-de-hidalgo\/wp-json\/wp\/v2\/posts\/441182","targetHints":{"allow":["GET"]}}],"collection":[{"href":"https:\/\/www.zunoticia.com\/noticias-de-hidalgo\/wp-json\/wp\/v2\/posts"}],"about":[{"href":"https:\/\/www.zunoticia.com\/noticias-de-hidalgo\/wp-json\/wp\/v2\/types\/post"}],"author":[{"embeddable":true,"href":"https:\/\/www.zunoticia.com\/noticias-de-hidalgo\/wp-json\/wp\/v2\/users\/12"}],"replies":[{"embeddable":true,"href":"https:\/\/www.zunoticia.com\/noticias-de-hidalgo\/wp-json\/wp\/v2\/comments?post=441182"}],"version-history":[{"count":1,"href":"https:\/\/www.zunoticia.com\/noticias-de-hidalgo\/wp-json\/wp\/v2\/posts\/441182\/revisions"}],"predecessor-version":[{"id":441185,"href":"https:\/\/www.zunoticia.com\/noticias-de-hidalgo\/wp-json\/wp\/v2\/posts\/441182\/revisions\/441185"}],"wp:featuredmedia":[{"embeddable":true,"href":"https:\/\/www.zunoticia.com\/noticias-de-hidalgo\/wp-json\/wp\/v2\/media\/441183"}],"wp:attachment":[{"href":"https:\/\/www.zunoticia.com\/noticias-de-hidalgo\/wp-json\/wp\/v2\/media?parent=441182"}],"wp:term":[{"taxonomy":"category","embeddable":true,"href":"https:\/\/www.zunoticia.com\/noticias-de-hidalgo\/wp-json\/wp\/v2\/categories?post=441182"},{"taxonomy":"post_tag","embeddable":true,"href":"https:\/\/www.zunoticia.com\/noticias-de-hidalgo\/wp-json\/wp\/v2\/tags?post=441182"}],"curies":[{"name":"wp","href":"https:\/\/api.w.org\/{rel}","templated":true}]}}