{"id":441193,"date":"2022-08-26T15:59:18","date_gmt":"2022-08-26T20:59:18","guid":{"rendered":"https:\/\/www.zunoticia.com\/noticias-de-hidalgo\/?p=441193"},"modified":"2022-08-26T15:59:20","modified_gmt":"2022-08-26T20:59:20","slug":"espacios-publicos-son-administrados-por-el-municipio-no-dirigentes-de-organizaciones","status":"publish","type":"post","link":"https:\/\/www.zunoticia.com\/noticias-de-hidalgo\/2022\/08\/26\/espacios-publicos-son-administrados-por-el-municipio-no-dirigentes-de-organizaciones\/","title":{"rendered":"Espacios p\u00fablicos son administrados por el municipio, no dirigentes de organizaciones"},"content":{"rendered":"<aside class=\"mashsb-container mashsb-main mashsb-stretched\"><div class=\"mashsb-box\"><div class=\"mashsb-count mash-large\" style=\"float:left\"><div class=\"counts mashsbcount\">8<\/div><span class=\"mashsb-sharetext\">SHARES<\/span><\/div><div class=\"mashsb-buttons\"><a class=\"mashicon-facebook mash-large mash-center mashsb-noshadow\" href=\"https:\/\/www.facebook.com\/sharer.php?u=https%3A%2F%2Fwww.zunoticia.com%2Fnoticias-de-hidalgo%2F2022%2F08%2F26%2Fespacios-publicos-son-administrados-por-el-municipio-no-dirigentes-de-organizaciones%2F\" target=\"_top\" rel=\"nofollow\"><span class=\"icon\"><\/span><span class=\"text\">Share<\/span><\/a><a class=\"mashicon-twitter mash-large mash-center mashsb-noshadow\" href=\"https:\/\/twitter.com\/intent\/tweet?text=&amp;url=https:\/\/www.zunoticia.com\/noticias-de-hidalgo\/2022\/08\/26\/espacios-publicos-son-administrados-por-el-municipio-no-dirigentes-de-organizaciones\/\" target=\"_top\" rel=\"nofollow\"><span class=\"icon\"><\/span><span class=\"text\">Tweet<\/span><\/a><div class=\"onoffswitch2 mash-large mashsb-noshadow\" style=\"display:none\"><\/div><\/div>\n            <\/div>\n                <div style=\"clear:both\"><\/div><div class=\"mashsb-toggle-container\"><\/div><\/aside>\n            <!-- Share buttons by mashshare.net - Version: 4.0.47-->\n<p><em>Por Salvador Altamirano\/Zunoticia<\/em><\/p>\n\n\n\n<p><strong>Huejutla, Hgo. &#8211;<\/strong> \u201cLa Constituci\u00f3n Pol\u00edtica Mexicana otorga el derecho a todo ciudadano de constituirse, siempre y cuando no se perjudique a terceras personas, por lo que el surgimiento de una nueva organizaci\u00f3n denominada \u2018Uni\u00f3n de Comerciantes Independientes de Huejutla y la Regi\u00f3n Huasteca&#8217;, es saludable\u201d.<\/p>\n\n\n\n<p>Lo anterior, fue expresado por el representante de los comerciantes establecidos de Huejutla, Ponciano Hern\u00e1ndez Olvera, quien detall\u00f3 que en la actualidad han surgido nuevos partidos pol\u00edticos, ya no son los mismos que gobernaron hace muchos a\u00f1os, porque la ciudadan\u00eda est\u00e1 buscando el mejoramiento social.<\/p>\n\n\n\n<p>Agreg\u00f3 que, de la misma manera, con el surgimiento de una nueva organizaci\u00f3n se est\u00e1 dando la posibilidad a los comerciantes para que se integren a donde m\u00e1s les convenga, lo cual -acentu\u00f3-, como ya lo dije, est\u00e1 permitido por la ley.<\/p>\n\n\n\n<p>Al cuestionarle que, seg\u00fan denuncias verbales el dirigente de una organizaci\u00f3n de comerciantes semifijos y ambulantes, est\u00e1 amenazando a sus agremiados que si se pasan a la nueva uni\u00f3n les quitar\u00e1 los lugares que tienen en la calle, coment\u00f3 que los espacios p\u00fablicos no son ni deben de ser administrados por dirigente alguno, sino por la autoridad municipal, que es la que debe de disponer al respecto.<\/p>\n\n\n\n<p>Un dirigente de organizaci\u00f3n -aclar\u00f3-, de ninguna manera puede dar \u00f3rdenes en la v\u00eda p\u00fablica, ni mucho menos repartir espacios, lo cual \u00fanicamente le compete -reiter\u00f3-, a la autoridad municipal, es la que debe moderar el ambulantaje en las calles, para no entorpecer el tr\u00e1fico vehicular ni exponer al peat\u00f3n.<\/p>\n\n\n\n<p>Para finalizar, Hern\u00e1ndez Olvera recomend\u00f3 a los comerciantes en general a estar organizados, ya que actualmente el alcalde de Huejutla, Daniel Andrade Zurutuza, los atiende y comprende, pero ha habido otros mandatarios municipales que han cometido muchos abusos y atropellos con los vendedores.<\/p>\n","protected":false},"excerpt":{"rendered":"<p>Por Salvador Altamirano\/Zunoticia Huejutla, Hgo. &#8211; \u201cLa Constituci\u00f3n Pol\u00edtica Mexicana otorga el derecho a todo ciudadano de constituirse, siempre y cuando no se perjudique a terceras personas, por lo que el surgimiento de una nueva organizaci\u00f3n denominada \u2018Uni\u00f3n de Comerciantes Independientes de Huejutla y la Regi\u00f3n Huasteca&#8217;, es saludable\u201d. Lo anterior, fue expresado por el&hellip; <a class=\"more-link\" href=\"https:\/\/www.zunoticia.com\/noticias-de-hidalgo\/2022\/08\/26\/espacios-publicos-son-administrados-por-el-municipio-no-dirigentes-de-organizaciones\/\">Seguir leyendo <span class=\"screen-reader-text\">Espacios p\u00fablicos son administrados por el municipio, no dirigentes de organizaciones<\/span><\/a><\/p>\n","protected":false},"author":12,"featured_media":441194,"comment_status":"closed","ping_status":"open","sticky":false,"template":"","format":"standard","meta":{"rop_custom_images_group":[],"rop_custom_messages_group":[],"rop_publish_now":"initial","rop_publish_now_accounts":{"facebook_10159540855086992_322828327761733":""},"rop_publish_now_history":[],"rop_publish_now_status":"pending","footnotes":""},"categories":[181],"tags":[121],"class_list":["post-441193","post","type-post","status-publish","format-standard","has-post-thumbnail","hentry","category-huejutla","tag-huejutla","entry"],"_links":{"self":[{"href":"https:\/\/www.zunoticia.com\/noticias-de-hidalgo\/wp-json\/wp\/v2\/posts\/441193","targetHints":{"allow":["GET"]}}],"collection":[{"href":"https:\/\/www.zunoticia.com\/noticias-de-hidalgo\/wp-json\/wp\/v2\/posts"}],"about":[{"href":"https:\/\/www.zunoticia.com\/noticias-de-hidalgo\/wp-json\/wp\/v2\/types\/post"}],"author":[{"embeddable":true,"href":"https:\/\/www.zunoticia.com\/noticias-de-hidalgo\/wp-json\/wp\/v2\/users\/12"}],"replies":[{"embeddable":true,"href":"https:\/\/www.zunoticia.com\/noticias-de-hidalgo\/wp-json\/wp\/v2\/comments?post=441193"}],"version-history":[{"count":1,"href":"https:\/\/www.zunoticia.com\/noticias-de-hidalgo\/wp-json\/wp\/v2\/posts\/441193\/revisions"}],"predecessor-version":[{"id":441195,"href":"https:\/\/www.zunoticia.com\/noticias-de-hidalgo\/wp-json\/wp\/v2\/posts\/441193\/revisions\/441195"}],"wp:featuredmedia":[{"embeddable":true,"href":"https:\/\/www.zunoticia.com\/noticias-de-hidalgo\/wp-json\/wp\/v2\/media\/441194"}],"wp:attachment":[{"href":"https:\/\/www.zunoticia.com\/noticias-de-hidalgo\/wp-json\/wp\/v2\/media?parent=441193"}],"wp:term":[{"taxonomy":"category","embeddable":true,"href":"https:\/\/www.zunoticia.com\/noticias-de-hidalgo\/wp-json\/wp\/v2\/categories?post=441193"},{"taxonomy":"post_tag","embeddable":true,"href":"https:\/\/www.zunoticia.com\/noticias-de-hidalgo\/wp-json\/wp\/v2\/tags?post=441193"}],"curies":[{"name":"wp","href":"https:\/\/api.w.org\/{rel}","templated":true}]}}