{"id":441226,"date":"2022-08-26T16:52:48","date_gmt":"2022-08-26T21:52:48","guid":{"rendered":"https:\/\/www.zunoticia.com\/noticias-de-hidalgo\/?p=441226"},"modified":"2022-08-26T17:16:59","modified_gmt":"2022-08-26T22:16:59","slug":"orizatlan-recibe-mas-1-5-millones-pesos-para-educacion-basica","status":"publish","type":"post","link":"https:\/\/www.zunoticia.com\/noticias-de-hidalgo\/2022\/08\/26\/orizatlan-recibe-mas-1-5-millones-pesos-para-educacion-basica\/","title":{"rendered":"Orizatl\u00e1n recibe m\u00e1s de 1.5 mdp para educaci\u00f3n b\u00e1sica"},"content":{"rendered":"<aside class=\"mashsb-container mashsb-main mashsb-stretched\"><div class=\"mashsb-box\"><div class=\"mashsb-count mash-large\" style=\"float:left\"><div class=\"counts mashsbcount\">15<\/div><span class=\"mashsb-sharetext\">SHARES<\/span><\/div><div class=\"mashsb-buttons\"><a class=\"mashicon-facebook mash-large mash-center mashsb-noshadow\" href=\"https:\/\/www.facebook.com\/sharer.php?u=https%3A%2F%2Fwww.zunoticia.com%2Fnoticias-de-hidalgo%2F2022%2F08%2F26%2Forizatlan-recibe-mas-1-5-millones-pesos-para-educacion-basica%2F\" target=\"_top\" rel=\"nofollow\"><span class=\"icon\"><\/span><span class=\"text\">Share<\/span><\/a><a class=\"mashicon-twitter mash-large mash-center mashsb-noshadow\" href=\"https:\/\/twitter.com\/intent\/tweet?text=&amp;url=https:\/\/www.zunoticia.com\/noticias-de-hidalgo\/2022\/08\/26\/orizatlan-recibe-mas-1-5-millones-pesos-para-educacion-basica\/\" target=\"_top\" rel=\"nofollow\"><span class=\"icon\"><\/span><span class=\"text\">Tweet<\/span><\/a><div class=\"onoffswitch2 mash-large mashsb-noshadow\" style=\"display:none\"><\/div><\/div>\n            <\/div>\n                <div style=\"clear:both\"><\/div><div class=\"mashsb-toggle-container\"><\/div><\/aside>\n            <!-- Share buttons by mashshare.net - Version: 4.0.47-->\n<p><em>Por Redacci\u00f3n\/Zunoticia<\/em><\/p>\n\n\n\n<p><strong>San Felipe Orizatl\u00e1n, Hgo. &#8211;<\/strong> Con el objetivo de fortalecer los centros educativos para este nuevo ciclo escolar 2022-2023, el gobierno de Orizatl\u00e1n que preside la alcaldesa Erika Saab Lara concluy\u00f3 la gesti\u00f3n de m\u00e1s de 1.5 millones de pesos en beneficio de cientos de estudiantes y profesores.<\/p>\n\n\n\n<figure class=\"wp-block-image size-full\"><img fetchpriority=\"high\" decoding=\"async\" width=\"960\" height=\"640\" src=\"https:\/\/www.zunoticia.com\/noticias-de-hidalgo\/wp-content\/uploads\/2022\/08\/WhatsApp-Image-2022-08-26-at-4.19.13-PM.jpeg\" alt=\"\" class=\"wp-image-441227\" srcset=\"https:\/\/www.zunoticia.com\/noticias-de-hidalgo\/wp-content\/uploads\/2022\/08\/WhatsApp-Image-2022-08-26-at-4.19.13-PM.jpeg 960w, https:\/\/www.zunoticia.com\/noticias-de-hidalgo\/wp-content\/uploads\/2022\/08\/WhatsApp-Image-2022-08-26-at-4.19.13-PM-300x200.jpeg 300w, https:\/\/www.zunoticia.com\/noticias-de-hidalgo\/wp-content\/uploads\/2022\/08\/WhatsApp-Image-2022-08-26-at-4.19.13-PM-768x512.jpeg 768w\" sizes=\"(max-width: 960px) 100vw, 960px\" \/><\/figure>\n\n\n\n<p>Dentro de la gesti\u00f3n realizada a trav\u00e9s de la Secretar\u00eda de Educaci\u00f3n del Estado de Hidalgo, se encuentran: \u00fatiles escolares, libros de texto, mobiliario y equipo tecnol\u00f3gico. Lo anterior vendr\u00e1 a beneficiar a m\u00e1s de 170 escuelas de San Felipe Orizatl\u00e1n.<\/p>\n\n\n\n<p>En su mensaje la alcaldesa recalc\u00f3 que gracias al trabajo del gobernador Omar Fayad Meneses, a pesar que solo le faltan unos d\u00edas para que concluya su mandato, se hizo el esfuerzo para hacer la entrega de este importante apoyo a la educaci\u00f3n; a su vez reconoci\u00f3 el trabajo del secretario de Educaci\u00f3n del Estado de Hidalgo, Atilano Rodr\u00edguez P\u00e9rez y de la subdirectora de Servicios Regionales en la Huasteca, Zoraya In\u00e9s Rivera L\u00f3pez.<\/p>\n\n\n\n<figure class=\"wp-block-image size-full\"><img decoding=\"async\" width=\"960\" height=\"640\" src=\"https:\/\/www.zunoticia.com\/noticias-de-hidalgo\/wp-content\/uploads\/2022\/08\/WhatsApp-Image-2022-08-26-at-4.19.13-PM-3.jpeg\" alt=\"\" class=\"wp-image-441231\" srcset=\"https:\/\/www.zunoticia.com\/noticias-de-hidalgo\/wp-content\/uploads\/2022\/08\/WhatsApp-Image-2022-08-26-at-4.19.13-PM-3.jpeg 960w, https:\/\/www.zunoticia.com\/noticias-de-hidalgo\/wp-content\/uploads\/2022\/08\/WhatsApp-Image-2022-08-26-at-4.19.13-PM-3-300x200.jpeg 300w, https:\/\/www.zunoticia.com\/noticias-de-hidalgo\/wp-content\/uploads\/2022\/08\/WhatsApp-Image-2022-08-26-at-4.19.13-PM-3-768x512.jpeg 768w\" sizes=\"(max-width: 960px) 100vw, 960px\" \/><\/figure>\n\n\n\n<p>Por su parte Rivera L\u00f3pez agradeci\u00f3 el apoyo total de la alcaldesa y se\u00f1al\u00f3 que, estas acciones demuestran que el gobernador ha estado comprometido con la educaci\u00f3n desde el inicio hasta el \u00faltimo minuto de su gobierno.<\/p>\n\n\n\n<figure class=\"wp-block-image size-full\"><img decoding=\"async\" width=\"960\" height=\"640\" src=\"https:\/\/www.zunoticia.com\/noticias-de-hidalgo\/wp-content\/uploads\/2022\/08\/WhatsApp-Image-2022-08-26-at-4.19.13-PM-1.jpeg\" alt=\"\" class=\"wp-image-441232\" srcset=\"https:\/\/www.zunoticia.com\/noticias-de-hidalgo\/wp-content\/uploads\/2022\/08\/WhatsApp-Image-2022-08-26-at-4.19.13-PM-1.jpeg 960w, https:\/\/www.zunoticia.com\/noticias-de-hidalgo\/wp-content\/uploads\/2022\/08\/WhatsApp-Image-2022-08-26-at-4.19.13-PM-1-300x200.jpeg 300w, https:\/\/www.zunoticia.com\/noticias-de-hidalgo\/wp-content\/uploads\/2022\/08\/WhatsApp-Image-2022-08-26-at-4.19.13-PM-1-768x512.jpeg 768w\" sizes=\"(max-width: 960px) 100vw, 960px\" \/><\/figure>\n\n\n\n<p>Dentro de las escuelas beneficiadas se encuentran: la Primaria Ind\u00edgena Emiliano Zapata, la Telesecundaria No. 166, la Primaria Nicasio Ram\u00edrez, el Preescolar ind\u00edgena Guadalupe Victoria, la Primaria General 27 de septiembre, el Preescolar General Pastor S\u00e1nchez Manteca, la Telesecundaria No. 368, la Primaria Ind\u00edgena Naciones Unidas y la Telesecundaria No. 67.<\/p>\n\n\n\n<figure class=\"wp-block-gallery has-nested-images columns-default is-cropped wp-block-gallery-1 is-layout-flex wp-block-gallery-is-layout-flex\">\n<figure class=\"wp-block-image size-large\"><img loading=\"lazy\" decoding=\"async\" width=\"960\" height=\"640\" data-id=\"441228\" src=\"https:\/\/www.zunoticia.com\/noticias-de-hidalgo\/wp-content\/uploads\/2022\/08\/WhatsApp-Image-2022-08-26-at-4.19.13-PM-2.jpeg\" alt=\"\" class=\"wp-image-441228\" srcset=\"https:\/\/www.zunoticia.com\/noticias-de-hidalgo\/wp-content\/uploads\/2022\/08\/WhatsApp-Image-2022-08-26-at-4.19.13-PM-2.jpeg 960w, https:\/\/www.zunoticia.com\/noticias-de-hidalgo\/wp-content\/uploads\/2022\/08\/WhatsApp-Image-2022-08-26-at-4.19.13-PM-2-300x200.jpeg 300w, https:\/\/www.zunoticia.com\/noticias-de-hidalgo\/wp-content\/uploads\/2022\/08\/WhatsApp-Image-2022-08-26-at-4.19.13-PM-2-768x512.jpeg 768w\" sizes=\"(max-width: 960px) 100vw, 960px\" \/><\/figure>\n\n\n\n<figure class=\"wp-block-image size-large\"><img loading=\"lazy\" decoding=\"async\" width=\"960\" height=\"640\" data-id=\"441229\" src=\"https:\/\/www.zunoticia.com\/noticias-de-hidalgo\/wp-content\/uploads\/2022\/08\/WhatsApp-Image-2022-08-26-at-4.19.13-PM-4.jpeg\" alt=\"\" class=\"wp-image-441229\" srcset=\"https:\/\/www.zunoticia.com\/noticias-de-hidalgo\/wp-content\/uploads\/2022\/08\/WhatsApp-Image-2022-08-26-at-4.19.13-PM-4.jpeg 960w, https:\/\/www.zunoticia.com\/noticias-de-hidalgo\/wp-content\/uploads\/2022\/08\/WhatsApp-Image-2022-08-26-at-4.19.13-PM-4-300x200.jpeg 300w, https:\/\/www.zunoticia.com\/noticias-de-hidalgo\/wp-content\/uploads\/2022\/08\/WhatsApp-Image-2022-08-26-at-4.19.13-PM-4-768x512.jpeg 768w\" sizes=\"(max-width: 960px) 100vw, 960px\" \/><\/figure>\n<\/figure>\n\n\n\n<p>En el acto tambi\u00e9n estuvieron Daniel Ju\u00e1rez Medina, director de Gobernaci\u00f3n; V\u00edctor No\u00e9 Rivera Monterrubio delegado especial del Gobernador; Ruth Cruz Morales en representaci\u00f3n de Said Vargas, secretario general del SNTE Secci\u00f3n XV; Humberto De la Cruz Bautista, s\u00edndico procurador; el cuerpo de regidores e invitados especiales, as\u00ed como maestros y padres de familia de diversas localidades.<\/p>\n","protected":false},"excerpt":{"rendered":"<p>Por Redacci\u00f3n\/Zunoticia San Felipe Orizatl\u00e1n, Hgo. &#8211; Con el objetivo de fortalecer los centros educativos para este nuevo ciclo escolar 2022-2023, el gobierno de Orizatl\u00e1n que preside la alcaldesa Erika Saab Lara concluy\u00f3 la gesti\u00f3n de m\u00e1s de 1.5 millones de pesos en beneficio de cientos de estudiantes y profesores. Dentro de la gesti\u00f3n realizada&hellip; <a class=\"more-link\" href=\"https:\/\/www.zunoticia.com\/noticias-de-hidalgo\/2022\/08\/26\/orizatlan-recibe-mas-1-5-millones-pesos-para-educacion-basica\/\">Seguir leyendo <span class=\"screen-reader-text\">Orizatl\u00e1n recibe m\u00e1s de 1.5 mdp para educaci\u00f3n b\u00e1sica<\/span><\/a><\/p>\n","protected":false},"author":12,"featured_media":441230,"comment_status":"closed","ping_status":"open","sticky":false,"template":"","format":"standard","meta":{"rop_custom_images_group":[],"rop_custom_messages_group":[],"rop_publish_now":"initial","rop_publish_now_accounts":{"facebook_10159540855086992_322828327761733":""},"rop_publish_now_history":[],"rop_publish_now_status":"pending","footnotes":""},"categories":[180],"tags":[129],"class_list":["post-441226","post","type-post","status-publish","format-standard","has-post-thumbnail","hentry","category-orizatlan","tag-orizatlan","entry"],"_links":{"self":[{"href":"https:\/\/www.zunoticia.com\/noticias-de-hidalgo\/wp-json\/wp\/v2\/posts\/441226","targetHints":{"allow":["GET"]}}],"collection":[{"href":"https:\/\/www.zunoticia.com\/noticias-de-hidalgo\/wp-json\/wp\/v2\/posts"}],"about":[{"href":"https:\/\/www.zunoticia.com\/noticias-de-hidalgo\/wp-json\/wp\/v2\/types\/post"}],"author":[{"embeddable":true,"href":"https:\/\/www.zunoticia.com\/noticias-de-hidalgo\/wp-json\/wp\/v2\/users\/12"}],"replies":[{"embeddable":true,"href":"https:\/\/www.zunoticia.com\/noticias-de-hidalgo\/wp-json\/wp\/v2\/comments?post=441226"}],"version-history":[{"count":2,"href":"https:\/\/www.zunoticia.com\/noticias-de-hidalgo\/wp-json\/wp\/v2\/posts\/441226\/revisions"}],"predecessor-version":[{"id":441235,"href":"https:\/\/www.zunoticia.com\/noticias-de-hidalgo\/wp-json\/wp\/v2\/posts\/441226\/revisions\/441235"}],"wp:featuredmedia":[{"embeddable":true,"href":"https:\/\/www.zunoticia.com\/noticias-de-hidalgo\/wp-json\/wp\/v2\/media\/441230"}],"wp:attachment":[{"href":"https:\/\/www.zunoticia.com\/noticias-de-hidalgo\/wp-json\/wp\/v2\/media?parent=441226"}],"wp:term":[{"taxonomy":"category","embeddable":true,"href":"https:\/\/www.zunoticia.com\/noticias-de-hidalgo\/wp-json\/wp\/v2\/categories?post=441226"},{"taxonomy":"post_tag","embeddable":true,"href":"https:\/\/www.zunoticia.com\/noticias-de-hidalgo\/wp-json\/wp\/v2\/tags?post=441226"}],"curies":[{"name":"wp","href":"https:\/\/api.w.org\/{rel}","templated":true}]}}