{"id":441254,"date":"2022-08-26T17:33:40","date_gmt":"2022-08-26T22:33:40","guid":{"rendered":"https:\/\/www.zunoticia.com\/noticias-de-hidalgo\/?p=441254"},"modified":"2022-08-26T17:33:42","modified_gmt":"2022-08-26T22:33:42","slug":"en-unidad-comerciantes-se-capacitan-en-atencion-al-cliente","status":"publish","type":"post","link":"https:\/\/www.zunoticia.com\/noticias-de-hidalgo\/2022\/08\/26\/en-unidad-comerciantes-se-capacitan-en-atencion-al-cliente\/","title":{"rendered":"En unidad comerciantes se capacitan en atenci\u00f3n al cliente"},"content":{"rendered":"<aside class=\"mashsb-container mashsb-main mashsb-stretched\"><div class=\"mashsb-box\"><div class=\"mashsb-count mash-large\" style=\"float:left\"><div class=\"counts mashsbcount\">34<\/div><span class=\"mashsb-sharetext\">SHARES<\/span><\/div><div class=\"mashsb-buttons\"><a class=\"mashicon-facebook mash-large mash-center mashsb-noshadow\" href=\"https:\/\/www.facebook.com\/sharer.php?u=https%3A%2F%2Fwww.zunoticia.com%2Fnoticias-de-hidalgo%2F2022%2F08%2F26%2Fen-unidad-comerciantes-se-capacitan-en-atencion-al-cliente%2F\" target=\"_top\" rel=\"nofollow\"><span class=\"icon\"><\/span><span class=\"text\">Share<\/span><\/a><a class=\"mashicon-twitter mash-large mash-center mashsb-noshadow\" href=\"https:\/\/twitter.com\/intent\/tweet?text=&amp;url=https:\/\/www.zunoticia.com\/noticias-de-hidalgo\/2022\/08\/26\/en-unidad-comerciantes-se-capacitan-en-atencion-al-cliente\/\" target=\"_top\" rel=\"nofollow\"><span class=\"icon\"><\/span><span class=\"text\">Tweet<\/span><\/a><div class=\"onoffswitch2 mash-large mashsb-noshadow\" style=\"display:none\"><\/div><\/div>\n            <\/div>\n                <div style=\"clear:both\"><\/div><div class=\"mashsb-toggle-container\"><\/div><\/aside>\n            <!-- Share buttons by mashshare.net - Version: 4.0.47-->\n<ul class=\"wp-block-list\"><li>El \u00e1rea de Turismo municipal coordin\u00f3 los trabajos. Funcionarios municipales tambi\u00e9n fueron capacitados.<\/li><\/ul>\n\n\n\n<p><em>Por Redacci\u00f3n\/Zunoticia<\/em><\/p>\n\n\n\n<p><strong>Huejutla, Hgo. &#8211;<\/strong> Con el objetivo de brindar atenci\u00f3n de calidad y calidez, la Presidencia Municipal que encabeza el C.P. Daniel Andrade Zurutuza, a trav\u00e9s de la Coordinaci\u00f3n de Turismo y el enlace de la Secretar\u00eda de Turismo en la Sierra y Huasteca, Lic. Jord\u00e1n Medina Fern\u00e1ndez, realizaron una capacitaci\u00f3n a prestadores de servicios tur\u00edsticos y servidores p\u00fablicos.<\/p>\n\n\n\n<figure class=\"wp-block-gallery has-nested-images columns-default is-cropped wp-block-gallery-1 is-layout-flex wp-block-gallery-is-layout-flex\">\n<figure class=\"wp-block-image size-large\"><img fetchpriority=\"high\" decoding=\"async\" width=\"1024\" height=\"768\" data-id=\"441259\" src=\"https:\/\/www.zunoticia.com\/noticias-de-hidalgo\/wp-content\/uploads\/2022\/08\/WhatsApp-Image-2022-08-26-at-5.00.58-PM-2-1024x768.jpeg\" alt=\"\" class=\"wp-image-441259\" srcset=\"https:\/\/www.zunoticia.com\/noticias-de-hidalgo\/wp-content\/uploads\/2022\/08\/WhatsApp-Image-2022-08-26-at-5.00.58-PM-2-1024x768.jpeg 1024w, https:\/\/www.zunoticia.com\/noticias-de-hidalgo\/wp-content\/uploads\/2022\/08\/WhatsApp-Image-2022-08-26-at-5.00.58-PM-2-300x225.jpeg 300w, https:\/\/www.zunoticia.com\/noticias-de-hidalgo\/wp-content\/uploads\/2022\/08\/WhatsApp-Image-2022-08-26-at-5.00.58-PM-2-768x576.jpeg 768w, https:\/\/www.zunoticia.com\/noticias-de-hidalgo\/wp-content\/uploads\/2022\/08\/WhatsApp-Image-2022-08-26-at-5.00.58-PM-2.jpeg 1280w\" sizes=\"(max-width: 1024px) 100vw, 1024px\" \/><\/figure>\n\n\n\n<figure class=\"wp-block-image size-large\"><img decoding=\"async\" width=\"1024\" height=\"683\" data-id=\"441260\" src=\"https:\/\/www.zunoticia.com\/noticias-de-hidalgo\/wp-content\/uploads\/2022\/08\/WhatsApp-Image-2022-08-26-at-5.00.59-PM-1-1024x683.jpeg\" alt=\"\" class=\"wp-image-441260\" srcset=\"https:\/\/www.zunoticia.com\/noticias-de-hidalgo\/wp-content\/uploads\/2022\/08\/WhatsApp-Image-2022-08-26-at-5.00.59-PM-1-1024x683.jpeg 1024w, https:\/\/www.zunoticia.com\/noticias-de-hidalgo\/wp-content\/uploads\/2022\/08\/WhatsApp-Image-2022-08-26-at-5.00.59-PM-1-300x200.jpeg 300w, https:\/\/www.zunoticia.com\/noticias-de-hidalgo\/wp-content\/uploads\/2022\/08\/WhatsApp-Image-2022-08-26-at-5.00.59-PM-1-768x512.jpeg 768w, https:\/\/www.zunoticia.com\/noticias-de-hidalgo\/wp-content\/uploads\/2022\/08\/WhatsApp-Image-2022-08-26-at-5.00.59-PM-1-1536x1024.jpeg 1536w, https:\/\/www.zunoticia.com\/noticias-de-hidalgo\/wp-content\/uploads\/2022\/08\/WhatsApp-Image-2022-08-26-at-5.00.59-PM-1-1568x1045.jpeg 1568w, https:\/\/www.zunoticia.com\/noticias-de-hidalgo\/wp-content\/uploads\/2022\/08\/WhatsApp-Image-2022-08-26-at-5.00.59-PM-1.jpeg 1599w\" sizes=\"(max-width: 1024px) 100vw, 1024px\" \/><\/figure>\n\n\n\n<figure class=\"wp-block-image size-large\"><img decoding=\"async\" width=\"1024\" height=\"599\" data-id=\"441258\" src=\"https:\/\/www.zunoticia.com\/noticias-de-hidalgo\/wp-content\/uploads\/2022\/08\/WhatsApp-Image-2022-08-26-at-5.00.59-PM-1024x599.jpeg\" alt=\"\" class=\"wp-image-441258\" srcset=\"https:\/\/www.zunoticia.com\/noticias-de-hidalgo\/wp-content\/uploads\/2022\/08\/WhatsApp-Image-2022-08-26-at-5.00.59-PM-1024x599.jpeg 1024w, https:\/\/www.zunoticia.com\/noticias-de-hidalgo\/wp-content\/uploads\/2022\/08\/WhatsApp-Image-2022-08-26-at-5.00.59-PM-300x176.jpeg 300w, https:\/\/www.zunoticia.com\/noticias-de-hidalgo\/wp-content\/uploads\/2022\/08\/WhatsApp-Image-2022-08-26-at-5.00.59-PM-768x449.jpeg 768w, https:\/\/www.zunoticia.com\/noticias-de-hidalgo\/wp-content\/uploads\/2022\/08\/WhatsApp-Image-2022-08-26-at-5.00.59-PM.jpeg 1280w\" sizes=\"(max-width: 1024px) 100vw, 1024px\" \/><\/figure>\n<\/figure>\n\n\n\n<p>La titular de Turismo se\u00f1al\u00f3 que, la indicaci\u00f3n del Presidente Municipal es impulsar a los prestadores de servicios de los distintos giros, por lo que se convocaron a 225 agremiados de la Uni\u00f3n de Comerciantes del Centro Hist\u00f3rico, Asociaci\u00f3n y Uni\u00f3n de Comerciantes Independientes de Huejutla y Regi\u00f3n Huasteca, Asociaci\u00f3n del Mercado El Laurel, Coordinaci\u00f3n del Mercado Municipal, Uni\u00f3n de Comerciantes, Locatarios y Ambulantes del Mercado Municipal, Uni\u00f3n de Emprendedoras del Municipio, Organizaci\u00f3n De Comerciantes y Empresarios y la Uni\u00f3n de Comerciantes Establecidos del Municipio.<\/p>\n\n\n\n<figure class=\"wp-block-image size-large\"><img loading=\"lazy\" decoding=\"async\" width=\"1024\" height=\"744\" src=\"https:\/\/www.zunoticia.com\/noticias-de-hidalgo\/wp-content\/uploads\/2022\/08\/WhatsApp-Image-2022-08-26-at-5.00.57-PM-1024x744.jpeg\" alt=\"\" class=\"wp-image-441255\" srcset=\"https:\/\/www.zunoticia.com\/noticias-de-hidalgo\/wp-content\/uploads\/2022\/08\/WhatsApp-Image-2022-08-26-at-5.00.57-PM-1024x744.jpeg 1024w, https:\/\/www.zunoticia.com\/noticias-de-hidalgo\/wp-content\/uploads\/2022\/08\/WhatsApp-Image-2022-08-26-at-5.00.57-PM-300x218.jpeg 300w, https:\/\/www.zunoticia.com\/noticias-de-hidalgo\/wp-content\/uploads\/2022\/08\/WhatsApp-Image-2022-08-26-at-5.00.57-PM-768x558.jpeg 768w, https:\/\/www.zunoticia.com\/noticias-de-hidalgo\/wp-content\/uploads\/2022\/08\/WhatsApp-Image-2022-08-26-at-5.00.57-PM.jpeg 1280w\" sizes=\"(max-width: 1024px) 100vw, 1024px\" \/><\/figure>\n\n\n\n<p>Oviedo Mart\u00ednez, coment\u00f3 que es muy importante brindar las herramientas necesarias para ofrecer servicios de calidad a la ciudadan\u00eda en general, por lo que, en esta ocasi\u00f3n, los temas impartidos fueron \u201cAtenci\u00f3n al Cliente\u201d y \u201cActitud positiva en el trabajo\u201d a cargo del Mtro. Juan \u00c1ngel Oropeza Estrada.<\/p>\n\n\n\n<figure class=\"wp-block-image size-large\"><img loading=\"lazy\" decoding=\"async\" width=\"1024\" height=\"694\" src=\"https:\/\/www.zunoticia.com\/noticias-de-hidalgo\/wp-content\/uploads\/2022\/08\/WhatsApp-Image-2022-08-26-at-5.00.58-PM-3-1024x694.jpeg\" alt=\"\" class=\"wp-image-441256\" srcset=\"https:\/\/www.zunoticia.com\/noticias-de-hidalgo\/wp-content\/uploads\/2022\/08\/WhatsApp-Image-2022-08-26-at-5.00.58-PM-3-1024x694.jpeg 1024w, https:\/\/www.zunoticia.com\/noticias-de-hidalgo\/wp-content\/uploads\/2022\/08\/WhatsApp-Image-2022-08-26-at-5.00.58-PM-3-300x203.jpeg 300w, https:\/\/www.zunoticia.com\/noticias-de-hidalgo\/wp-content\/uploads\/2022\/08\/WhatsApp-Image-2022-08-26-at-5.00.58-PM-3-768x520.jpeg 768w, https:\/\/www.zunoticia.com\/noticias-de-hidalgo\/wp-content\/uploads\/2022\/08\/WhatsApp-Image-2022-08-26-at-5.00.58-PM-3.jpeg 1275w\" sizes=\"(max-width: 1024px) 100vw, 1024px\" \/><\/figure>\n\n\n\n<p>La din\u00e1mica fue realizada tambi\u00e9n con funcionarios de la Presidencia Municipal, quienes, en su quehacer diario, brindan tambi\u00e9n, servicio de atenci\u00f3n directa a la poblaci\u00f3n.<\/p>\n\n\n\n<p>Para finalizar, la funcionaria municipal invit\u00f3 a todos los prestadores de servicios tur\u00edsticos y servidores p\u00fablicos a poner en pr\u00e1ctica el aprendizaje adquirido, para mejorar los servicios que se ofrecen a la ciudadan\u00eda.<\/p>\n","protected":false},"excerpt":{"rendered":"<p>El \u00e1rea de Turismo municipal coordin\u00f3 los trabajos. Funcionarios municipales tambi\u00e9n fueron capacitados. Por Redacci\u00f3n\/Zunoticia Huejutla, Hgo. &#8211; Con el objetivo de brindar atenci\u00f3n de calidad y calidez, la Presidencia Municipal que encabeza el C.P. Daniel Andrade Zurutuza, a trav\u00e9s de la Coordinaci\u00f3n de Turismo y el enlace de la Secretar\u00eda de Turismo en la&hellip; <a class=\"more-link\" href=\"https:\/\/www.zunoticia.com\/noticias-de-hidalgo\/2022\/08\/26\/en-unidad-comerciantes-se-capacitan-en-atencion-al-cliente\/\">Seguir leyendo <span class=\"screen-reader-text\">En unidad comerciantes se capacitan en atenci\u00f3n al cliente<\/span><\/a><\/p>\n","protected":false},"author":12,"featured_media":441257,"comment_status":"closed","ping_status":"open","sticky":false,"template":"","format":"standard","meta":{"rop_custom_images_group":[],"rop_custom_messages_group":[],"rop_publish_now":"initial","rop_publish_now_accounts":{"facebook_10159540855086992_322828327761733":""},"rop_publish_now_history":[],"rop_publish_now_status":"pending","footnotes":""},"categories":[181],"tags":[121],"class_list":["post-441254","post","type-post","status-publish","format-standard","has-post-thumbnail","hentry","category-huejutla","tag-huejutla","entry"],"_links":{"self":[{"href":"https:\/\/www.zunoticia.com\/noticias-de-hidalgo\/wp-json\/wp\/v2\/posts\/441254","targetHints":{"allow":["GET"]}}],"collection":[{"href":"https:\/\/www.zunoticia.com\/noticias-de-hidalgo\/wp-json\/wp\/v2\/posts"}],"about":[{"href":"https:\/\/www.zunoticia.com\/noticias-de-hidalgo\/wp-json\/wp\/v2\/types\/post"}],"author":[{"embeddable":true,"href":"https:\/\/www.zunoticia.com\/noticias-de-hidalgo\/wp-json\/wp\/v2\/users\/12"}],"replies":[{"embeddable":true,"href":"https:\/\/www.zunoticia.com\/noticias-de-hidalgo\/wp-json\/wp\/v2\/comments?post=441254"}],"version-history":[{"count":1,"href":"https:\/\/www.zunoticia.com\/noticias-de-hidalgo\/wp-json\/wp\/v2\/posts\/441254\/revisions"}],"predecessor-version":[{"id":441261,"href":"https:\/\/www.zunoticia.com\/noticias-de-hidalgo\/wp-json\/wp\/v2\/posts\/441254\/revisions\/441261"}],"wp:featuredmedia":[{"embeddable":true,"href":"https:\/\/www.zunoticia.com\/noticias-de-hidalgo\/wp-json\/wp\/v2\/media\/441257"}],"wp:attachment":[{"href":"https:\/\/www.zunoticia.com\/noticias-de-hidalgo\/wp-json\/wp\/v2\/media?parent=441254"}],"wp:term":[{"taxonomy":"category","embeddable":true,"href":"https:\/\/www.zunoticia.com\/noticias-de-hidalgo\/wp-json\/wp\/v2\/categories?post=441254"},{"taxonomy":"post_tag","embeddable":true,"href":"https:\/\/www.zunoticia.com\/noticias-de-hidalgo\/wp-json\/wp\/v2\/tags?post=441254"}],"curies":[{"name":"wp","href":"https:\/\/api.w.org\/{rel}","templated":true}]}}