{"id":441265,"date":"2022-08-26T17:44:20","date_gmt":"2022-08-26T22:44:20","guid":{"rendered":"https:\/\/www.zunoticia.com\/noticias-de-hidalgo\/?p=441265"},"modified":"2022-08-26T17:44:22","modified_gmt":"2022-08-26T22:44:22","slug":"denuncian-falta-de-organizacion-en-aplicacion-de-vacunas-covid-19","status":"publish","type":"post","link":"https:\/\/www.zunoticia.com\/noticias-de-hidalgo\/2022\/08\/26\/denuncian-falta-de-organizacion-en-aplicacion-de-vacunas-covid-19\/","title":{"rendered":"Denuncian falta de organizaci\u00f3n en aplicaci\u00f3n de vacunas Covid-19"},"content":{"rendered":"<aside class=\"mashsb-container mashsb-main mashsb-stretched\"><div class=\"mashsb-box\"><div class=\"mashsb-count mash-large\" style=\"float:left\"><div class=\"counts mashsbcount\">11<\/div><span class=\"mashsb-sharetext\">SHARES<\/span><\/div><div class=\"mashsb-buttons\"><a class=\"mashicon-facebook mash-large mash-center mashsb-noshadow\" href=\"https:\/\/www.facebook.com\/sharer.php?u=https%3A%2F%2Fwww.zunoticia.com%2Fnoticias-de-hidalgo%2F2022%2F08%2F26%2Fdenuncian-falta-de-organizacion-en-aplicacion-de-vacunas-covid-19%2F\" target=\"_top\" rel=\"nofollow\"><span class=\"icon\"><\/span><span class=\"text\">Share<\/span><\/a><a class=\"mashicon-twitter mash-large mash-center mashsb-noshadow\" href=\"https:\/\/twitter.com\/intent\/tweet?text=&amp;url=https:\/\/www.zunoticia.com\/noticias-de-hidalgo\/2022\/08\/26\/denuncian-falta-de-organizacion-en-aplicacion-de-vacunas-covid-19\/\" target=\"_top\" rel=\"nofollow\"><span class=\"icon\"><\/span><span class=\"text\">Tweet<\/span><\/a><div class=\"onoffswitch2 mash-large mashsb-noshadow\" style=\"display:none\"><\/div><\/div>\n            <\/div>\n                <div style=\"clear:both\"><\/div><div class=\"mashsb-toggle-container\"><\/div><\/aside>\n            <!-- Share buttons by mashshare.net - Version: 4.0.47-->\n<p><em>Por Francisco Rosas\/Zunoticia<\/em><\/p>\n\n\n\n<p><strong>Huejutla, Hgo. &#8211;<\/strong> Padres de familia que se manifestaron la tarde de este viernes en la cl\u00ednica del IMSS de esta ciudad, se\u00f1alaron que por la falta de organizaci\u00f3n entre personal de Bienestar y el sector salud, para la aplicaci\u00f3n de las vacunas contra el Covid-19 a menores de 5 a 11 a\u00f1os de edad, fue lo que ocasion\u00f3 la inconformidad y bloqueo de la carretera.<\/p>\n\n\n\n<p>Al respecto, el padre de familia Alejandro Guzm\u00e1n, manifest\u00f3 que, debido a la desorganizaci\u00f3n, no atendieron a m\u00e1s de un centenar de ni\u00f1os, quienes pasaron muchas horas en pleno sol y no les aplicaron el biol\u00f3gico.<\/p>\n\n\n\n<p>Asimismo, dijo que, se detect\u00f3 probable tr\u00e1fico de influencias por parte del personal de la cl\u00ednica del IMSS, ya que algunos de sus familiares pasaron directos para que les aplicaran la vacuna a los menores.<\/p>\n\n\n\n<p>Ante esta situaci\u00f3n, solicitan una mejor organizaci\u00f3n para evitar este tipo de manifestaciones y, sobre todo, porque la mayor\u00eda de los padres acudieron este d\u00eda para vacunar a sus hijos, porque el pr\u00f3ximo lunes 29 de agosto es el regreso a clases presenciales en todos los niveles educativos.<\/p>\n","protected":false},"excerpt":{"rendered":"<p>Por Francisco Rosas\/Zunoticia Huejutla, Hgo. &#8211; Padres de familia que se manifestaron la tarde de este viernes en la cl\u00ednica del IMSS de esta ciudad, se\u00f1alaron que por la falta de organizaci\u00f3n entre personal de Bienestar y el sector salud, para la aplicaci\u00f3n de las vacunas contra el Covid-19 a menores de 5 a 11&hellip; <a class=\"more-link\" href=\"https:\/\/www.zunoticia.com\/noticias-de-hidalgo\/2022\/08\/26\/denuncian-falta-de-organizacion-en-aplicacion-de-vacunas-covid-19\/\">Seguir leyendo <span class=\"screen-reader-text\">Denuncian falta de organizaci\u00f3n en aplicaci\u00f3n de vacunas Covid-19<\/span><\/a><\/p>\n","protected":false},"author":12,"featured_media":441266,"comment_status":"closed","ping_status":"open","sticky":false,"template":"","format":"standard","meta":{"rop_custom_images_group":[],"rop_custom_messages_group":[],"rop_publish_now":"initial","rop_publish_now_accounts":{"facebook_10159540855086992_322828327761733":""},"rop_publish_now_history":[],"rop_publish_now_status":"pending","footnotes":""},"categories":[181],"tags":[121],"class_list":["post-441265","post","type-post","status-publish","format-standard","has-post-thumbnail","hentry","category-huejutla","tag-huejutla","entry"],"_links":{"self":[{"href":"https:\/\/www.zunoticia.com\/noticias-de-hidalgo\/wp-json\/wp\/v2\/posts\/441265","targetHints":{"allow":["GET"]}}],"collection":[{"href":"https:\/\/www.zunoticia.com\/noticias-de-hidalgo\/wp-json\/wp\/v2\/posts"}],"about":[{"href":"https:\/\/www.zunoticia.com\/noticias-de-hidalgo\/wp-json\/wp\/v2\/types\/post"}],"author":[{"embeddable":true,"href":"https:\/\/www.zunoticia.com\/noticias-de-hidalgo\/wp-json\/wp\/v2\/users\/12"}],"replies":[{"embeddable":true,"href":"https:\/\/www.zunoticia.com\/noticias-de-hidalgo\/wp-json\/wp\/v2\/comments?post=441265"}],"version-history":[{"count":1,"href":"https:\/\/www.zunoticia.com\/noticias-de-hidalgo\/wp-json\/wp\/v2\/posts\/441265\/revisions"}],"predecessor-version":[{"id":441267,"href":"https:\/\/www.zunoticia.com\/noticias-de-hidalgo\/wp-json\/wp\/v2\/posts\/441265\/revisions\/441267"}],"wp:featuredmedia":[{"embeddable":true,"href":"https:\/\/www.zunoticia.com\/noticias-de-hidalgo\/wp-json\/wp\/v2\/media\/441266"}],"wp:attachment":[{"href":"https:\/\/www.zunoticia.com\/noticias-de-hidalgo\/wp-json\/wp\/v2\/media?parent=441265"}],"wp:term":[{"taxonomy":"category","embeddable":true,"href":"https:\/\/www.zunoticia.com\/noticias-de-hidalgo\/wp-json\/wp\/v2\/categories?post=441265"},{"taxonomy":"post_tag","embeddable":true,"href":"https:\/\/www.zunoticia.com\/noticias-de-hidalgo\/wp-json\/wp\/v2\/tags?post=441265"}],"curies":[{"name":"wp","href":"https:\/\/api.w.org\/{rel}","templated":true}]}}