{"id":441295,"date":"2022-08-26T19:03:15","date_gmt":"2022-08-27T00:03:15","guid":{"rendered":"https:\/\/www.zunoticia.com\/noticias-de-hidalgo\/?p=441295"},"modified":"2022-08-26T19:03:16","modified_gmt":"2022-08-27T00:03:16","slug":"vamos-a-delinear-un-presupuesto-social-cuauhtemoc-ochoa","status":"publish","type":"post","link":"https:\/\/www.zunoticia.com\/noticias-de-hidalgo\/2022\/08\/26\/vamos-a-delinear-un-presupuesto-social-cuauhtemoc-ochoa\/","title":{"rendered":"Vamos a delinear un presupuesto social: Cuauht\u00e9moc Ochoa"},"content":{"rendered":"<aside class=\"mashsb-container mashsb-main mashsb-stretched\"><div class=\"mashsb-box\"><div class=\"mashsb-count mash-large\" style=\"float:left\"><div class=\"counts mashsbcount\">21<\/div><span class=\"mashsb-sharetext\">SHARES<\/span><\/div><div class=\"mashsb-buttons\"><a class=\"mashicon-facebook mash-large mash-center mashsb-noshadow\" href=\"https:\/\/www.facebook.com\/sharer.php?u=https%3A%2F%2Fwww.zunoticia.com%2Fnoticias-de-hidalgo%2F2022%2F08%2F26%2Fvamos-a-delinear-un-presupuesto-social-cuauhtemoc-ochoa%2F\" target=\"_top\" rel=\"nofollow\"><span class=\"icon\"><\/span><span class=\"text\">Share<\/span><\/a><a class=\"mashicon-twitter mash-large mash-center mashsb-noshadow\" href=\"https:\/\/twitter.com\/intent\/tweet?text=&amp;url=https:\/\/www.zunoticia.com\/noticias-de-hidalgo\/2022\/08\/26\/vamos-a-delinear-un-presupuesto-social-cuauhtemoc-ochoa\/\" target=\"_top\" rel=\"nofollow\"><span class=\"icon\"><\/span><span class=\"text\">Tweet<\/span><\/a><div class=\"onoffswitch2 mash-large mashsb-noshadow\" style=\"display:none\"><\/div><\/div>\n            <\/div>\n                <div style=\"clear:both\"><\/div><div class=\"mashsb-toggle-container\"><\/div><\/aside>\n            <!-- Share buttons by mashshare.net - Version: 4.0.47-->\n<p><em>Por redacci\u00f3n\/Zunoticia<\/em><\/p>\n\n\n\n<p><strong>Ciudad de M\u00e9xico.-<\/strong> Al t\u00e9rmino de la sesi\u00f3n plenaria del Grupo Parlamentario de Morena, el diputado federal de Hidalgo, Cuauht\u00e9moc Ochoa inform\u00f3 que en este primer ordinario de sesiones 2022 trabajar\u00e1n en un Presupuesto de Egresos que priorice los programas sociales, la seguridad y la reforma electoral que empodere al pueblo de M\u00e9xico.<\/p>\n\n\n\n<p>En la reuni\u00f3n con el secretario de Gobernaci\u00f3n, Ad\u00e1n Augusto L\u00f3pez anunci\u00f3 que el primero de septiembre, el presidente de M\u00e9xico, Andr\u00e9s Manuel L\u00f3pez Obrador enviar\u00e1 a la C\u00e1mara de Diputados una iniciativa con car\u00e1cter de preferente, misma que deber\u00e1 dictaminarse en un plazo de 31 d\u00edas.<\/p>\n\n\n\n<p>Posteriormente, en el encuentro con la secretaria de Seguridad y Protecci\u00f3n Ciudadana, Rosa Icela Rodr\u00edguez plante\u00f3 la necesidad de realizar modificaciones legislativas a la Ley de Coordinaci\u00f3n Fiscal, para que el refinanciamiento del Fondo de Aportaciones para la Seguridad P\u00fablica a fin de adelantar los recursos 2023 y 2024 a los estados en este a\u00f1o, para el equipamiento de polic\u00edas estatales y municipales.<\/p>\n\n\n\n<figure class=\"wp-block-image size-large\"><img fetchpriority=\"high\" decoding=\"async\" width=\"1024\" height=\"682\" src=\"https:\/\/www.zunoticia.com\/noticias-de-hidalgo\/wp-content\/uploads\/2022\/08\/eZy-Watermark-26-08-2022-06-51-04p.m.-1024x682.jpg\" alt=\"\" class=\"wp-image-441297\" srcset=\"https:\/\/www.zunoticia.com\/noticias-de-hidalgo\/wp-content\/uploads\/2022\/08\/eZy-Watermark-26-08-2022-06-51-04p.m.-1024x682.jpg 1024w, https:\/\/www.zunoticia.com\/noticias-de-hidalgo\/wp-content\/uploads\/2022\/08\/eZy-Watermark-26-08-2022-06-51-04p.m.-300x200.jpg 300w, https:\/\/www.zunoticia.com\/noticias-de-hidalgo\/wp-content\/uploads\/2022\/08\/eZy-Watermark-26-08-2022-06-51-04p.m.-768x512.jpg 768w, https:\/\/www.zunoticia.com\/noticias-de-hidalgo\/wp-content\/uploads\/2022\/08\/eZy-Watermark-26-08-2022-06-51-04p.m..jpg 1280w\" sizes=\"(max-width: 1024px) 100vw, 1024px\" \/><\/figure>\n\n\n\n<p>Respecto al proceso electoral 2024, el dirigente nacional de Morena, Mario Delgado consider\u00f3 que no habr\u00e1 divisi\u00f3n, por el contrario, la existencia de m\u00faltiples figuras fortalece al partido, \u201clo importante es el movimiento, no la persona\u201d. Agreg\u00f3 que la decisi\u00f3n la va a tomar la gente de manera libre, a trav\u00e9s de las encuestas.<\/p>\n","protected":false},"excerpt":{"rendered":"<p>Por redacci\u00f3n\/Zunoticia Ciudad de M\u00e9xico.- Al t\u00e9rmino de la sesi\u00f3n plenaria del Grupo Parlamentario de Morena, el diputado federal de Hidalgo, Cuauht\u00e9moc Ochoa inform\u00f3 que en este primer ordinario de sesiones 2022 trabajar\u00e1n en un Presupuesto de Egresos que priorice los programas sociales, la seguridad y la reforma electoral que empodere al pueblo de M\u00e9xico.&hellip; <a class=\"more-link\" href=\"https:\/\/www.zunoticia.com\/noticias-de-hidalgo\/2022\/08\/26\/vamos-a-delinear-un-presupuesto-social-cuauhtemoc-ochoa\/\">Seguir leyendo <span class=\"screen-reader-text\">Vamos a delinear un presupuesto social: Cuauht\u00e9moc Ochoa<\/span><\/a><\/p>\n","protected":false},"author":12,"featured_media":441296,"comment_status":"closed","ping_status":"open","sticky":false,"template":"","format":"standard","meta":{"rop_custom_images_group":[],"rop_custom_messages_group":[],"rop_publish_now":"initial","rop_publish_now_accounts":{"facebook_10159540855086992_322828327761733":""},"rop_publish_now_history":[],"rop_publish_now_status":"pending","footnotes":""},"categories":[218],"tags":[217],"class_list":["post-441295","post","type-post","status-publish","format-standard","has-post-thumbnail","hentry","category-nacional","tag-nacional","entry"],"_links":{"self":[{"href":"https:\/\/www.zunoticia.com\/noticias-de-hidalgo\/wp-json\/wp\/v2\/posts\/441295","targetHints":{"allow":["GET"]}}],"collection":[{"href":"https:\/\/www.zunoticia.com\/noticias-de-hidalgo\/wp-json\/wp\/v2\/posts"}],"about":[{"href":"https:\/\/www.zunoticia.com\/noticias-de-hidalgo\/wp-json\/wp\/v2\/types\/post"}],"author":[{"embeddable":true,"href":"https:\/\/www.zunoticia.com\/noticias-de-hidalgo\/wp-json\/wp\/v2\/users\/12"}],"replies":[{"embeddable":true,"href":"https:\/\/www.zunoticia.com\/noticias-de-hidalgo\/wp-json\/wp\/v2\/comments?post=441295"}],"version-history":[{"count":1,"href":"https:\/\/www.zunoticia.com\/noticias-de-hidalgo\/wp-json\/wp\/v2\/posts\/441295\/revisions"}],"predecessor-version":[{"id":441300,"href":"https:\/\/www.zunoticia.com\/noticias-de-hidalgo\/wp-json\/wp\/v2\/posts\/441295\/revisions\/441300"}],"wp:featuredmedia":[{"embeddable":true,"href":"https:\/\/www.zunoticia.com\/noticias-de-hidalgo\/wp-json\/wp\/v2\/media\/441296"}],"wp:attachment":[{"href":"https:\/\/www.zunoticia.com\/noticias-de-hidalgo\/wp-json\/wp\/v2\/media?parent=441295"}],"wp:term":[{"taxonomy":"category","embeddable":true,"href":"https:\/\/www.zunoticia.com\/noticias-de-hidalgo\/wp-json\/wp\/v2\/categories?post=441295"},{"taxonomy":"post_tag","embeddable":true,"href":"https:\/\/www.zunoticia.com\/noticias-de-hidalgo\/wp-json\/wp\/v2\/tags?post=441295"}],"curies":[{"name":"wp","href":"https:\/\/api.w.org\/{rel}","templated":true}]}}