{"id":441302,"date":"2022-08-26T19:18:32","date_gmt":"2022-08-27T00:18:32","guid":{"rendered":"https:\/\/www.zunoticia.com\/noticias-de-hidalgo\/?p=441302"},"modified":"2022-08-26T19:18:34","modified_gmt":"2022-08-27T00:18:34","slug":"aclara-presidente-de-la-apf-de-primaria-ninos-heroes-situacion-de-cuota-escolar","status":"publish","type":"post","link":"https:\/\/www.zunoticia.com\/noticias-de-hidalgo\/2022\/08\/26\/aclara-presidente-de-la-apf-de-primaria-ninos-heroes-situacion-de-cuota-escolar\/","title":{"rendered":"Aclara presidente de la APF de primaria Ni\u00f1os H\u00e9roes situaci\u00f3n de cuota escolar"},"content":{"rendered":"<aside class=\"mashsb-container mashsb-main mashsb-stretched\"><div class=\"mashsb-box\"><div class=\"mashsb-count mash-large\" style=\"float:left\"><div class=\"counts mashsbcount\">10<\/div><span class=\"mashsb-sharetext\">SHARES<\/span><\/div><div class=\"mashsb-buttons\"><a class=\"mashicon-facebook mash-large mash-center mashsb-noshadow\" href=\"https:\/\/www.facebook.com\/sharer.php?u=https%3A%2F%2Fwww.zunoticia.com%2Fnoticias-de-hidalgo%2F2022%2F08%2F26%2Faclara-presidente-de-la-apf-de-primaria-ninos-heroes-situacion-de-cuota-escolar%2F\" target=\"_top\" rel=\"nofollow\"><span class=\"icon\"><\/span><span class=\"text\">Share<\/span><\/a><a class=\"mashicon-twitter mash-large mash-center mashsb-noshadow\" href=\"https:\/\/twitter.com\/intent\/tweet?text=&amp;url=https:\/\/www.zunoticia.com\/noticias-de-hidalgo\/2022\/08\/26\/aclara-presidente-de-la-apf-de-primaria-ninos-heroes-situacion-de-cuota-escolar\/\" target=\"_top\" rel=\"nofollow\"><span class=\"icon\"><\/span><span class=\"text\">Tweet<\/span><\/a><div class=\"onoffswitch2 mash-large mashsb-noshadow\" style=\"display:none\"><\/div><\/div>\n            <\/div>\n                <div style=\"clear:both\"><\/div><div class=\"mashsb-toggle-container\"><\/div><\/aside>\n            <!-- Share buttons by mashshare.net - Version: 4.0.47-->\n<p><em>Por Salvador Altamirano\/Zunoticia<\/em><\/p>\n\n\n\n<p><strong>Huejutla, Hgo.-<\/strong> Entrevistado en torno a las quejas consistentes en que la cuota escolar que se determin\u00f3 fue unilateral, no se tom\u00f3 en cuenta a los tutores, el Presidente de la Asociaci\u00f3n de Padres de Familia de la &#8220;Escuela Primaria Ni\u00f1os H\u00e9roes&#8221;, de la colonia Valle del Encinal, Jos\u00e9 Martin Delgadillo, explic\u00f3 que por la situaci\u00f3n de la pandemia no se llevaron a cabo reuniones como tal.<\/p>\n\n\n\n<p>Sin embargo -agreg\u00f3-, \u201clas reuniones se realizaron con las vocales de cada grupo, y se determin\u00f3 la cuota, y el acuerdo se les comunic\u00f3 a cada uno de los padres a trav\u00e9s de los grupos de WhatsApp, la cual consiste en la cantidad de $450.00 si es un alumno y $600.00 si son dos\u201d.<\/p>\n\n\n\n<p>A pregunta expresa, detall\u00f3 que el recurso econ\u00f3mico que se recauda por concepto de cuota voluntaria se utiliza en mejoras a la instituci\u00f3n y otras necesidades, como las que surgieron durante la pandemia, que cuando la SEP autorizaba laborar se compraron insumos, como gel antibacterial y cubre bocas, entre otros.<\/p>\n\n\n\n<p>A\u00f1adi\u00f3 que, \u201cde los ingresos y egresos, se hacen cortes de caja y en las reuniones la compa\u00f1era tesorera les da la informaci\u00f3n respectiva, comprobando los gastos a trav\u00e9s de notas, las cuales cada padre de familia tiene derecho a revisar\u201d.<\/p>\n\n\n\n<p>Para concluir, enfatiz\u00f3 que, \u201caunque la cuota la aportan todos los progenitores, si hubiera alguno que por razones econ\u00f3micas no la pudiera cubrir, no se le negar\u00eda la inscripci\u00f3n a ning\u00fan alumno, que se acerquen a nosotros, siempre y cuando sean sinceros, que no nos enga\u00f1en\u201d.<\/p>\n","protected":false},"excerpt":{"rendered":"<p>Por Salvador Altamirano\/Zunoticia Huejutla, Hgo.- Entrevistado en torno a las quejas consistentes en que la cuota escolar que se determin\u00f3 fue unilateral, no se tom\u00f3 en cuenta a los tutores, el Presidente de la Asociaci\u00f3n de Padres de Familia de la &#8220;Escuela Primaria Ni\u00f1os H\u00e9roes&#8221;, de la colonia Valle del Encinal, Jos\u00e9 Martin Delgadillo, explic\u00f3&hellip; <a class=\"more-link\" href=\"https:\/\/www.zunoticia.com\/noticias-de-hidalgo\/2022\/08\/26\/aclara-presidente-de-la-apf-de-primaria-ninos-heroes-situacion-de-cuota-escolar\/\">Seguir leyendo <span class=\"screen-reader-text\">Aclara presidente de la APF de primaria Ni\u00f1os H\u00e9roes situaci\u00f3n de cuota escolar<\/span><\/a><\/p>\n","protected":false},"author":12,"featured_media":441288,"comment_status":"closed","ping_status":"open","sticky":false,"template":"","format":"standard","meta":{"rop_custom_images_group":[],"rop_custom_messages_group":[],"rop_publish_now":"initial","rop_publish_now_accounts":{"facebook_10159540855086992_322828327761733":""},"rop_publish_now_history":[],"rop_publish_now_status":"pending","footnotes":""},"categories":[181],"tags":[121],"class_list":["post-441302","post","type-post","status-publish","format-standard","has-post-thumbnail","hentry","category-huejutla","tag-huejutla","entry"],"_links":{"self":[{"href":"https:\/\/www.zunoticia.com\/noticias-de-hidalgo\/wp-json\/wp\/v2\/posts\/441302","targetHints":{"allow":["GET"]}}],"collection":[{"href":"https:\/\/www.zunoticia.com\/noticias-de-hidalgo\/wp-json\/wp\/v2\/posts"}],"about":[{"href":"https:\/\/www.zunoticia.com\/noticias-de-hidalgo\/wp-json\/wp\/v2\/types\/post"}],"author":[{"embeddable":true,"href":"https:\/\/www.zunoticia.com\/noticias-de-hidalgo\/wp-json\/wp\/v2\/users\/12"}],"replies":[{"embeddable":true,"href":"https:\/\/www.zunoticia.com\/noticias-de-hidalgo\/wp-json\/wp\/v2\/comments?post=441302"}],"version-history":[{"count":1,"href":"https:\/\/www.zunoticia.com\/noticias-de-hidalgo\/wp-json\/wp\/v2\/posts\/441302\/revisions"}],"predecessor-version":[{"id":441303,"href":"https:\/\/www.zunoticia.com\/noticias-de-hidalgo\/wp-json\/wp\/v2\/posts\/441302\/revisions\/441303"}],"wp:featuredmedia":[{"embeddable":true,"href":"https:\/\/www.zunoticia.com\/noticias-de-hidalgo\/wp-json\/wp\/v2\/media\/441288"}],"wp:attachment":[{"href":"https:\/\/www.zunoticia.com\/noticias-de-hidalgo\/wp-json\/wp\/v2\/media?parent=441302"}],"wp:term":[{"taxonomy":"category","embeddable":true,"href":"https:\/\/www.zunoticia.com\/noticias-de-hidalgo\/wp-json\/wp\/v2\/categories?post=441302"},{"taxonomy":"post_tag","embeddable":true,"href":"https:\/\/www.zunoticia.com\/noticias-de-hidalgo\/wp-json\/wp\/v2\/tags?post=441302"}],"curies":[{"name":"wp","href":"https:\/\/api.w.org\/{rel}","templated":true}]}}