{"id":441316,"date":"2022-08-26T20:13:43","date_gmt":"2022-08-27T01:13:43","guid":{"rendered":"https:\/\/www.zunoticia.com\/noticias-de-hidalgo\/?p=441316"},"modified":"2022-08-26T20:13:44","modified_gmt":"2022-08-27T01:13:44","slug":"terminaron-efectos-de-la-canicula-bomberos","status":"publish","type":"post","link":"https:\/\/www.zunoticia.com\/noticias-de-hidalgo\/2022\/08\/26\/terminaron-efectos-de-la-canicula-bomberos\/","title":{"rendered":"Terminaron efectos de la Can\u00edcula: Bomberos"},"content":{"rendered":"<aside class=\"mashsb-container mashsb-main mashsb-stretched\"><div class=\"mashsb-box\"><div class=\"mashsb-count mash-large\" style=\"float:left\"><div class=\"counts mashsbcount\">38<\/div><span class=\"mashsb-sharetext\">SHARES<\/span><\/div><div class=\"mashsb-buttons\"><a class=\"mashicon-facebook mash-large mash-center mashsb-noshadow\" href=\"https:\/\/www.facebook.com\/sharer.php?u=https%3A%2F%2Fwww.zunoticia.com%2Fnoticias-de-hidalgo%2F2022%2F08%2F26%2Fterminaron-efectos-de-la-canicula-bomberos%2F\" target=\"_top\" rel=\"nofollow\"><span class=\"icon\"><\/span><span class=\"text\">Share<\/span><\/a><a class=\"mashicon-twitter mash-large mash-center mashsb-noshadow\" href=\"https:\/\/twitter.com\/intent\/tweet?text=&amp;url=https:\/\/www.zunoticia.com\/noticias-de-hidalgo\/2022\/08\/26\/terminaron-efectos-de-la-canicula-bomberos\/\" target=\"_top\" rel=\"nofollow\"><span class=\"icon\"><\/span><span class=\"text\">Tweet<\/span><\/a><div class=\"onoffswitch2 mash-large mashsb-noshadow\" style=\"display:none\"><\/div><\/div>\n            <\/div>\n                <div style=\"clear:both\"><\/div><div class=\"mashsb-toggle-container\"><\/div><\/aside>\n            <!-- Share buttons by mashshare.net - Version: 4.0.47-->\n<p><em>Por Francisco Rosas\/Zunoticia<\/em><\/p>\n\n\n\n<p><strong>Huejutla, Hgo.-<\/strong> Este jueves 25 de agosto, oficialmente termin\u00f3 la Can\u00edcula y fueron 40 d\u00edas que soportaron los habitantes de esta regi\u00f3n de la huasteca hidalguense, afirm\u00f3 Carlos Francisco Hidalgo Contreras, instructor del Heroico Cuerpo de Bomberos.<\/p>\n\n\n\n<p>En entrevista con este medio informativo, dijo que la Can\u00edcula empez\u00f3 el 15 de julio, cuando empezaron a sentirse los efectos del fen\u00f3meno clim\u00e1tico que ocurre cada a\u00f1o y se caracteriza por ser la temporada de m\u00e1s calor en el pa\u00eds.<\/p>\n\n\n\n<p>Refiere que en estos \u00faltimos d\u00edas han sido de mucho calor, sin embargo, esta no fue la temporada con m\u00e1s altas temperaturas del a\u00f1o, debido a que se presentaron lluvias.<\/p>\n\n\n\n<p>En el mismo contexto, Hidalgo Contreras, explic\u00f3 que el fen\u00f3meno clim\u00e1tico comienza unas semanas despu\u00e9s del solsticio de verano, el cual ocurre el d\u00eda 21 de junio y la Can\u00edcula se caracteriza por: temperaturas superiores a 37 grados, disminuci\u00f3n de lluvias, calentamiento del aire y cielos despejados y si la Can\u00edcula inicia con lluvias, entonces sus efectos no ser\u00e1n muy marcados, lo que sucedi\u00f3 en este a\u00f1o.<\/p>\n\n\n\n<p>Asimismo, se\u00f1al\u00f3 que, en M\u00e9xico, los estados que sufren mayor afectaci\u00f3n por la Can\u00edcula son: Campeche, Colima, Chiapas, Guerrero, Hidalgo, Michoac\u00e1n, Morelos, Nuevo Le\u00f3n, Oaxaca, Puebla, Quintana Roo, San Luis Potos\u00ed, Tabasco, Tamaulipas, Tlaxcala, Veracruz y Yucat\u00e1n.<\/p>\n\n\n\n<p>Finalmente expres\u00f3 que la can\u00edcula, se puede aplazar una semana m\u00e1s, por lo que hasta el pr\u00f3ximo s\u00e1bado 3 de septiembre acabar\u00edan sus efectos, puntualiz\u00f3.<\/p>\n","protected":false},"excerpt":{"rendered":"<p>Por Francisco Rosas\/Zunoticia Huejutla, Hgo.- Este jueves 25 de agosto, oficialmente termin\u00f3 la Can\u00edcula y fueron 40 d\u00edas que soportaron los habitantes de esta regi\u00f3n de la huasteca hidalguense, afirm\u00f3 Carlos Francisco Hidalgo Contreras, instructor del Heroico Cuerpo de Bomberos. En entrevista con este medio informativo, dijo que la Can\u00edcula empez\u00f3 el 15 de julio,&hellip; <a class=\"more-link\" href=\"https:\/\/www.zunoticia.com\/noticias-de-hidalgo\/2022\/08\/26\/terminaron-efectos-de-la-canicula-bomberos\/\">Seguir leyendo <span class=\"screen-reader-text\">Terminaron efectos de la Can\u00edcula: Bomberos<\/span><\/a><\/p>\n","protected":false},"author":12,"featured_media":441298,"comment_status":"closed","ping_status":"open","sticky":false,"template":"","format":"standard","meta":{"rop_custom_images_group":[],"rop_custom_messages_group":[],"rop_publish_now":"initial","rop_publish_now_accounts":{"facebook_10159540855086992_322828327761733":""},"rop_publish_now_history":[],"rop_publish_now_status":"pending","footnotes":""},"categories":[181],"tags":[121],"class_list":["post-441316","post","type-post","status-publish","format-standard","has-post-thumbnail","hentry","category-huejutla","tag-huejutla","entry"],"_links":{"self":[{"href":"https:\/\/www.zunoticia.com\/noticias-de-hidalgo\/wp-json\/wp\/v2\/posts\/441316","targetHints":{"allow":["GET"]}}],"collection":[{"href":"https:\/\/www.zunoticia.com\/noticias-de-hidalgo\/wp-json\/wp\/v2\/posts"}],"about":[{"href":"https:\/\/www.zunoticia.com\/noticias-de-hidalgo\/wp-json\/wp\/v2\/types\/post"}],"author":[{"embeddable":true,"href":"https:\/\/www.zunoticia.com\/noticias-de-hidalgo\/wp-json\/wp\/v2\/users\/12"}],"replies":[{"embeddable":true,"href":"https:\/\/www.zunoticia.com\/noticias-de-hidalgo\/wp-json\/wp\/v2\/comments?post=441316"}],"version-history":[{"count":1,"href":"https:\/\/www.zunoticia.com\/noticias-de-hidalgo\/wp-json\/wp\/v2\/posts\/441316\/revisions"}],"predecessor-version":[{"id":441317,"href":"https:\/\/www.zunoticia.com\/noticias-de-hidalgo\/wp-json\/wp\/v2\/posts\/441316\/revisions\/441317"}],"wp:featuredmedia":[{"embeddable":true,"href":"https:\/\/www.zunoticia.com\/noticias-de-hidalgo\/wp-json\/wp\/v2\/media\/441298"}],"wp:attachment":[{"href":"https:\/\/www.zunoticia.com\/noticias-de-hidalgo\/wp-json\/wp\/v2\/media?parent=441316"}],"wp:term":[{"taxonomy":"category","embeddable":true,"href":"https:\/\/www.zunoticia.com\/noticias-de-hidalgo\/wp-json\/wp\/v2\/categories?post=441316"},{"taxonomy":"post_tag","embeddable":true,"href":"https:\/\/www.zunoticia.com\/noticias-de-hidalgo\/wp-json\/wp\/v2\/tags?post=441316"}],"curies":[{"name":"wp","href":"https:\/\/api.w.org\/{rel}","templated":true}]}}