{"id":442205,"date":"2022-09-01T14:18:32","date_gmt":"2022-09-01T19:18:32","guid":{"rendered":"https:\/\/www.zunoticia.com\/noticias-de-hidalgo\/?p=442205"},"modified":"2022-09-01T14:18:33","modified_gmt":"2022-09-01T19:18:33","slug":"difundira-ine-resultados-de-la-consulta-infantil-y-juvenil-2021","status":"publish","type":"post","link":"https:\/\/www.zunoticia.com\/noticias-de-hidalgo\/2022\/09\/01\/difundira-ine-resultados-de-la-consulta-infantil-y-juvenil-2021\/","title":{"rendered":"Difundir\u00e1 INE resultados de la consulta infantil y juvenil 2021"},"content":{"rendered":"<aside class=\"mashsb-container mashsb-main mashsb-stretched\"><div class=\"mashsb-box\"><div class=\"mashsb-count mash-large\" style=\"float:left\"><div class=\"counts mashsbcount\">15<\/div><span class=\"mashsb-sharetext\">SHARES<\/span><\/div><div class=\"mashsb-buttons\"><a class=\"mashicon-facebook mash-large mash-center mashsb-noshadow\" href=\"https:\/\/www.facebook.com\/sharer.php?u=https%3A%2F%2Fwww.zunoticia.com%2Fnoticias-de-hidalgo%2F2022%2F09%2F01%2Fdifundira-ine-resultados-de-la-consulta-infantil-y-juvenil-2021%2F\" target=\"_top\" rel=\"nofollow\"><span class=\"icon\"><\/span><span class=\"text\">Share<\/span><\/a><a class=\"mashicon-twitter mash-large mash-center mashsb-noshadow\" href=\"https:\/\/twitter.com\/intent\/tweet?text=&amp;url=https:\/\/www.zunoticia.com\/noticias-de-hidalgo\/2022\/09\/01\/difundira-ine-resultados-de-la-consulta-infantil-y-juvenil-2021\/\" target=\"_top\" rel=\"nofollow\"><span class=\"icon\"><\/span><span class=\"text\">Tweet<\/span><\/a><div class=\"onoffswitch2 mash-large mashsb-noshadow\" style=\"display:none\"><\/div><\/div>\n            <\/div>\n                <div style=\"clear:both\"><\/div><div class=\"mashsb-toggle-container\"><\/div><\/aside>\n            <!-- Share buttons by mashshare.net - Version: 4.0.47-->\n<p><em>Por Enedino Hern\u00e1ndez\/Zunoticia<\/em><\/p>\n\n\n\n<p><strong>Huejutla, Hgo. &#8211;<\/strong> Personal del Instituto Nacional Electoral (INE) en Huejutla de Reyes, difundir\u00e1 a partir de este mes de septiembre los resultados alcanzados en la Consulta infantil y juvenil 2021.<\/p>\n\n\n\n<p>El vocal de Capacitaci\u00f3n y Educaci\u00f3n C\u00edvica del INE en Huejutla, Pedro del \u00c1ngel Badillo, se\u00f1al\u00f3 que la difusi\u00f3n de los resultados se realizar\u00e1 por cada una de las instituciones educativas participantes en la Consulta infantil y juvenil 2021.<\/p>\n\n\n\n<figure class=\"wp-block-image size-large\"><img fetchpriority=\"high\" decoding=\"async\" width=\"768\" height=\"1024\" src=\"https:\/\/www.zunoticia.com\/noticias-de-hidalgo\/wp-content\/uploads\/2022\/09\/WhatsApp-Image-2022-09-01-at-1.40.45-PM-2-768x1024.jpeg\" alt=\"\" class=\"wp-image-442207\" srcset=\"https:\/\/www.zunoticia.com\/noticias-de-hidalgo\/wp-content\/uploads\/2022\/09\/WhatsApp-Image-2022-09-01-at-1.40.45-PM-2-768x1024.jpeg 768w, https:\/\/www.zunoticia.com\/noticias-de-hidalgo\/wp-content\/uploads\/2022\/09\/WhatsApp-Image-2022-09-01-at-1.40.45-PM-2-225x300.jpeg 225w, https:\/\/www.zunoticia.com\/noticias-de-hidalgo\/wp-content\/uploads\/2022\/09\/WhatsApp-Image-2022-09-01-at-1.40.45-PM-2-1152x1536.jpeg 1152w, https:\/\/www.zunoticia.com\/noticias-de-hidalgo\/wp-content\/uploads\/2022\/09\/WhatsApp-Image-2022-09-01-at-1.40.45-PM-2.jpeg 1200w\" sizes=\"(max-width: 768px) 100vw, 768px\" \/><\/figure>\n\n\n\n<p>Confirm\u00f3 que previamente y una vez que ya ha iniciado el Ciclo Escolar 2022-2023 se proceder\u00e1 a colocar en un lugar visible, en cada uno de los planteles educativos participantes, una serie de infograf\u00edas relacionadas con la consulta.<\/p>\n\n\n\n<p>Asimismo, dijo que, los alumnos que participaron tendr\u00e1n la oportunidad de estar en talleres en donde analizar\u00e1n las respuestas que emitieron en su momento.<\/p>\n\n\n\n<p>Pedro del \u00c1ngel Badillo, asegur\u00f3 que, al momento se mantienen en comunicaci\u00f3n con los directivos de las instituciones educativas participantes en la Consulta infantil y juvenil 2021 a efecto de programar la respectiva difusi\u00f3n de los resultados.<\/p>\n","protected":false},"excerpt":{"rendered":"<p>Por Enedino Hern\u00e1ndez\/Zunoticia Huejutla, Hgo. &#8211; Personal del Instituto Nacional Electoral (INE) en Huejutla de Reyes, difundir\u00e1 a partir de este mes de septiembre los resultados alcanzados en la Consulta infantil y juvenil 2021. El vocal de Capacitaci\u00f3n y Educaci\u00f3n C\u00edvica del INE en Huejutla, Pedro del \u00c1ngel Badillo, se\u00f1al\u00f3 que la difusi\u00f3n de los&hellip; <a class=\"more-link\" href=\"https:\/\/www.zunoticia.com\/noticias-de-hidalgo\/2022\/09\/01\/difundira-ine-resultados-de-la-consulta-infantil-y-juvenil-2021\/\">Seguir leyendo <span class=\"screen-reader-text\">Difundir\u00e1 INE resultados de la consulta infantil y juvenil 2021<\/span><\/a><\/p>\n","protected":false},"author":12,"featured_media":442206,"comment_status":"closed","ping_status":"open","sticky":false,"template":"","format":"standard","meta":{"rop_custom_images_group":[],"rop_custom_messages_group":[],"rop_publish_now":"initial","rop_publish_now_accounts":{"facebook_10159540855086992_322828327761733":""},"rop_publish_now_history":[],"rop_publish_now_status":"pending","footnotes":""},"categories":[208,181],"tags":[121],"class_list":["post-442205","post","type-post","status-publish","format-standard","has-post-thumbnail","hentry","category-estado","category-huejutla","tag-huejutla","entry"],"_links":{"self":[{"href":"https:\/\/www.zunoticia.com\/noticias-de-hidalgo\/wp-json\/wp\/v2\/posts\/442205","targetHints":{"allow":["GET"]}}],"collection":[{"href":"https:\/\/www.zunoticia.com\/noticias-de-hidalgo\/wp-json\/wp\/v2\/posts"}],"about":[{"href":"https:\/\/www.zunoticia.com\/noticias-de-hidalgo\/wp-json\/wp\/v2\/types\/post"}],"author":[{"embeddable":true,"href":"https:\/\/www.zunoticia.com\/noticias-de-hidalgo\/wp-json\/wp\/v2\/users\/12"}],"replies":[{"embeddable":true,"href":"https:\/\/www.zunoticia.com\/noticias-de-hidalgo\/wp-json\/wp\/v2\/comments?post=442205"}],"version-history":[{"count":1,"href":"https:\/\/www.zunoticia.com\/noticias-de-hidalgo\/wp-json\/wp\/v2\/posts\/442205\/revisions"}],"predecessor-version":[{"id":442208,"href":"https:\/\/www.zunoticia.com\/noticias-de-hidalgo\/wp-json\/wp\/v2\/posts\/442205\/revisions\/442208"}],"wp:featuredmedia":[{"embeddable":true,"href":"https:\/\/www.zunoticia.com\/noticias-de-hidalgo\/wp-json\/wp\/v2\/media\/442206"}],"wp:attachment":[{"href":"https:\/\/www.zunoticia.com\/noticias-de-hidalgo\/wp-json\/wp\/v2\/media?parent=442205"}],"wp:term":[{"taxonomy":"category","embeddable":true,"href":"https:\/\/www.zunoticia.com\/noticias-de-hidalgo\/wp-json\/wp\/v2\/categories?post=442205"},{"taxonomy":"post_tag","embeddable":true,"href":"https:\/\/www.zunoticia.com\/noticias-de-hidalgo\/wp-json\/wp\/v2\/tags?post=442205"}],"curies":[{"name":"wp","href":"https:\/\/api.w.org\/{rel}","templated":true}]}}