{"id":442212,"date":"2022-09-01T15:55:36","date_gmt":"2022-09-01T20:55:36","guid":{"rendered":"https:\/\/www.zunoticia.com\/noticias-de-hidalgo\/?p=442212"},"modified":"2022-09-01T15:55:39","modified_gmt":"2022-09-01T20:55:39","slug":"julio-menchaca-presenta-gabinete-paritario-con-principios-de-la-4t","status":"publish","type":"post","link":"https:\/\/www.zunoticia.com\/noticias-de-hidalgo\/2022\/09\/01\/julio-menchaca-presenta-gabinete-paritario-con-principios-de-la-4t\/","title":{"rendered":"Julio Menchaca presenta gabinete paritario con principios de la 4T"},"content":{"rendered":"<aside class=\"mashsb-container mashsb-main mashsb-stretched\"><div class=\"mashsb-box\"><div class=\"mashsb-count mash-large\" style=\"float:left\"><div class=\"counts mashsbcount\">48<\/div><span class=\"mashsb-sharetext\">SHARES<\/span><\/div><div class=\"mashsb-buttons\"><a class=\"mashicon-facebook mash-large mash-center mashsb-noshadow\" href=\"https:\/\/www.facebook.com\/sharer.php?u=https%3A%2F%2Fwww.zunoticia.com%2Fnoticias-de-hidalgo%2F2022%2F09%2F01%2Fjulio-menchaca-presenta-gabinete-paritario-con-principios-de-la-4t%2F\" target=\"_top\" rel=\"nofollow\"><span class=\"icon\"><\/span><span class=\"text\">Share<\/span><\/a><a class=\"mashicon-twitter mash-large mash-center mashsb-noshadow\" href=\"https:\/\/twitter.com\/intent\/tweet?text=&amp;url=https:\/\/www.zunoticia.com\/noticias-de-hidalgo\/2022\/09\/01\/julio-menchaca-presenta-gabinete-paritario-con-principios-de-la-4t\/\" target=\"_top\" rel=\"nofollow\"><span class=\"icon\"><\/span><span class=\"text\">Tweet<\/span><\/a><div class=\"onoffswitch2 mash-large mashsb-noshadow\" style=\"display:none\"><\/div><\/div>\n            <\/div>\n                <div style=\"clear:both\"><\/div><div class=\"mashsb-toggle-container\"><\/div><\/aside>\n            <!-- Share buttons by mashshare.net - Version: 4.0.47-->\n<p><em>Por Redacci\u00f3n\/Zunoticia<\/em><\/p>\n\n\n\n<p><strong>Pachuca de Soto, Hgo. &#8211;<\/strong> Julio Menchaca Salazar, gobernador electo, present\u00f3 a las mujeres y hombres que lo acompa\u00f1ar\u00e1n durante su administraci\u00f3n y que integran el primer gabinete paritario en la historia del estado.<\/p>\n\n\n\n<p>Al respecto, el pr\u00f3ximo titular del Ejecutivo precis\u00f3 que se trata de un gabinete de diversidad, conformado por los que considera los mejores perfiles, pues hay activistas, gente con alguna discapacidad, deportistas y empresarios comprometidos con los principios de la Cuarta Transformaci\u00f3n.<\/p>\n\n\n\n<p>Durante la ceremonia de presentaci\u00f3n, Menchaca record\u00f3 que, en un ejercicio de congruencia con su trabajo previo de impulso a la paridad de g\u00e9nero, \u201cse integra este gabinete con mujeres y hombres hidalguenses que van a recorrer este camino de gobierno de 6 a\u00f1os a partir del 5 de septiembre\u201d.<\/p>\n\n\n\n<figure class=\"wp-block-image size-large\"><img fetchpriority=\"high\" decoding=\"async\" width=\"1024\" height=\"575\" src=\"https:\/\/www.zunoticia.com\/noticias-de-hidalgo\/wp-content\/uploads\/2022\/09\/WhatsApp-Image-2022-09-01-at-1.40.44-PM-3-1024x575.jpeg\" alt=\"\" class=\"wp-image-442214\" srcset=\"https:\/\/www.zunoticia.com\/noticias-de-hidalgo\/wp-content\/uploads\/2022\/09\/WhatsApp-Image-2022-09-01-at-1.40.44-PM-3-1024x575.jpeg 1024w, https:\/\/www.zunoticia.com\/noticias-de-hidalgo\/wp-content\/uploads\/2022\/09\/WhatsApp-Image-2022-09-01-at-1.40.44-PM-3-300x169.jpeg 300w, https:\/\/www.zunoticia.com\/noticias-de-hidalgo\/wp-content\/uploads\/2022\/09\/WhatsApp-Image-2022-09-01-at-1.40.44-PM-3-768x431.jpeg 768w, https:\/\/www.zunoticia.com\/noticias-de-hidalgo\/wp-content\/uploads\/2022\/09\/WhatsApp-Image-2022-09-01-at-1.40.44-PM-3.jpeg 1280w\" sizes=\"(max-width: 1024px) 100vw, 1024px\" \/><\/figure>\n\n\n\n<p>El gobernador electo enfatiz\u00f3 que su principal compromiso es con la sociedad de Hidalgo, pues su candidatura fue \u201cun s\u00edmbolo a nivel nacional porque tenemos el porcentaje m\u00e1s alto en las elecciones que ha tenido Morena: casi el 62 por ciento\u201d.<\/p>\n\n\n\n<p>Adem\u00e1s, aprovech\u00f3 la ocasi\u00f3n para reiterar, \u201cpara la tranquilidad de muchos trabajadores de gobierno, que estamos en lo dicho de respetar a quienes en el transcurso de su vida p\u00fablica se han comportado con dignidad, con decoro, con aportaci\u00f3n y construcci\u00f3n en la entidad\u201d.<\/p>\n\n\n\n<p>Sin embargo, expres\u00f3 que cada cambio de administraci\u00f3n tambi\u00e9n implica cambio de funcionarios; \u201cas\u00ed como algunos llegamos, se cumplen los ciclos y tenemos que ser sustituidos\u201d, dijo.<\/p>\n\n\n\n<figure class=\"wp-block-gallery has-nested-images columns-default is-cropped wp-block-gallery-1 is-layout-flex wp-block-gallery-is-layout-flex\">\n<figure class=\"wp-block-image size-large\"><img decoding=\"async\" width=\"1024\" height=\"575\" data-id=\"442216\" src=\"https:\/\/www.zunoticia.com\/noticias-de-hidalgo\/wp-content\/uploads\/2022\/09\/WhatsApp-Image-2022-09-01-at-1.40.44-PM-2-1024x575.jpeg\" alt=\"\" class=\"wp-image-442216\" srcset=\"https:\/\/www.zunoticia.com\/noticias-de-hidalgo\/wp-content\/uploads\/2022\/09\/WhatsApp-Image-2022-09-01-at-1.40.44-PM-2-1024x575.jpeg 1024w, https:\/\/www.zunoticia.com\/noticias-de-hidalgo\/wp-content\/uploads\/2022\/09\/WhatsApp-Image-2022-09-01-at-1.40.44-PM-2-300x169.jpeg 300w, https:\/\/www.zunoticia.com\/noticias-de-hidalgo\/wp-content\/uploads\/2022\/09\/WhatsApp-Image-2022-09-01-at-1.40.44-PM-2-768x431.jpeg 768w, https:\/\/www.zunoticia.com\/noticias-de-hidalgo\/wp-content\/uploads\/2022\/09\/WhatsApp-Image-2022-09-01-at-1.40.44-PM-2.jpeg 1280w\" sizes=\"(max-width: 1024px) 100vw, 1024px\" \/><\/figure>\n\n\n\n<figure class=\"wp-block-image size-large\"><img decoding=\"async\" width=\"1024\" height=\"575\" data-id=\"442215\" src=\"https:\/\/www.zunoticia.com\/noticias-de-hidalgo\/wp-content\/uploads\/2022\/09\/WhatsApp-Image-2022-09-01-at-1.40.44-PM-1-1024x575.jpeg\" alt=\"\" class=\"wp-image-442215\" srcset=\"https:\/\/www.zunoticia.com\/noticias-de-hidalgo\/wp-content\/uploads\/2022\/09\/WhatsApp-Image-2022-09-01-at-1.40.44-PM-1-1024x575.jpeg 1024w, https:\/\/www.zunoticia.com\/noticias-de-hidalgo\/wp-content\/uploads\/2022\/09\/WhatsApp-Image-2022-09-01-at-1.40.44-PM-1-300x169.jpeg 300w, https:\/\/www.zunoticia.com\/noticias-de-hidalgo\/wp-content\/uploads\/2022\/09\/WhatsApp-Image-2022-09-01-at-1.40.44-PM-1-768x431.jpeg 768w, https:\/\/www.zunoticia.com\/noticias-de-hidalgo\/wp-content\/uploads\/2022\/09\/WhatsApp-Image-2022-09-01-at-1.40.44-PM-1.jpeg 1280w\" sizes=\"(max-width: 1024px) 100vw, 1024px\" \/><\/figure>\n<\/figure>\n\n\n\n<p>Finalmente, record\u00f3 que durante los \u00faltimos meses ha trabajado intensamente con autoridades federales, municipios, sector empresarial y representaciones diplom\u00e1ticas para que la suma de fuerzas sea la plataforma para la actividad gubernamental que encabezar\u00e1.<\/p>\n\n\n\n<p>El gabinete presentado por el gobernador electo, Julio Menchaca, qued\u00f3 conformado de la siguiente manera:<\/p>\n\n\n\n<ul class=\"wp-block-list\"><li>Secretar\u00eda de Gobierno: Guillermo Olivares Reyna<\/li><li>Secretar\u00eda de Finanzas P\u00fablicas: Mar\u00eda Esther Ram\u00edrez Vargas<\/li><li>Secretar\u00eda de Desarrollo Social: Simey Olvera Bautista<\/li><li>Secretar\u00eda de Obras P\u00fablicas y Ordenamiento Territorial: Alejandro S\u00e1nchez Garc\u00eda<\/li><li>Secretar\u00eda de Desarrollo Econ\u00f3mico: Carlos Henkel Escorza<\/li><li>Secretar\u00eda de Medio Ambiente y Recursos Materiales: M\u00f3nica Patricia Mixtega Trejo<\/li><li>Secretar\u00eda de Desarrollo Agropecuario: Napole\u00f3n Gonz\u00e1lez P\u00e9rez<\/li><li>Secretar\u00eda de Turismo: Elizabeth Quintanar G\u00f3mez<\/li><li>Secretar\u00eda de Contralor\u00eda: \u00c1lvaro Bardales Ram\u00edrez<\/li><li>Secretar\u00eda de Educaci\u00f3n P\u00fablica: Natividad Castrej\u00f3n Valdez<\/li><li>Secretar\u00eda de Salud: Zorayda Robles Barrera<\/li><li>Secretar\u00eda de Seguridad P\u00fablica: Salvador Cruz Neri<\/li><li>Secretar\u00eda de Trabajo y Previsi\u00f3n Social: Oscar Javier Gonz\u00e1lez Hern\u00e1ndez<\/li><li>Secretar\u00eda de Movilidad y Transporte: Lyzbeth Robles Guti\u00e9rrez<\/li><li>Secretar\u00eda de Cultura: Tania Meza Escorza<\/li><\/ul>\n\n\n\n<p>Adem\u00e1s, present\u00f3 a titulares de otros organismos gubernamentales, que ser\u00e1n prioridad en su administraci\u00f3n:<\/p>\n\n\n\n<ul class=\"wp-block-list\"><li>Coordinaci\u00f3n General de Comunicaci\u00f3n Gubernamental: Eduardo Iturbe M\u00e9ndez<\/li><li>Sistema Estatal de Integraci\u00f3n Social para las Personas con Discapacidad: Alfonso Flores Barrera<\/li><li>Instituto Hidalguense de las Mujeres: Bertha Miranda Rodr\u00edguez<\/li><li>Subsecretar\u00eda de Participaci\u00f3n Social y Fomento Artesanal: Claudia Aurora M\u00e1rquez Camacho<\/li><li>Instituto Hidalguense del Deporte: Jos\u00e9 Pipino Isidro Cuevas Gonz\u00e1lez<\/li><\/ul>\n","protected":false},"excerpt":{"rendered":"<p>Por Redacci\u00f3n\/Zunoticia Pachuca de Soto, Hgo. &#8211; Julio Menchaca Salazar, gobernador electo, present\u00f3 a las mujeres y hombres que lo acompa\u00f1ar\u00e1n durante su administraci\u00f3n y que integran el primer gabinete paritario en la historia del estado. Al respecto, el pr\u00f3ximo titular del Ejecutivo precis\u00f3 que se trata de un gabinete de diversidad, conformado por los&hellip; <a class=\"more-link\" href=\"https:\/\/www.zunoticia.com\/noticias-de-hidalgo\/2022\/09\/01\/julio-menchaca-presenta-gabinete-paritario-con-principios-de-la-4t\/\">Seguir leyendo <span class=\"screen-reader-text\">Julio Menchaca presenta gabinete paritario con principios de la 4T<\/span><\/a><\/p>\n","protected":false},"author":12,"featured_media":442213,"comment_status":"closed","ping_status":"open","sticky":false,"template":"","format":"standard","meta":{"rop_custom_images_group":[],"rop_custom_messages_group":[],"rop_publish_now":"initial","rop_publish_now_accounts":{"facebook_10159540855086992_322828327761733":""},"rop_publish_now_history":[],"rop_publish_now_status":"pending","footnotes":""},"categories":[208],"tags":[214],"class_list":["post-442212","post","type-post","status-publish","format-standard","has-post-thumbnail","hentry","category-estado","tag-estado","entry"],"_links":{"self":[{"href":"https:\/\/www.zunoticia.com\/noticias-de-hidalgo\/wp-json\/wp\/v2\/posts\/442212","targetHints":{"allow":["GET"]}}],"collection":[{"href":"https:\/\/www.zunoticia.com\/noticias-de-hidalgo\/wp-json\/wp\/v2\/posts"}],"about":[{"href":"https:\/\/www.zunoticia.com\/noticias-de-hidalgo\/wp-json\/wp\/v2\/types\/post"}],"author":[{"embeddable":true,"href":"https:\/\/www.zunoticia.com\/noticias-de-hidalgo\/wp-json\/wp\/v2\/users\/12"}],"replies":[{"embeddable":true,"href":"https:\/\/www.zunoticia.com\/noticias-de-hidalgo\/wp-json\/wp\/v2\/comments?post=442212"}],"version-history":[{"count":1,"href":"https:\/\/www.zunoticia.com\/noticias-de-hidalgo\/wp-json\/wp\/v2\/posts\/442212\/revisions"}],"predecessor-version":[{"id":442217,"href":"https:\/\/www.zunoticia.com\/noticias-de-hidalgo\/wp-json\/wp\/v2\/posts\/442212\/revisions\/442217"}],"wp:featuredmedia":[{"embeddable":true,"href":"https:\/\/www.zunoticia.com\/noticias-de-hidalgo\/wp-json\/wp\/v2\/media\/442213"}],"wp:attachment":[{"href":"https:\/\/www.zunoticia.com\/noticias-de-hidalgo\/wp-json\/wp\/v2\/media?parent=442212"}],"wp:term":[{"taxonomy":"category","embeddable":true,"href":"https:\/\/www.zunoticia.com\/noticias-de-hidalgo\/wp-json\/wp\/v2\/categories?post=442212"},{"taxonomy":"post_tag","embeddable":true,"href":"https:\/\/www.zunoticia.com\/noticias-de-hidalgo\/wp-json\/wp\/v2\/tags?post=442212"}],"curies":[{"name":"wp","href":"https:\/\/api.w.org\/{rel}","templated":true}]}}