{"id":442230,"date":"2022-09-01T16:53:41","date_gmt":"2022-09-01T21:53:41","guid":{"rendered":"https:\/\/www.zunoticia.com\/noticias-de-hidalgo\/?p=442230"},"modified":"2022-09-01T16:53:42","modified_gmt":"2022-09-01T21:53:42","slug":"condecoran-por-40-anos-de-servicio-al-maestro-celino-aguilar-salas","status":"publish","type":"post","link":"https:\/\/www.zunoticia.com\/noticias-de-hidalgo\/2022\/09\/01\/condecoran-por-40-anos-de-servicio-al-maestro-celino-aguilar-salas\/","title":{"rendered":"Condecoran por 40 a\u00f1os de servicio al maestro Celino Aguilar Salas"},"content":{"rendered":"<aside class=\"mashsb-container mashsb-main mashsb-stretched\"><div class=\"mashsb-box\"><div class=\"mashsb-count mash-large\" style=\"float:left\"><div class=\"counts mashsbcount\">36<\/div><span class=\"mashsb-sharetext\">SHARES<\/span><\/div><div class=\"mashsb-buttons\"><a class=\"mashicon-facebook mash-large mash-center mashsb-noshadow\" href=\"https:\/\/www.facebook.com\/sharer.php?u=https%3A%2F%2Fwww.zunoticia.com%2Fnoticias-de-hidalgo%2F2022%2F09%2F01%2Fcondecoran-por-40-anos-de-servicio-al-maestro-celino-aguilar-salas%2F\" target=\"_top\" rel=\"nofollow\"><span class=\"icon\"><\/span><span class=\"text\">Share<\/span><\/a><a class=\"mashicon-twitter mash-large mash-center mashsb-noshadow\" href=\"https:\/\/twitter.com\/intent\/tweet?text=&amp;url=https:\/\/www.zunoticia.com\/noticias-de-hidalgo\/2022\/09\/01\/condecoran-por-40-anos-de-servicio-al-maestro-celino-aguilar-salas\/\" target=\"_top\" rel=\"nofollow\"><span class=\"icon\"><\/span><span class=\"text\">Tweet<\/span><\/a><div class=\"onoffswitch2 mash-large mashsb-noshadow\" style=\"display:none\"><\/div><\/div>\n            <\/div>\n                <div style=\"clear:both\"><\/div><div class=\"mashsb-toggle-container\"><\/div><\/aside>\n            <!-- Share buttons by mashshare.net - Version: 4.0.47-->\n<p><em>Por Francisco Rosas\/Zunoticia<\/em><\/p>\n\n\n\n<p><strong>Huejutla, Hgo. &#8211;<\/strong> En una ceremonia que se llev\u00f3 a cabo la ma\u00f1ana de este jueves, en la ciudad de Pachuca, entregaron un reconocimiento por 40 a\u00f1os de servicio al maestro Celino Aguilar Salas.<\/p>\n\n\n\n<p>En el acto estuvieron presentes Atilano Rodr\u00edguez P\u00e9rez, secretario de Educaci\u00f3n P\u00fablica de Hidalgo (SEPH); el profesor Said Vargas S\u00e1enz, secretario general de la secci\u00f3n XV del SNTE y dem\u00e1s invitados especiales, quienes entregaron la condecoraci\u00f3n Altamirano y la medalla al m\u00e9rito.<\/p>\n\n\n\n<p>Las autoridades educativas reconocieron la destacada labor al servicio de la educaci\u00f3n, ya que sin su dedicaci\u00f3n y compromiso no habr\u00eda sido posible alcanzar los logros que distinguen a Hidalgo como referente nacional.<\/p>\n\n\n\n<figure class=\"wp-block-image size-large\"><img fetchpriority=\"high\" decoding=\"async\" width=\"768\" height=\"1024\" src=\"https:\/\/www.zunoticia.com\/noticias-de-hidalgo\/wp-content\/uploads\/2022\/09\/WhatsApp-Image-2022-09-01-at-4.08.03-PM-1-768x1024.jpeg\" alt=\"\" class=\"wp-image-442232\" srcset=\"https:\/\/www.zunoticia.com\/noticias-de-hidalgo\/wp-content\/uploads\/2022\/09\/WhatsApp-Image-2022-09-01-at-4.08.03-PM-1-768x1024.jpeg 768w, https:\/\/www.zunoticia.com\/noticias-de-hidalgo\/wp-content\/uploads\/2022\/09\/WhatsApp-Image-2022-09-01-at-4.08.03-PM-1-225x300.jpeg 225w, https:\/\/www.zunoticia.com\/noticias-de-hidalgo\/wp-content\/uploads\/2022\/09\/WhatsApp-Image-2022-09-01-at-4.08.03-PM-1-1152x1536.jpeg 1152w, https:\/\/www.zunoticia.com\/noticias-de-hidalgo\/wp-content\/uploads\/2022\/09\/WhatsApp-Image-2022-09-01-at-4.08.03-PM-1.jpeg 1200w\" sizes=\"(max-width: 768px) 100vw, 768px\" \/><figcaption><em>Condecoran por 40 a\u00f1os de servicio al maestro Celino Aguilar Salas.<\/em><\/figcaption><\/figure>\n\n\n\n<p>Por su parte, Celino Aguilar manifest\u00f3 &#8220;me siento muy contento, feliz, por el reconocimiento, pues cumplir 40 a\u00f1os de servicio no es nada f\u00e1cil y desde luego hubo muchas generaciones que se atendieron, ahora algunos ya son profesionistas&#8221;.<\/p>\n\n\n\n<p>Para finalizar, el maestro huasteco en educaci\u00f3n ind\u00edgena, dijo estar agradecido con Dios y sus padres quienes le dieron los estudios para lograr ser profesionista, aunque fue dif\u00edcil en aquellos tiempos porque era todo diferente y a su vez aprovech\u00f3 la ocasi\u00f3n para felicitar a los maestros que tambi\u00e9n fueron homenajeados.<\/p>\n","protected":false},"excerpt":{"rendered":"<p>Por Francisco Rosas\/Zunoticia Huejutla, Hgo. &#8211; En una ceremonia que se llev\u00f3 a cabo la ma\u00f1ana de este jueves, en la ciudad de Pachuca, entregaron un reconocimiento por 40 a\u00f1os de servicio al maestro Celino Aguilar Salas. En el acto estuvieron presentes Atilano Rodr\u00edguez P\u00e9rez, secretario de Educaci\u00f3n P\u00fablica de Hidalgo (SEPH); el profesor Said&hellip; <a class=\"more-link\" href=\"https:\/\/www.zunoticia.com\/noticias-de-hidalgo\/2022\/09\/01\/condecoran-por-40-anos-de-servicio-al-maestro-celino-aguilar-salas\/\">Seguir leyendo <span class=\"screen-reader-text\">Condecoran por 40 a\u00f1os de servicio al maestro Celino Aguilar Salas<\/span><\/a><\/p>\n","protected":false},"author":12,"featured_media":442231,"comment_status":"closed","ping_status":"open","sticky":false,"template":"","format":"standard","meta":{"rop_custom_images_group":[],"rop_custom_messages_group":[],"rop_publish_now":"initial","rop_publish_now_accounts":{"facebook_10159540855086992_322828327761733":""},"rop_publish_now_history":[],"rop_publish_now_status":"pending","footnotes":""},"categories":[181],"tags":[121],"class_list":["post-442230","post","type-post","status-publish","format-standard","has-post-thumbnail","hentry","category-huejutla","tag-huejutla","entry"],"_links":{"self":[{"href":"https:\/\/www.zunoticia.com\/noticias-de-hidalgo\/wp-json\/wp\/v2\/posts\/442230","targetHints":{"allow":["GET"]}}],"collection":[{"href":"https:\/\/www.zunoticia.com\/noticias-de-hidalgo\/wp-json\/wp\/v2\/posts"}],"about":[{"href":"https:\/\/www.zunoticia.com\/noticias-de-hidalgo\/wp-json\/wp\/v2\/types\/post"}],"author":[{"embeddable":true,"href":"https:\/\/www.zunoticia.com\/noticias-de-hidalgo\/wp-json\/wp\/v2\/users\/12"}],"replies":[{"embeddable":true,"href":"https:\/\/www.zunoticia.com\/noticias-de-hidalgo\/wp-json\/wp\/v2\/comments?post=442230"}],"version-history":[{"count":1,"href":"https:\/\/www.zunoticia.com\/noticias-de-hidalgo\/wp-json\/wp\/v2\/posts\/442230\/revisions"}],"predecessor-version":[{"id":442233,"href":"https:\/\/www.zunoticia.com\/noticias-de-hidalgo\/wp-json\/wp\/v2\/posts\/442230\/revisions\/442233"}],"wp:featuredmedia":[{"embeddable":true,"href":"https:\/\/www.zunoticia.com\/noticias-de-hidalgo\/wp-json\/wp\/v2\/media\/442231"}],"wp:attachment":[{"href":"https:\/\/www.zunoticia.com\/noticias-de-hidalgo\/wp-json\/wp\/v2\/media?parent=442230"}],"wp:term":[{"taxonomy":"category","embeddable":true,"href":"https:\/\/www.zunoticia.com\/noticias-de-hidalgo\/wp-json\/wp\/v2\/categories?post=442230"},{"taxonomy":"post_tag","embeddable":true,"href":"https:\/\/www.zunoticia.com\/noticias-de-hidalgo\/wp-json\/wp\/v2\/tags?post=442230"}],"curies":[{"name":"wp","href":"https:\/\/api.w.org\/{rel}","templated":true}]}}