{"id":442255,"date":"2022-09-01T17:23:23","date_gmt":"2022-09-01T22:23:23","guid":{"rendered":"https:\/\/www.zunoticia.com\/noticias-de-hidalgo\/?p=442255"},"modified":"2022-09-01T17:23:25","modified_gmt":"2022-09-01T22:23:25","slug":"aplicaron-vacuna-anti-covid-a-ninos-de-5-a-11-anos-de-edad","status":"publish","type":"post","link":"https:\/\/www.zunoticia.com\/noticias-de-hidalgo\/2022\/09\/01\/aplicaron-vacuna-anti-covid-a-ninos-de-5-a-11-anos-de-edad\/","title":{"rendered":"Aplicaron vacuna anti Covid a ni\u00f1os de 5 a 11 a\u00f1os de edad"},"content":{"rendered":"<aside class=\"mashsb-container mashsb-main mashsb-stretched\"><div class=\"mashsb-box\"><div class=\"mashsb-count mash-large\" style=\"float:left\"><div class=\"counts mashsbcount\">54<\/div><span class=\"mashsb-sharetext\">SHARES<\/span><\/div><div class=\"mashsb-buttons\"><a class=\"mashicon-facebook mash-large mash-center mashsb-noshadow\" href=\"https:\/\/www.facebook.com\/sharer.php?u=https%3A%2F%2Fwww.zunoticia.com%2Fnoticias-de-hidalgo%2F2022%2F09%2F01%2Faplicaron-vacuna-anti-covid-a-ninos-de-5-a-11-anos-de-edad%2F\" target=\"_top\" rel=\"nofollow\"><span class=\"icon\"><\/span><span class=\"text\">Share<\/span><\/a><a class=\"mashicon-twitter mash-large mash-center mashsb-noshadow\" href=\"https:\/\/twitter.com\/intent\/tweet?text=&amp;url=https:\/\/www.zunoticia.com\/noticias-de-hidalgo\/2022\/09\/01\/aplicaron-vacuna-anti-covid-a-ninos-de-5-a-11-anos-de-edad\/\" target=\"_top\" rel=\"nofollow\"><span class=\"icon\"><\/span><span class=\"text\">Tweet<\/span><\/a><div class=\"onoffswitch2 mash-large mashsb-noshadow\" style=\"display:none\"><\/div><\/div>\n            <\/div>\n                <div style=\"clear:both\"><\/div><div class=\"mashsb-toggle-container\"><\/div><\/aside>\n            <!-- Share buttons by mashshare.net - Version: 4.0.47-->\n<p><em>Por Roberto Meza\/Zunoticia<\/em><\/p>\n\n\n\n<p><strong>Yahualica, Hgo. &#8211;<\/strong>&nbsp; Ni\u00f1os de 5 a 11 a\u00f1os de edad, acudieron a recibir la vacuna contra el Covid 19, en las diversas sedes del municipio, de la jornada de vacunaci\u00f3n para los ni\u00f1os; en esta campa\u00f1a participan personal m\u00e9dico del centro de salud, Protecci\u00f3n civil y Polic\u00edas Municipales en los filtros sanitizantes.<\/p>\n\n\n\n<p>Con una asistencia numerosa, madres de familia con sus hijos que se dieron cita desde muy temprano, se inici\u00f3 con esta actividad para ese grupo de edad, que con toda la confianza y la actitud formaron largas filas esperando ser inmunizados, pues consideran que es muy importante protegerse y proteger a sus seres queridos.<\/p>\n\n\n\n<figure class=\"wp-block-image size-full\"><img fetchpriority=\"high\" decoding=\"async\" width=\"720\" height=\"428\" src=\"https:\/\/www.zunoticia.com\/noticias-de-hidalgo\/wp-content\/uploads\/2022\/09\/WhatsApp-Image-2022-09-01-at-5.13.39-PM-2.jpeg\" alt=\"\" class=\"wp-image-442256\" srcset=\"https:\/\/www.zunoticia.com\/noticias-de-hidalgo\/wp-content\/uploads\/2022\/09\/WhatsApp-Image-2022-09-01-at-5.13.39-PM-2.jpeg 720w, https:\/\/www.zunoticia.com\/noticias-de-hidalgo\/wp-content\/uploads\/2022\/09\/WhatsApp-Image-2022-09-01-at-5.13.39-PM-2-300x178.jpeg 300w\" sizes=\"(max-width: 720px) 100vw, 720px\" \/><figcaption><em>Ni\u00f1os se aplicaron la primera dosis de la vacuna contra el Covid.<\/em><\/figcaption><\/figure>\n\n\n\n<p>El personal m\u00e9dico y encargados de la Secretar\u00eda de programas sociales Bienestar se\u00f1alan que, es de suma importancia la participaci\u00f3n de los padres de familia y sus hijos, no solo por el bienestar de ellos sino de toda la ciudadan\u00eda, en la cabecera y sedes de las comunidades fueron atendidos todos los ni\u00f1os de estas edades.<\/p>\n","protected":false},"excerpt":{"rendered":"<p>Por Roberto Meza\/Zunoticia Yahualica, Hgo. &#8211;&nbsp; Ni\u00f1os de 5 a 11 a\u00f1os de edad, acudieron a recibir la vacuna contra el Covid 19, en las diversas sedes del municipio, de la jornada de vacunaci\u00f3n para los ni\u00f1os; en esta campa\u00f1a participan personal m\u00e9dico del centro de salud, Protecci\u00f3n civil y Polic\u00edas Municipales en los filtros&hellip; <a class=\"more-link\" href=\"https:\/\/www.zunoticia.com\/noticias-de-hidalgo\/2022\/09\/01\/aplicaron-vacuna-anti-covid-a-ninos-de-5-a-11-anos-de-edad\/\">Seguir leyendo <span class=\"screen-reader-text\">Aplicaron vacuna anti Covid a ni\u00f1os de 5 a 11 a\u00f1os de edad<\/span><\/a><\/p>\n","protected":false},"author":12,"featured_media":442257,"comment_status":"closed","ping_status":"open","sticky":false,"template":"","format":"standard","meta":{"rop_custom_images_group":[],"rop_custom_messages_group":[],"rop_publish_now":"initial","rop_publish_now_accounts":{"facebook_10159540855086992_322828327761733":""},"rop_publish_now_history":[],"rop_publish_now_status":"pending","footnotes":""},"categories":[179,203],"tags":[123],"class_list":["post-442255","post","type-post","status-publish","format-standard","has-post-thumbnail","hentry","category-huasteca","category-yahualica","tag-yahualica","entry"],"_links":{"self":[{"href":"https:\/\/www.zunoticia.com\/noticias-de-hidalgo\/wp-json\/wp\/v2\/posts\/442255","targetHints":{"allow":["GET"]}}],"collection":[{"href":"https:\/\/www.zunoticia.com\/noticias-de-hidalgo\/wp-json\/wp\/v2\/posts"}],"about":[{"href":"https:\/\/www.zunoticia.com\/noticias-de-hidalgo\/wp-json\/wp\/v2\/types\/post"}],"author":[{"embeddable":true,"href":"https:\/\/www.zunoticia.com\/noticias-de-hidalgo\/wp-json\/wp\/v2\/users\/12"}],"replies":[{"embeddable":true,"href":"https:\/\/www.zunoticia.com\/noticias-de-hidalgo\/wp-json\/wp\/v2\/comments?post=442255"}],"version-history":[{"count":1,"href":"https:\/\/www.zunoticia.com\/noticias-de-hidalgo\/wp-json\/wp\/v2\/posts\/442255\/revisions"}],"predecessor-version":[{"id":442258,"href":"https:\/\/www.zunoticia.com\/noticias-de-hidalgo\/wp-json\/wp\/v2\/posts\/442255\/revisions\/442258"}],"wp:featuredmedia":[{"embeddable":true,"href":"https:\/\/www.zunoticia.com\/noticias-de-hidalgo\/wp-json\/wp\/v2\/media\/442257"}],"wp:attachment":[{"href":"https:\/\/www.zunoticia.com\/noticias-de-hidalgo\/wp-json\/wp\/v2\/media?parent=442255"}],"wp:term":[{"taxonomy":"category","embeddable":true,"href":"https:\/\/www.zunoticia.com\/noticias-de-hidalgo\/wp-json\/wp\/v2\/categories?post=442255"},{"taxonomy":"post_tag","embeddable":true,"href":"https:\/\/www.zunoticia.com\/noticias-de-hidalgo\/wp-json\/wp\/v2\/tags?post=442255"}],"curies":[{"name":"wp","href":"https:\/\/api.w.org\/{rel}","templated":true}]}}